{"id":14477,"date":"2026-04-04T16:55:32","date_gmt":"2026-04-04T15:55:32","guid":{"rendered":"https:\/\/lamarina.bj\/?p=14477"},"modified":"2026-04-04T17:12:46","modified_gmt":"2026-04-04T16:12:46","slug":"lafrique-peut-elle-vraiment-oublier-la-democratie","status":"publish","type":"post","link":"https:\/\/lamarina.bj\/index.php\/2026\/04\/04\/lafrique-peut-elle-vraiment-oublier-la-democratie\/","title":{"rendered":"L&rsquo;Afrique peut-elle vraiment \u00ab oublier \u00bb la d\u00e9mocratie ?"},"content":{"rendered":"\n<p><mark style=\"background-color:rgba(0, 0, 0, 0)\" class=\"has-inline-color has-red-color\"><strong>Opinion, La Marina BJ<\/strong><\/mark> \u2014<strong> <em>L&rsquo;onde de choc est partie de Ouagadougou, mais ses \u00e9chos font vibrer tout le continent. Le 2 avril 2026, lors d&rsquo;un entretien \u00e0 la t\u00e9l\u00e9vision d&rsquo;\u00c9tat, le capitaine Ibrahim Traor\u00e9 a jet\u00e9 un pav\u00e9 dans la mare des certitudes diplomatiques : \u00ab La d\u00e9mocratie n&rsquo;est pas pour nous \u00bb, a-t-il affirm\u00e9, invitant ses concitoyens \u00e0 \u00ab oublier \u00bb un mod\u00e8le qu&rsquo;il juge mortif\u00e8re. Ce n&rsquo;est plus une simple suspension de calendrier \u00e9lectoral ; c&rsquo;est un proc\u00e8s en ill\u00e9gitimit\u00e9 intent\u00e9 contre le syst\u00e8me repr\u00e9sentatif lui-m\u00eame.<\/em><\/strong><\/p>\n\n\n\n<p>Mais au-del\u00e0 de la rh\u00e9torique r\u00e9volutionnaire, une question de fond s&rsquo;impose \u00e0 l&rsquo;intelligence collective du continent : l&rsquo;Afrique peut-elle, ou doit-elle, r\u00e9ellement faire le deuil de la d\u00e9mocratie ?<\/p>\n\n\n\n<h2 id=\"le-proces-dun-modele\" class=\"wp-block-heading\"><mark style=\"background-color:rgba(0, 0, 0, 0)\" class=\"has-inline-color has-red-color\">Le proc\u00e8s d&rsquo;un mod\u00e8le<\/mark><\/h2>\n\n\n\n<p>L&rsquo;argument du chef de l&rsquo;\u00c9tat burkinab\u00e8 repose sur un constat que beaucoup d&rsquo;intellectuels africains partagent, bien que pour des raisons diff\u00e9rentes : la d\u00e9connexion entre des institutions calqu\u00e9es sur le mod\u00e8le occidental et les r\u00e9alit\u00e9s sociologiques locales. Pour une population meurtrie par une d\u00e9cennie de terrorisme, l&rsquo;argument de la survie avant l&rsquo;urne poss\u00e8de une r\u00e9sonance pragmatique ind\u00e9niable.<\/p>\n\n\n\n<p>Mais la r\u00e9f\u00e9rence libyenne que convoque Traor\u00e9 m\u00e9rite d&rsquo;\u00eatre retourn\u00e9e contre lui. Le capitaine cite Kadhafi pour \u00e9voquer un \u00c9tat redistributeur, logement, \u00e9ducation, sant\u00e9\u2026 Il oublie de mentionner l&rsquo;autre face : quatre d\u00e9cennies de r\u00e9pression, l&rsquo;absence totale de contre-pouvoir, et surtout ce qu&rsquo;advient un \u00c9tat sans institutions lorsque le chef dispara\u00eet. Depuis 2011, la Libye est fragment\u00e9e entre deux administrations rivales et une constellation de groupes arm\u00e9s, incapable d&rsquo;organiser des \u00e9lections, incapable de se gouverner elle-m\u00eame. Le \u00ab\u00a0mod\u00e8le libyen\u00a0\u00bb que Traor\u00e9 convoque est pr\u00e9cis\u00e9ment la d\u00e9monstration de ce qu&rsquo;une gouvernance sans institutions durables produit \u00e0 terme. C&rsquo;est l&rsquo;argument le plus d\u00e9vastateur contre sa propre th\u00e8se \u2014 et il ne le voit pas, ou feint de ne pas le voir.<\/p>\n\n\n\n<p>L&rsquo;interdiction des partis politiques en janvier dernier marque ainsi la fin d&rsquo;une \u00e8re : celle de la m\u00e9diation partisane, jug\u00e9e budg\u00e9tivore et source de divisions. Mais elle ne marque pas le d\u00e9but d&rsquo;un projet alternatif clairement articul\u00e9. Traor\u00e9 n&rsquo;a propos\u00e9 aucune architecture institutionnelle de substitution. Il a nomm\u00e9 un vide, pas un mod\u00e8le.<\/p>\n\n\n\n<h2 id=\"lillusion-du-vide-politique\" class=\"wp-block-heading\"><mark style=\"background-color:rgba(0, 0, 0, 0)\" class=\"has-inline-color has-red-color\">L&rsquo;illusion du vide politique<\/mark><\/h2>\n\n\n\n<p>L&rsquo;histoire enseigne que l&rsquo;on n&rsquo;oublie pas la politique, on la transforme, ou elle se venge. En demandant d&rsquo;effacer la d\u00e9mocratie, le pouvoir de transition soul\u00e8ve un d\u00e9fi immense : par quoi la remplacer ? Si le pluralisme est \u00e9vinc\u00e9, quelle instance servira de soupape aux m\u00e9contentements sociaux in\u00e9vitables ? Quelle structure permettra de corriger les erreurs de l&rsquo;ex\u00e9cutif sans recourir \u00e0 un nouveau coup de force ? L&rsquo;exp\u00e9rience africaine des ann\u00e9es 1970 et 1980 a tranch\u00e9 cette question dans la douleur : l&rsquo;absence de m\u00e9canismes de contre-pouvoir fragilise pr\u00e9cis\u00e9ment l&rsquo;\u00c9tat qu&rsquo;on pr\u00e9tendait reconstruire. La d\u00e9mocratie n&rsquo;est pas qu&rsquo;un bulletin de vote ; c&rsquo;est un syst\u00e8me de responsabilit\u00e9 qui prot\u00e8ge l&rsquo;administration contre l&rsquo;arbitraire du chef autant que les citoyens contre les abus de l&rsquo;\u00c9tat. Supprimer l&rsquo;une sans construire l&rsquo;autre, c&rsquo;est ouvrir un espace que comblent toujours, t\u00f4t ou tard, soit la r\u00e9pression, soit le chaos.<\/p>\n\n\n\n<p>Le cas du Burkina Faso ne s&rsquo;analyse pas en vase clos. Il s&rsquo;inscrit dans le mouvement de fond port\u00e9 par l&rsquo;Alliance des \u00c9tats du Sahel \u2014 Mali, Niger, Burkina \u2014 o\u00f9 la souverainet\u00e9 est devenue le mot d&rsquo;ordre absolu et la rupture avec les normes institutionnelles h\u00e9rit\u00e9es de la d\u00e9colonisation, une posture revendiqu\u00e9e. Ce que le capitaine Traor\u00e9 exprime, c&rsquo;est la lassitude d&rsquo;une g\u00e9n\u00e9ration qui per\u00e7oit dans les conditionnalit\u00e9s internationales des instruments d&rsquo;ing\u00e9rence davantage que des outils d&rsquo;\u00e9mancipation. Ce sentiment est r\u00e9el. Il serait intellectuellement malhonn\u00eate de le r\u00e9duire \u00e0 de la propagande.<\/p>\n\n\n\n<p>Mais l&rsquo;objectivit\u00e9 impose d&rsquo;en pointer le paradoxe central : peut-on construire une souverainet\u00e9 durable sans la participation libre et critique des citoyens ? Si la d\u00e9mocratie lib\u00e9rale \u00ab\u00a0tue\u00a0\u00bb par son inadaptation, l&rsquo;unanimisme politique scl\u00e9rose les \u00e9nergies cr\u00e9atrices qu&rsquo;une nation en reconstruction ne peut se permettre de perdre. Le Burkina Faso d&rsquo;aujourd&rsquo;hui, avec sa presse musel\u00e9e, ses ONG expuls\u00e9es et ses partis dissous par d\u00e9cret, ne ressemble pas \u00e0 un chantier de refondation souveraine. Il ressemble \u00e0 un \u00c9tat qui referme ses fen\u00eatres au moment o\u00f9 il en aurait le plus besoin.<\/p>\n\n\n\n<h2 id=\"un-exemple-a-mediter\" class=\"wp-block-heading\"><mark style=\"background-color:rgba(0, 0, 0, 0)\" class=\"has-inline-color has-red-color\">Un exemple \u00e0 m\u00e9diter<\/mark><\/h2>\n\n\n\n<p>Il est un pr\u00e9c\u00e9dent que les juntes sah\u00e9liennes contournent soigneusement dans leur r\u00e9cit : celui de la Conf\u00e9rence nationale souveraine du B\u00e9nin, en f\u00e9vrier 1990. Dans un contexte de faillite \u00e9conomique et d&rsquo;\u00e9puisement du mod\u00e8le marxiste-l\u00e9niniste du r\u00e9gime K\u00e9r\u00e9kou, le B\u00e9nin n&rsquo;a pas \u00ab\u00a0oubli\u00e9\u00a0\u00bb la d\u00e9mocratie \u2014 il l&rsquo;a invent\u00e9e \u00e0 sa mani\u00e8re, en convoquant l&rsquo;ensemble des forces vives de la nation pour n\u00e9gocier une transition sans effusion de sang. Ce mod\u00e8le, salu\u00e9 sur l&rsquo;ensemble du continent, est n\u00e9 non pas d&rsquo;une injonction occidentale mais d&rsquo;une intelligence politique proprement b\u00e9ninoise et africaine.<\/p>\n\n\n\n<p>C&rsquo;est cet h\u00e9ritage que le discours de Traor\u00e9 efface implicitement lorsqu&rsquo;il pr\u00e9sente la d\u00e9mocratie comme une greffe \u00e9trang\u00e8re. L&rsquo;aspiration \u00e0 la d\u00e9lib\u00e9ration collective, \u00e0 la limitation du pouvoir, \u00e0 la reddition des comptes n&rsquo;est pas un produit d&rsquo;exportation europ\u00e9en \u2014 elle a des racines dans les traditions politiques africaines, et une histoire contemporaine que le B\u00e9nin a contribu\u00e9 \u00e0 \u00e9crire.<\/p>\n\n\n\n<p>Le Burkina Faso, tout comme le reste de l&rsquo;Afrique, ne peuvent pas \u00ab oublier \u00bb la d\u00e9mocratie, parce que ce qu&rsquo;on nomme ainsi n&rsquo;est pas une id\u00e9ologie import\u00e9e mais un ensemble de garanties contre l&rsquo;arbitraire \u2014 des garanties dont les populations sah\u00e9liennes ont cruellement besoin aujourd&rsquo;hui. En revanche, elle est manifestement en train d&rsquo;en rejeter la forme actuelle, souvent avec des raisons l\u00e9gitimes.<\/p>\n\n\n\n<p>Le d\u00e9fi n&rsquo;est donc pas de choisir entre le bulletin de vote et la kalachnikov. Il est de savoir si le continent saura enfin accoucher d&rsquo;un mod\u00e8le qui ne soit ni une copie servile, ni un retour vers l&rsquo;autoritarisme habill\u00e9 en souveranisme. L&rsquo;exp\u00e9rience burkinab\u00e8 r\u00e9pondra \u00e0 cette question \u2014 mais \u00e0 ce stade, les signaux qu&rsquo;elle envoie sont davantage ceux d&rsquo;une fermeture que d&rsquo;une refondation.<\/p>\n\n\n\n<p><\/p>\n\n\n\n<p><\/p>\n","protected":false},"excerpt":{"rendered":"Opinion, La Marina BJ \u2014 L&rsquo;onde de choc est partie de Ouagadougou, mais ses \u00e9chos font vibrer tout&hellip;\n","protected":false},"author":6,"featured_media":14478,"comment_status":"open","ping_status":"open","sticky":false,"template":"elementor_theme","format":"standard","meta":{"csco_singular_sidebar":"","csco_page_header_type":"standard","csco_appearance_masonry":"","csco_page_load_nextpost":"","csco_post_video_location":[],"csco_post_video_location_hash":"","csco_post_video_url":"","csco_post_video_bg_start_time":0,"csco_post_video_bg_end_time":0,"footnotes":""},"categories":[71,1001],"tags":[55,41,280],"class_list":{"0":"post-14477","1":"post","2":"type-post","3":"status-publish","4":"format-standard","5":"has-post-thumbnail","7":"category-international","8":"category-opinions","9":"tag-afrique","10":"tag-benin","11":"tag-burkina-faso","12":"cs-entry","13":"cs-video-wrap"},"yoast_head":"<!-- This site is optimized with the Yoast SEO plugin v27.4 - https:\/\/yoast.com\/product\/yoast-seo-wordpress\/ -->\n<title>L&#039;Afrique peut-elle vraiment \u00ab oublier \u00bb la d\u00e9mocratie ? - LA MARINA BJ<\/title>\n<meta name=\"description\" content=\"L&#039;onde de choc est partie de Ouagadougou, mais ses \u00e9chos font vibrer tout le continent. Le 2 avril 2026, lors d&#039;un entretien \u00e0 la t\u00e9l\u00e9vision d&#039;\u00c9tat, le capitaine Ibrahim Traor\u00e9 a jet\u00e9 un pav\u00e9 dans la mare des certitudes diplomatiques : \u00ab La d\u00e9mocratie n&#039;est pas pour nous \u00bb, a-t-il affirm\u00e9, invitant ses concitoyens \u00e0 \u00ab oublier \u00bb un mod\u00e8le qu&#039;il juge mortif\u00e8re. Ce n&#039;est plus une simple suspension de calendrier \u00e9lectoral ; c&#039;est un proc\u00e8s en ill\u00e9gitimit\u00e9 intent\u00e9 contre le syst\u00e8me repr\u00e9sentatif lui-m\u00eame.\" \/>\n<meta name=\"robots\" content=\"index, follow, max-snippet:-1, max-image-preview:large, max-video-preview:-1\" \/>\n<link rel=\"canonical\" href=\"https:\/\/lamarina.bj\/index.php\/2026\/04\/04\/lafrique-peut-elle-vraiment-oublier-la-democratie\/\" \/>\n<meta property=\"og:locale\" content=\"fr_FR\" \/>\n<meta property=\"og:type\" content=\"article\" \/>\n<meta property=\"og:title\" content=\"L&#039;Afrique peut-elle vraiment \u00ab oublier \u00bb la d\u00e9mocratie ? - LA MARINA BJ\" \/>\n<meta property=\"og:description\" content=\"L&#039;onde de choc est partie de Ouagadougou, mais ses \u00e9chos font vibrer tout le continent. Le 2 avril 2026, lors d&#039;un entretien \u00e0 la t\u00e9l\u00e9vision d&#039;\u00c9tat, le capitaine Ibrahim Traor\u00e9 a jet\u00e9 un pav\u00e9 dans la mare des certitudes diplomatiques : \u00ab La d\u00e9mocratie n&#039;est pas pour nous \u00bb, a-t-il affirm\u00e9, invitant ses concitoyens \u00e0 \u00ab oublier \u00bb un mod\u00e8le qu&#039;il juge mortif\u00e8re. Ce n&#039;est plus une simple suspension de calendrier \u00e9lectoral ; c&#039;est un proc\u00e8s en ill\u00e9gitimit\u00e9 intent\u00e9 contre le syst\u00e8me repr\u00e9sentatif lui-m\u00eame.\" \/>\n<meta property=\"og:url\" content=\"https:\/\/lamarina.bj\/index.php\/2026\/04\/04\/lafrique-peut-elle-vraiment-oublier-la-democratie\/\" \/>\n<meta property=\"og:site_name\" content=\"LA MARINA BJ\" \/>\n<meta property=\"article:published_time\" content=\"2026-04-04T15:55:32+00:00\" \/>\n<meta property=\"article:modified_time\" content=\"2026-04-04T16:12:46+00:00\" \/>\n<meta property=\"og:image\" content=\"https:\/\/lamarina.bj\/wp-content\/uploads\/2026\/04\/1775317588539.jpg\" \/>\n\t<meta property=\"og:image:width\" content=\"1024\" \/>\n\t<meta property=\"og:image:height\" content=\"1024\" \/>\n\t<meta property=\"og:image:type\" content=\"image\/jpeg\" \/>\n<meta name=\"author\" content=\"LA R\u00c9DACTION\" \/>\n<meta name=\"twitter:card\" content=\"summary_large_image\" \/>\n<meta name=\"twitter:label1\" content=\"\u00c9crit par\" \/>\n\t<meta name=\"twitter:data1\" content=\"LA R\u00c9DACTION\" \/>\n\t<meta name=\"twitter:label2\" content=\"Dur\u00e9e de lecture estim\u00e9e\" \/>\n\t<meta name=\"twitter:data2\" content=\"6 minutes\" \/>\n<script type=\"application\/ld+json\" class=\"yoast-schema-graph\">{\"@context\":\"https:\\\/\\\/schema.org\",\"@graph\":[{\"@type\":\"NewsArticle\",\"@id\":\"https:\\\/\\\/lamarina.bj\\\/index.php\\\/2026\\\/04\\\/04\\\/lafrique-peut-elle-vraiment-oublier-la-democratie\\\/#article\",\"isPartOf\":{\"@id\":\"https:\\\/\\\/lamarina.bj\\\/index.php\\\/2026\\\/04\\\/04\\\/lafrique-peut-elle-vraiment-oublier-la-democratie\\\/\"},\"author\":{\"name\":\"LA R\u00c9DACTION\",\"@id\":\"https:\\\/\\\/lamarina.bj\\\/#\\\/schema\\\/person\\\/f77b81161cb1ee51110876baf9a39c43\"},\"headline\":\"L&rsquo;Afrique peut-elle vraiment \u00ab oublier \u00bb la d\u00e9mocratie ?\",\"datePublished\":\"2026-04-04T15:55:32+00:00\",\"dateModified\":\"2026-04-04T16:12:46+00:00\",\"mainEntityOfPage\":{\"@id\":\"https:\\\/\\\/lamarina.bj\\\/index.php\\\/2026\\\/04\\\/04\\\/lafrique-peut-elle-vraiment-oublier-la-democratie\\\/\"},\"wordCount\":1130,\"commentCount\":0,\"image\":{\"@id\":\"https:\\\/\\\/lamarina.bj\\\/index.php\\\/2026\\\/04\\\/04\\\/lafrique-peut-elle-vraiment-oublier-la-democratie\\\/#primaryimage\"},\"thumbnailUrl\":\"https:\\\/\\\/lamarina.bj\\\/wp-content\\\/uploads\\\/2026\\\/04\\\/1775317588539.jpg\",\"keywords\":[\"Afrique\",\"B\u00e9nin\",\"Burkina Faso\"],\"articleSection\":[\"INTERNATIONAL\",\"OPINIONS\"],\"inLanguage\":\"fr-FR\",\"potentialAction\":[{\"@type\":\"CommentAction\",\"name\":\"Comment\",\"target\":[\"https:\\\/\\\/lamarina.bj\\\/index.php\\\/2026\\\/04\\\/04\\\/lafrique-peut-elle-vraiment-oublier-la-democratie\\\/#respond\"]}]},{\"@type\":[\"WebPage\",\"SearchResultsPage\"],\"@id\":\"https:\\\/\\\/lamarina.bj\\\/index.php\\\/2026\\\/04\\\/04\\\/lafrique-peut-elle-vraiment-oublier-la-democratie\\\/\",\"url\":\"https:\\\/\\\/lamarina.bj\\\/index.php\\\/2026\\\/04\\\/04\\\/lafrique-peut-elle-vraiment-oublier-la-democratie\\\/\",\"name\":\"L'Afrique peut-elle vraiment \u00ab oublier \u00bb la d\u00e9mocratie ? - LA MARINA BJ\",\"isPartOf\":{\"@id\":\"https:\\\/\\\/lamarina.bj\\\/#website\"},\"primaryImageOfPage\":{\"@id\":\"https:\\\/\\\/lamarina.bj\\\/index.php\\\/2026\\\/04\\\/04\\\/lafrique-peut-elle-vraiment-oublier-la-democratie\\\/#primaryimage\"},\"image\":{\"@id\":\"https:\\\/\\\/lamarina.bj\\\/index.php\\\/2026\\\/04\\\/04\\\/lafrique-peut-elle-vraiment-oublier-la-democratie\\\/#primaryimage\"},\"thumbnailUrl\":\"https:\\\/\\\/lamarina.bj\\\/wp-content\\\/uploads\\\/2026\\\/04\\\/1775317588539.jpg\",\"datePublished\":\"2026-04-04T15:55:32+00:00\",\"dateModified\":\"2026-04-04T16:12:46+00:00\",\"author\":{\"@id\":\"https:\\\/\\\/lamarina.bj\\\/#\\\/schema\\\/person\\\/f77b81161cb1ee51110876baf9a39c43\"},\"description\":\"L'onde de choc est partie de Ouagadougou, mais ses \u00e9chos font vibrer tout le continent. Le 2 avril 2026, lors d'un entretien \u00e0 la t\u00e9l\u00e9vision d'\u00c9tat, le capitaine Ibrahim Traor\u00e9 a jet\u00e9 un pav\u00e9 dans la mare des certitudes diplomatiques : \u00ab La d\u00e9mocratie n'est pas pour nous \u00bb, a-t-il affirm\u00e9, invitant ses concitoyens \u00e0 \u00ab oublier \u00bb un mod\u00e8le qu'il juge mortif\u00e8re. Ce n'est plus une simple suspension de calendrier \u00e9lectoral ; c'est un proc\u00e8s en ill\u00e9gitimit\u00e9 intent\u00e9 contre le syst\u00e8me repr\u00e9sentatif lui-m\u00eame.\",\"breadcrumb\":{\"@id\":\"https:\\\/\\\/lamarina.bj\\\/index.php\\\/2026\\\/04\\\/04\\\/lafrique-peut-elle-vraiment-oublier-la-democratie\\\/#breadcrumb\"},\"inLanguage\":\"fr-FR\",\"potentialAction\":[{\"@type\":\"ReadAction\",\"target\":[\"https:\\\/\\\/lamarina.bj\\\/index.php\\\/2026\\\/04\\\/04\\\/lafrique-peut-elle-vraiment-oublier-la-democratie\\\/\"]}]},{\"@type\":\"ImageObject\",\"inLanguage\":\"fr-FR\",\"@id\":\"https:\\\/\\\/lamarina.bj\\\/index.php\\\/2026\\\/04\\\/04\\\/lafrique-peut-elle-vraiment-oublier-la-democratie\\\/#primaryimage\",\"url\":\"https:\\\/\\\/lamarina.bj\\\/wp-content\\\/uploads\\\/2026\\\/04\\\/1775317588539.jpg\",\"contentUrl\":\"https:\\\/\\\/lamarina.bj\\\/wp-content\\\/uploads\\\/2026\\\/04\\\/1775317588539.jpg\",\"width\":1024,\"height\":1024},{\"@type\":\"BreadcrumbList\",\"@id\":\"https:\\\/\\\/lamarina.bj\\\/index.php\\\/2026\\\/04\\\/04\\\/lafrique-peut-elle-vraiment-oublier-la-democratie\\\/#breadcrumb\",\"itemListElement\":[{\"@type\":\"ListItem\",\"position\":1,\"name\":\"Accueil\",\"item\":\"https:\\\/\\\/darkslategrey-quetzal-980263.hostingersite.com\\\/\"},{\"@type\":\"ListItem\",\"position\":2,\"name\":\"L&rsquo;Afrique peut-elle vraiment \u00ab oublier \u00bb la d\u00e9mocratie ?\"}]},{\"@type\":\"WebSite\",\"@id\":\"https:\\\/\\\/lamarina.bj\\\/#website\",\"url\":\"https:\\\/\\\/lamarina.bj\\\/\",\"name\":\"LA MARINA BJ\",\"description\":\"Votre portail vers l&#039;information strat\u00e9gique au B\u00e9nin, en Afrique et au-del\u00e0\",\"potentialAction\":[{\"@type\":\"SearchAction\",\"target\":{\"@type\":\"EntryPoint\",\"urlTemplate\":\"https:\\\/\\\/lamarina.bj\\\/?s={search_term_string}\"},\"query-input\":{\"@type\":\"PropertyValueSpecification\",\"valueRequired\":true,\"valueName\":\"search_term_string\"}}],\"inLanguage\":\"fr-FR\"},{\"@type\":\"Person\",\"@id\":\"https:\\\/\\\/lamarina.bj\\\/#\\\/schema\\\/person\\\/f77b81161cb1ee51110876baf9a39c43\",\"name\":\"LA R\u00c9DACTION\",\"image\":{\"@type\":\"ImageObject\",\"inLanguage\":\"fr-FR\",\"@id\":\"https:\\\/\\\/secure.gravatar.com\\\/avatar\\\/8967838953cdf6b5c5d35b5df91334ec99a422d61a21b18770b3bec48535c5ef?s=96&d=mm&r=g\",\"url\":\"https:\\\/\\\/secure.gravatar.com\\\/avatar\\\/8967838953cdf6b5c5d35b5df91334ec99a422d61a21b18770b3bec48535c5ef?s=96&d=mm&r=g\",\"contentUrl\":\"https:\\\/\\\/secure.gravatar.com\\\/avatar\\\/8967838953cdf6b5c5d35b5df91334ec99a422d61a21b18770b3bec48535c5ef?s=96&d=mm&r=g\",\"caption\":\"LA R\u00c9DACTION\"},\"url\":\"https:\\\/\\\/lamarina.bj\\\/index.php\\\/author\\\/la-redaction\\\/\"}]}<\/script>\n<!-- \/ Yoast SEO plugin. -->","yoast_head_json":{"title":"L'Afrique peut-elle vraiment \u00ab oublier \u00bb la d\u00e9mocratie ? - LA MARINA BJ","description":"L'onde de choc est partie de Ouagadougou, mais ses \u00e9chos font vibrer tout le continent. Le 2 avril 2026, lors d'un entretien \u00e0 la t\u00e9l\u00e9vision d'\u00c9tat, le capitaine Ibrahim Traor\u00e9 a jet\u00e9 un pav\u00e9 dans la mare des certitudes diplomatiques : \u00ab La d\u00e9mocratie n'est pas pour nous \u00bb, a-t-il affirm\u00e9, invitant ses concitoyens \u00e0 \u00ab oublier \u00bb un mod\u00e8le qu'il juge mortif\u00e8re. Ce n'est plus une simple suspension de calendrier \u00e9lectoral ; c'est un proc\u00e8s en ill\u00e9gitimit\u00e9 intent\u00e9 contre le syst\u00e8me repr\u00e9sentatif lui-m\u00eame.","robots":{"index":"index","follow":"follow","max-snippet":"max-snippet:-1","max-image-preview":"max-image-preview:large","max-video-preview":"max-video-preview:-1"},"canonical":"https:\/\/lamarina.bj\/index.php\/2026\/04\/04\/lafrique-peut-elle-vraiment-oublier-la-democratie\/","og_locale":"fr_FR","og_type":"article","og_title":"L'Afrique peut-elle vraiment \u00ab oublier \u00bb la d\u00e9mocratie ? - LA MARINA BJ","og_description":"L'onde de choc est partie de Ouagadougou, mais ses \u00e9chos font vibrer tout le continent. Le 2 avril 2026, lors d'un entretien \u00e0 la t\u00e9l\u00e9vision d'\u00c9tat, le capitaine Ibrahim Traor\u00e9 a jet\u00e9 un pav\u00e9 dans la mare des certitudes diplomatiques : \u00ab La d\u00e9mocratie n'est pas pour nous \u00bb, a-t-il affirm\u00e9, invitant ses concitoyens \u00e0 \u00ab oublier \u00bb un mod\u00e8le qu'il juge mortif\u00e8re. Ce n'est plus une simple suspension de calendrier \u00e9lectoral ; c'est un proc\u00e8s en ill\u00e9gitimit\u00e9 intent\u00e9 contre le syst\u00e8me repr\u00e9sentatif lui-m\u00eame.","og_url":"https:\/\/lamarina.bj\/index.php\/2026\/04\/04\/lafrique-peut-elle-vraiment-oublier-la-democratie\/","og_site_name":"LA MARINA BJ","article_published_time":"2026-04-04T15:55:32+00:00","article_modified_time":"2026-04-04T16:12:46+00:00","og_image":[{"width":1024,"height":1024,"url":"https:\/\/lamarina.bj\/wp-content\/uploads\/2026\/04\/1775317588539.jpg","type":"image\/jpeg"}],"author":"LA R\u00c9DACTION","twitter_card":"summary_large_image","twitter_misc":{"\u00c9crit par":"LA R\u00c9DACTION","Dur\u00e9e de lecture estim\u00e9e":"6 minutes"},"schema":{"@context":"https:\/\/schema.org","@graph":[{"@type":"NewsArticle","@id":"https:\/\/lamarina.bj\/index.php\/2026\/04\/04\/lafrique-peut-elle-vraiment-oublier-la-democratie\/#article","isPartOf":{"@id":"https:\/\/lamarina.bj\/index.php\/2026\/04\/04\/lafrique-peut-elle-vraiment-oublier-la-democratie\/"},"author":{"name":"LA R\u00c9DACTION","@id":"https:\/\/lamarina.bj\/#\/schema\/person\/f77b81161cb1ee51110876baf9a39c43"},"headline":"L&rsquo;Afrique peut-elle vraiment \u00ab oublier \u00bb la d\u00e9mocratie ?","datePublished":"2026-04-04T15:55:32+00:00","dateModified":"2026-04-04T16:12:46+00:00","mainEntityOfPage":{"@id":"https:\/\/lamarina.bj\/index.php\/2026\/04\/04\/lafrique-peut-elle-vraiment-oublier-la-democratie\/"},"wordCount":1130,"commentCount":0,"image":{"@id":"https:\/\/lamarina.bj\/index.php\/2026\/04\/04\/lafrique-peut-elle-vraiment-oublier-la-democratie\/#primaryimage"},"thumbnailUrl":"https:\/\/lamarina.bj\/wp-content\/uploads\/2026\/04\/1775317588539.jpg","keywords":["Afrique","B\u00e9nin","Burkina Faso"],"articleSection":["INTERNATIONAL","OPINIONS"],"inLanguage":"fr-FR","potentialAction":[{"@type":"CommentAction","name":"Comment","target":["https:\/\/lamarina.bj\/index.php\/2026\/04\/04\/lafrique-peut-elle-vraiment-oublier-la-democratie\/#respond"]}]},{"@type":["WebPage","SearchResultsPage"],"@id":"https:\/\/lamarina.bj\/index.php\/2026\/04\/04\/lafrique-peut-elle-vraiment-oublier-la-democratie\/","url":"https:\/\/lamarina.bj\/index.php\/2026\/04\/04\/lafrique-peut-elle-vraiment-oublier-la-democratie\/","name":"L'Afrique peut-elle vraiment \u00ab oublier \u00bb la d\u00e9mocratie ? - LA MARINA BJ","isPartOf":{"@id":"https:\/\/lamarina.bj\/#website"},"primaryImageOfPage":{"@id":"https:\/\/lamarina.bj\/index.php\/2026\/04\/04\/lafrique-peut-elle-vraiment-oublier-la-democratie\/#primaryimage"},"image":{"@id":"https:\/\/lamarina.bj\/index.php\/2026\/04\/04\/lafrique-peut-elle-vraiment-oublier-la-democratie\/#primaryimage"},"thumbnailUrl":"https:\/\/lamarina.bj\/wp-content\/uploads\/2026\/04\/1775317588539.jpg","datePublished":"2026-04-04T15:55:32+00:00","dateModified":"2026-04-04T16:12:46+00:00","author":{"@id":"https:\/\/lamarina.bj\/#\/schema\/person\/f77b81161cb1ee51110876baf9a39c43"},"description":"L'onde de choc est partie de Ouagadougou, mais ses \u00e9chos font vibrer tout le continent. Le 2 avril 2026, lors d'un entretien \u00e0 la t\u00e9l\u00e9vision d'\u00c9tat, le capitaine Ibrahim Traor\u00e9 a jet\u00e9 un pav\u00e9 dans la mare des certitudes diplomatiques : \u00ab La d\u00e9mocratie n'est pas pour nous \u00bb, a-t-il affirm\u00e9, invitant ses concitoyens \u00e0 \u00ab oublier \u00bb un mod\u00e8le qu'il juge mortif\u00e8re. Ce n'est plus une simple suspension de calendrier \u00e9lectoral ; c'est un proc\u00e8s en ill\u00e9gitimit\u00e9 intent\u00e9 contre le syst\u00e8me repr\u00e9sentatif lui-m\u00eame.","breadcrumb":{"@id":"https:\/\/lamarina.bj\/index.php\/2026\/04\/04\/lafrique-peut-elle-vraiment-oublier-la-democratie\/#breadcrumb"},"inLanguage":"fr-FR","potentialAction":[{"@type":"ReadAction","target":["https:\/\/lamarina.bj\/index.php\/2026\/04\/04\/lafrique-peut-elle-vraiment-oublier-la-democratie\/"]}]},{"@type":"ImageObject","inLanguage":"fr-FR","@id":"https:\/\/lamarina.bj\/index.php\/2026\/04\/04\/lafrique-peut-elle-vraiment-oublier-la-democratie\/#primaryimage","url":"https:\/\/lamarina.bj\/wp-content\/uploads\/2026\/04\/1775317588539.jpg","contentUrl":"https:\/\/lamarina.bj\/wp-content\/uploads\/2026\/04\/1775317588539.jpg","width":1024,"height":1024},{"@type":"BreadcrumbList","@id":"https:\/\/lamarina.bj\/index.php\/2026\/04\/04\/lafrique-peut-elle-vraiment-oublier-la-democratie\/#breadcrumb","itemListElement":[{"@type":"ListItem","position":1,"name":"Accueil","item":"https:\/\/darkslategrey-quetzal-980263.hostingersite.com\/"},{"@type":"ListItem","position":2,"name":"L&rsquo;Afrique peut-elle vraiment \u00ab oublier \u00bb la d\u00e9mocratie ?"}]},{"@type":"WebSite","@id":"https:\/\/lamarina.bj\/#website","url":"https:\/\/lamarina.bj\/","name":"LA MARINA BJ","description":"Votre portail vers l&#039;information strat\u00e9gique au B\u00e9nin, en Afrique et au-del\u00e0","potentialAction":[{"@type":"SearchAction","target":{"@type":"EntryPoint","urlTemplate":"https:\/\/lamarina.bj\/?s={search_term_string}"},"query-input":{"@type":"PropertyValueSpecification","valueRequired":true,"valueName":"search_term_string"}}],"inLanguage":"fr-FR"},{"@type":"Person","@id":"https:\/\/lamarina.bj\/#\/schema\/person\/f77b81161cb1ee51110876baf9a39c43","name":"LA R\u00c9DACTION","image":{"@type":"ImageObject","inLanguage":"fr-FR","@id":"https:\/\/secure.gravatar.com\/avatar\/8967838953cdf6b5c5d35b5df91334ec99a422d61a21b18770b3bec48535c5ef?s=96&d=mm&r=g","url":"https:\/\/secure.gravatar.com\/avatar\/8967838953cdf6b5c5d35b5df91334ec99a422d61a21b18770b3bec48535c5ef?s=96&d=mm&r=g","contentUrl":"https:\/\/secure.gravatar.com\/avatar\/8967838953cdf6b5c5d35b5df91334ec99a422d61a21b18770b3bec48535c5ef?s=96&d=mm&r=g","caption":"LA R\u00c9DACTION"},"url":"https:\/\/lamarina.bj\/index.php\/author\/la-redaction\/"}]}},"_links":{"self":[{"href":"https:\/\/lamarina.bj\/index.php\/wp-json\/wp\/v2\/posts\/14477","targetHints":{"allow":["GET"]}}],"collection":[{"href":"https:\/\/lamarina.bj\/index.php\/wp-json\/wp\/v2\/posts"}],"about":[{"href":"https:\/\/lamarina.bj\/index.php\/wp-json\/wp\/v2\/types\/post"}],"author":[{"embeddable":true,"href":"https:\/\/lamarina.bj\/index.php\/wp-json\/wp\/v2\/users\/6"}],"replies":[{"embeddable":true,"href":"https:\/\/lamarina.bj\/index.php\/wp-json\/wp\/v2\/comments?post=14477"}],"version-history":[{"count":2,"href":"https:\/\/lamarina.bj\/index.php\/wp-json\/wp\/v2\/posts\/14477\/revisions"}],"predecessor-version":[{"id":14480,"href":"https:\/\/lamarina.bj\/index.php\/wp-json\/wp\/v2\/posts\/14477\/revisions\/14480"}],"wp:featuredmedia":[{"embeddable":true,"href":"https:\/\/lamarina.bj\/index.php\/wp-json\/wp\/v2\/media\/14478"}],"wp:attachment":[{"href":"https:\/\/lamarina.bj\/index.php\/wp-json\/wp\/v2\/media?parent=14477"}],"wp:term":[{"taxonomy":"category","embeddable":true,"href":"https:\/\/lamarina.bj\/index.php\/wp-json\/wp\/v2\/categories?post=14477"},{"taxonomy":"post_tag","embeddable":true,"href":"https:\/\/lamarina.bj\/index.php\/wp-json\/wp\/v2\/tags?post=14477"}],"curies":[{"name":"wp","href":"https:\/\/api.w.org\/{rel}","templated":true}]}}