{"id":14824,"date":"2026-04-25T15:42:20","date_gmt":"2026-04-25T14:42:20","guid":{"rendered":"https:\/\/lamarina.bj\/?p=14824"},"modified":"2026-04-26T13:29:20","modified_gmt":"2026-04-26T12:29:20","slug":"lome-capitale-diplomatique-de-lafrique-de-louest-mais-pour-combien-de-temps","status":"publish","type":"post","link":"https:\/\/lamarina.bj\/index.php\/2026\/04\/25\/lome-capitale-diplomatique-de-lafrique-de-louest-mais-pour-combien-de-temps\/","title":{"rendered":"Lom\u00e9, capitale diplomatique de l&rsquo;Afrique de l&rsquo;Ouest, mais pour combien de temps ?"},"content":{"rendered":"\n<p><mark style=\"background-color:rgba(0, 0, 0, 0)\" class=\"has-inline-color has-red-color\"><strong>Diplomatie, La Marina BJ <\/strong><\/mark>&#8211; <strong><em>En l&rsquo;espace de dix jours, Lom\u00e9 a accueilli les ministres des Affaires \u00e9trang\u00e8res de trois pays sah\u00e9liens, le chef de la d\u00e9fense russe, le ministre fran\u00e7ais des Affaires \u00e9trang\u00e8res et le repr\u00e9sentant sp\u00e9cial du Secr\u00e9taire g\u00e9n\u00e9ral des Nations unies pour l&rsquo;Afrique de l&rsquo;Ouest. Aucune autre capitale de la sous-r\u00e9gion n&rsquo;a affich\u00e9 pareil carnet de rendez-vous en avril 2026. Le constat est difficile \u00e0 contester : le Togo est devenu, en quelques mois, le passage oblig\u00e9 de la diplomatie ouest-africaine. La vraie question n&rsquo;est plus de savoir si Lom\u00e9 compte, elle est de savoir sur quelle dur\u00e9e, et \u00e0 quel prix.<\/em><\/strong><\/p>\n\n\n\n<p>Tout commence le 18 avril 2026 au Palais des Congr\u00e8s de Lom\u00e9. Le ministre des Affaires \u00e9trang\u00e8res Robert Dussey pr\u00e9side le lancement officiel de la Strat\u00e9gie Togo-Sahel 2026-2028, en pr\u00e9sence de ses homologues malien Abdoulaye Diop, burkinab\u00e8 Karamoko Jean-Marie Traor\u00e9 et nig\u00e9rien Bakary Yaou Sangar\u00e9, soit les trois chefs de la diplomatie de l&rsquo;Alliance des \u00c9tats du Sahel r\u00e9unis dans une capitale qui, elle, n&rsquo;a pas quitt\u00e9 la CEDEAO. L&rsquo;image est saisissante par ce qu&rsquo;elle r\u00e9v\u00e8le des \u00e9quilibres nouveaux que Lom\u00e9 est parvenue \u00e0 installer.<\/p>\n\n\n\n<p>Cinq jours plus tard, c&rsquo;est Jean-No\u00ebl Barrot qui pose le pied sur le tarmac de Lom\u00e9. Le ministre fran\u00e7ais des Affaires \u00e9trang\u00e8res met fin \u00e0 dix ans d&rsquo;absence diplomatique au plus haut niveau, une d\u00e9cennie sans qu&rsquo;aucun chef de la diplomatie fran\u00e7aise ne daigne faire le d\u00e9placement. Barrot lui-m\u00eame qualifie cette situation d&rsquo;\u00ab anomalie \u00bb. Il est re\u00e7u par Faure Essozimna Gnassingb\u00e9 avant une s\u00e9ance de travail avec Dussey le lendemain. Entre les deux visites, le ministre russe de la D\u00e9fense Andre\u00ef Belousov avait, lui aussi, fait le d\u00e9placement, discr\u00e8tement, en mars, pour consolider un accord militaire bilat\u00e9ral sign\u00e9 \u00e0 Moscou en novembre 2025.<\/p>\n\n\n\n<p>Paris, Moscou, Bamako, Ouagadougou, Niamey, New York via son repr\u00e9sentant sp\u00e9cial. Tous ont, en quelques semaines, reconnu Lom\u00e9 comme interlocuteur incontournable. Ce n&rsquo;est pas le fruit du hasard. C&rsquo;est le r\u00e9sultat d&rsquo;une strat\u00e9gie patiemment construite.<\/p>\n\n\n\n<h2 id=\"la-doctrine-du-pont\" class=\"wp-block-heading\"><mark style=\"background-color:rgba(0, 0, 0, 0)\" class=\"has-inline-color has-red-color\">La doctrine du pont<\/mark><\/h2>\n\n\n\n<p>Pour comprendre ce que le Togo est en train de faire, il faut saisir la formule que Robert Dussey a choisie pour la r\u00e9sumer : \u00ab b\u00e2tir des ponts l\u00e0 o\u00f9 d&rsquo;autres \u00e9rigent des murs \u00bb. La formule est politique autant que diplomatique. Elle positionne Lom\u00e9 non pas comme un acteur partisan, mais comme un facilitateur structurel dans une Afrique de l&rsquo;Ouest fractur\u00e9e entre deux blocs qui ne se parlent plus.<\/p>\n\n\n\n<p>D&rsquo;un c\u00f4t\u00e9, la CEDEAO, affaiblie, contest\u00e9e, dont les pays membres du Sahel ont officiellement claqu\u00e9 la porte en juillet 2025 \u00e0 l&rsquo;issue de la p\u00e9riode de transition. De l&rsquo;autre, la Conf\u00e9d\u00e9ration AES ( Mali, Burkina Faso, Niger) qui a rompu avec les partenaires occidentaux traditionnels et accueilli sur son sol les Wagner puis les forces africaines du Corps exp\u00e9ditionnaire russe. Entre les deux, le Togo reste membre de la CEDEAO tout en cultivant une proximit\u00e9 affich\u00e9e avec les \u00c9tats qui l&rsquo;ont quitt\u00e9e. Cette singularit\u00e9 g\u00e9ographique et politique est aujourd&rsquo;hui son principal actif diplomatique.<\/p>\n\n\n\n<p>La Strat\u00e9gie Togo-Sahel 2026-2028 donne \u00e0 cette posture un cadre formel. Articul\u00e9e autour de cinq piliers, dialogue politique avec l&rsquo;AES, bon voisinage et coexistence pacifique, int\u00e9gration \u00e9conomique sous-r\u00e9gionale, lutte contre le terrorisme, et diplomatie r\u00e9gionale et internationale, elle ambitionne de faire de Lom\u00e9 le hub logistique, diplomatique et s\u00e9curitaire d&rsquo;une r\u00e9gion en pleine recomposition. Le port autonome de Lom\u00e9, premi\u00e8re infrastructure portuaire de la c\u00f4te ouest-africaine, n&rsquo;est pas \u00e9tranger \u00e0 cette \u00e9quation : les pays enclav\u00e9s de l&rsquo;AES ont besoin d&rsquo;un d\u00e9bouch\u00e9 maritime, et Lom\u00e9 est l\u00e0.<\/p>\n\n\n\n<h2 id=\"le-mediateur-que-lafrique-nattendait-pas\" class=\"wp-block-heading\"><mark style=\"background-color:rgba(0, 0, 0, 0)\" class=\"has-inline-color has-red-color\">Le m\u00e9diateur que l&rsquo;Afrique n&rsquo;attendait pas<\/mark><\/h2>\n\n\n\n<p>Ce capital diplomatique ne serait pas cr\u00e9dible sans une l\u00e9gitimit\u00e9 b\u00e2tie en amont. Elle est venue des Grands Lacs. D\u00e9sign\u00e9 m\u00e9diateur de l&rsquo;Union africaine pour la r\u00e9solution de la crise dans l&rsquo;Est de la RDC en avril 2025, Faure Gnassingb\u00e9 a depuis conduit un marathon diplomatique d&rsquo;une intensit\u00e9 rare : r\u00e9union de haut niveau \u00e0 Lom\u00e9 en janvier 2026, d\u00e9placement \u00e0 Kigali aupr\u00e8s de Paul Kagame le 30 janvier, mission \u00e0 Bujumbura le m\u00eame jour aupr\u00e8s d&rsquo;Evariste Ndayishimiye, puis \u00e0 Entebbe le 3 f\u00e9vrier avec Yoweri Museveni, et enfin \u00e0 Luanda le 9 f\u00e9vrier pour des entretiens avec Jo\u00e3o Louren\u00e7o, pr\u00e9sident en exercice de l&rsquo;Union africaine. Ces initiatives ont contribu\u00e9, selon les sources officielles, \u00e0 la signature d&rsquo;un accord de paix entre la RDC et le Rwanda.<\/p>\n\n\n\n<p>C&rsquo;est sur cette base que le repr\u00e9sentant sp\u00e9cial des Nations unies pour l&rsquo;Afrique de l&rsquo;Ouest a salu\u00e9 les efforts de Lom\u00e9, et que Jean-No\u00ebl Barrot a jug\u00e9 le r\u00f4le du Togo dans la r\u00e9gion \u00ab particuli\u00e8rement d\u00e9terminant \u00bb. La cr\u00e9dibilit\u00e9 d&rsquo;un m\u00e9diateur se construit sur des dossiers concrets. Le Togo en a d\u00e9sormais un \u00e0 son palmar\u00e8s.<\/p>\n\n\n\n<p>La visite de Barrot ne peut pas \u00eatre lue ind\u00e9pendamment de ce qui l&rsquo;a pr\u00e9c\u00e9d\u00e9e. Quand le chef de la diplomatie fran\u00e7aise arrive \u00e0 Lom\u00e9 en avril 2026, le ministre russe de la D\u00e9fense y a d\u00e9j\u00e0 pos\u00e9 ses valises en mars. Un accord militaire russo-togolais est en vigueur depuis novembre 2025. Des h\u00e9licopt\u00e8res de combat Mi-35M et de transport Mi-17 ont \u00e9t\u00e9 livr\u00e9s \u00e0 Lom\u00e9 depuis 2022. Une ambassade russe devrait ouvrir ses portes \u00e0 Lom\u00e9 dans l&rsquo;ann\u00e9e. Et Faure Gnassingb\u00e9 a \u00e9t\u00e9 officiellement convi\u00e9 au sommet Russie-Afrique pr\u00e9vu en octobre. Dans ce contexte, la visite fran\u00e7aise ressemble moins \u00e0 un geste d&rsquo;amiti\u00e9 qu&rsquo;\u00e0 un signal d&rsquo;alarme diplomatique. Paris, qui a perdu le Mali, le Burkina Faso, le Niger, et se retrouve contest\u00e9e jusqu&rsquo;au S\u00e9n\u00e9gal, ne peut se permettre de perdre le Togo. La rupture de dix ans d&rsquo;absence au niveau du ministre des Affaires \u00e9trang\u00e8res traduit moins une volont\u00e9 de renforcement bilat\u00e9ral qu&rsquo;une prise de conscience tardive de l&rsquo;\u00e9rosion de l&rsquo;influence fran\u00e7aise dans la r\u00e9gion. Barrot a lui-m\u00eame plaid\u00e9 pour \u00ab un rythme de rencontres plus soutenu \u00bb. C&rsquo;est admettre que le rythme pass\u00e9 \u00e9tait intenable.<\/p>\n\n\n\n<p>Pour Lom\u00e9, cette comp\u00e9tition entre puissances est, \u00e0 court terme, une ressource. Elle permet de n\u00e9gocier avec tout le monde depuis une position de convoitise. Mais elle est aussi une contrainte : \u00eatre courtis\u00e9 par des puissances aux int\u00e9r\u00eats contradictoires expose t\u00f4t ou tard \u00e0 devoir choisir, ou \u00e0 para\u00eetre creux.<\/p>\n\n\n\n<h2 id=\"les-limites-du-funambule\" class=\"wp-block-heading\"><mark style=\"background-color:rgba(0, 0, 0, 0)\" class=\"has-inline-color has-red-color\">Les limites du funambule<\/mark><\/h2>\n\n\n\n<p>La posture togolaise est admir\u00e9e. Elle est aussi fragile. Trois lignes de tension m\u00e9ritent d&rsquo;\u00eatre pos\u00e9es clairement. La premi\u00e8re est celle de la coh\u00e9rence. Le Togo ne peut ind\u00e9finiment signer des accords militaires avec Moscou, accueillir chaleureusement Paris, et pr\u00e9tendre servir de pont neutre entre l&rsquo;AES et la communaut\u00e9 internationale. Les acteurs de l&rsquo;AES eux-m\u00eames ont pris soin de pr\u00e9ciser que leur adh\u00e9sion \u00e0 la strat\u00e9gie togolaise s&rsquo;entend dans le strict respect de leur souverainet\u00e9. Le ministre malien Abdoulaye Diop a \u00e9t\u00e9 explicite : les initiatives de Lom\u00e9 sont les bienvenues \u00e0 condition de ne pas se substituer \u00e0 l&rsquo;action des \u00c9tats concern\u00e9s. L&rsquo;enthousiasme sah\u00e9lien pour la strat\u00e9gie togolaise est r\u00e9el, mais mesur\u00e9.<\/p>\n\n\n\n<p>La deuxi\u00e8me est celle de la preuve. Une strat\u00e9gie diplomatique ne vaut que par ses r\u00e9sultats op\u00e9rationnels. La Strat\u00e9gie Togo-Sahel 2026-2028 devra, dans les prochains mois, d\u00e9montrer qu&rsquo;elle est capable de financer des projets concrets de s\u00e9curisation des zones frontali\u00e8res entre le nord du Togo et le sud du Burkina Faso, de rouvrir des corridors \u00e9conomiques aujourd&rsquo;hui dangereux, et d&rsquo;entra\u00eener dans son sillage les bailleurs internationaux, Union europ\u00e9enne, Nations unies, Banque mondiale. Sans r\u00e9sultats tangibles, la posture de m\u00e9diateur universel ne r\u00e9sistera pas \u00e0 la premi\u00e8re crise s\u00e9rieuse.<\/p>\n\n\n\n<p>La troisi\u00e8me est celle de la dur\u00e9e. Les capitales diplomatiques ne le restent que si elles continuent de produire de la valeur pour leurs interlocuteurs. Lom\u00e9 a b\u00e9n\u00e9fici\u00e9 d&rsquo;un alignement exceptionnel de circonstances : la fragmentation de l&rsquo;Afrique de l&rsquo;Ouest, la l\u00e9gitimit\u00e9 acquise sur les Grands Lacs, et la personnalit\u00e9 de Faure Gnassingb\u00e9 comme m\u00e9diateur reconnu par ses pairs. Cet alignement n&rsquo;est pas garanti dans la dur\u00e9e.<\/p>\n\n\n\n<h2 id=\"a-prouver\" class=\"wp-block-heading\"><mark style=\"background-color:rgba(0, 0, 0, 0)\" class=\"has-inline-color has-red-color\">\u00c0 prouver<\/mark><\/h2>\n\n\n\n<p>Il serait injuste de r\u00e9duire la diplomatie togolaise \u00e0 une op\u00e9ration de communication ou \u00e0 un calcul de survie politique. La coh\u00e9rence de l&rsquo;engagement de Lom\u00e9 sur les dossiers de paix africains est r\u00e9elle, et ses r\u00e9sultats partiels sur le front congolais sont document\u00e9s. La doctrine du pont, loin d&rsquo;\u00eatre opportuniste, r\u00e9pond \u00e0 une logique r\u00e9gionale profonde : dans une Afrique de l&rsquo;Ouest coup\u00e9e en deux, quelqu&rsquo;un doit assumer le r\u00f4le de passeur. Le Togo a d\u00e9cid\u00e9 que ce serait lui.<\/p>\n\n\n\n<p>Mais la diplomatie est un rapport de force, pas un \u00e9tat de gr\u00e2ce. Lom\u00e9 est aujourd&rsquo;hui indispensable parce que tout le monde en a besoin. Elle le restera si elle parvient \u00e0 transformer cette demande en r\u00e9sultats concrets sur le terrain, et si elle \u00e9vite le pi\u00e8ge classique du m\u00e9diateur trop sollicit\u00e9 : finir par n&rsquo;\u00eatre utile \u00e0 personne parce qu&rsquo;il a essay\u00e9 de l&rsquo;\u00eatre \u00e0 tous.<\/p>\n\n\n\n<p>Reste une question que la diplomatie togolaise ne peut ind\u00e9finiment esquiver : celle de sa base int\u00e9rieure. Faure Gnassingb\u00e9 incarne depuis plus de vingt ans un pouvoir que ses d\u00e9tracteurs qualifient de dynastique. La r\u00e9forme constitutionnelle de 2024, qui l&rsquo;a mu\u00e9 en Pr\u00e9sident du Conseil dans un r\u00e9gime parlementaire in\u00e9dit, a \u00e9t\u00e9 lue par l&rsquo;opposition comme une man\u0153uvre de plus pour perp\u00e9tuer une famille au pouvoir depuis 1967. Peut-on durablement incarner la stabilit\u00e9 et le dialogue sur la sc\u00e8ne africaine quand on n&rsquo;a jamais soumis son propre pouvoir \u00e0 une alternance cr\u00e9dible ? La question ne disqualifie pas l&rsquo;action diplomatique, elle l&rsquo;\u00e9claire.<\/p>\n","protected":false},"excerpt":{"rendered":"Diplomatie, La Marina BJ &#8211; En l&rsquo;espace de dix jours, Lom\u00e9 a accueilli les ministres des Affaires \u00e9trang\u00e8res&hellip;\n","protected":false},"author":5,"featured_media":14825,"comment_status":"open","ping_status":"open","sticky":false,"template":"elementor_theme","format":"standard","meta":{"csco_singular_sidebar":"","csco_page_header_type":"standard","csco_appearance_masonry":"","csco_page_load_nextpost":"","csco_post_video_location":[],"csco_post_video_location_hash":"","csco_post_video_url":"","csco_post_video_bg_start_time":0,"csco_post_video_bg_end_time":0,"footnotes":""},"categories":[85,71],"tags":[84,51,878,116],"class_list":{"0":"post-14824","1":"post","2":"type-post","3":"status-publish","4":"format-standard","5":"has-post-thumbnail","7":"category-diplomatie","8":"category-international","9":"tag-diplomatie","10":"tag-france","11":"tag-sahel","12":"tag-togo","13":"cs-entry","14":"cs-video-wrap"},"yoast_head":"<!-- This site is optimized with the Yoast SEO plugin v27.4 - https:\/\/yoast.com\/product\/yoast-seo-wordpress\/ -->\n<title>Lom\u00e9, capitale diplomatique de l&#039;Afrique de l&#039;Ouest, mais pour combien de temps ? - LA MARINA BJ<\/title>\n<meta name=\"description\" content=\"En l&#039;espace de dix jours, Lom\u00e9 a accueilli les ministres des Affaires \u00e9trang\u00e8res de trois pays sah\u00e9liens, le chef de la d\u00e9fense russe, le ministre fran\u00e7ais des Affaires \u00e9trang\u00e8res et le repr\u00e9sentant sp\u00e9cial du Secr\u00e9taire g\u00e9n\u00e9ral des Nations unies pour l&#039;Afrique de l&#039;Ouest. Aucune autre capitale de la sous-r\u00e9gion n&#039;a affich\u00e9 pareil carnet de rendez-vous en avril 2026. Le constat est difficile \u00e0 contester : le Togo est devenu, en quelques mois, le passage oblig\u00e9 de la diplomatie ouest-africaine. La vraie question n&#039;est plus de savoir si Lom\u00e9 compte, elle est de savoir sur quelle dur\u00e9e, et \u00e0 quel prix.\" \/>\n<meta name=\"robots\" content=\"index, follow, max-snippet:-1, max-image-preview:large, max-video-preview:-1\" \/>\n<link rel=\"canonical\" href=\"https:\/\/lamarina.bj\/index.php\/2026\/04\/25\/lome-capitale-diplomatique-de-lafrique-de-louest-mais-pour-combien-de-temps\/\" \/>\n<meta property=\"og:locale\" content=\"fr_FR\" \/>\n<meta property=\"og:type\" content=\"article\" \/>\n<meta property=\"og:title\" content=\"Lom\u00e9, capitale diplomatique de l&#039;Afrique de l&#039;Ouest, mais pour combien de temps ? - LA MARINA BJ\" \/>\n<meta property=\"og:description\" content=\"En l&#039;espace de dix jours, Lom\u00e9 a accueilli les ministres des Affaires \u00e9trang\u00e8res de trois pays sah\u00e9liens, le chef de la d\u00e9fense russe, le ministre fran\u00e7ais des Affaires \u00e9trang\u00e8res et le repr\u00e9sentant sp\u00e9cial du Secr\u00e9taire g\u00e9n\u00e9ral des Nations unies pour l&#039;Afrique de l&#039;Ouest. Aucune autre capitale de la sous-r\u00e9gion n&#039;a affich\u00e9 pareil carnet de rendez-vous en avril 2026. Le constat est difficile \u00e0 contester : le Togo est devenu, en quelques mois, le passage oblig\u00e9 de la diplomatie ouest-africaine. La vraie question n&#039;est plus de savoir si Lom\u00e9 compte, elle est de savoir sur quelle dur\u00e9e, et \u00e0 quel prix.\" \/>\n<meta property=\"og:url\" content=\"https:\/\/lamarina.bj\/index.php\/2026\/04\/25\/lome-capitale-diplomatique-de-lafrique-de-louest-mais-pour-combien-de-temps\/\" \/>\n<meta property=\"og:site_name\" content=\"LA MARINA BJ\" \/>\n<meta property=\"article:published_time\" content=\"2026-04-25T14:42:20+00:00\" \/>\n<meta property=\"article:modified_time\" content=\"2026-04-26T12:29:20+00:00\" \/>\n<meta property=\"og:image\" content=\"https:\/\/lamarina.bj\/wp-content\/uploads\/2026\/04\/20260425_152811_0000.jpg\" \/>\n\t<meta property=\"og:image:width\" content=\"1080\" \/>\n\t<meta property=\"og:image:height\" content=\"1080\" \/>\n\t<meta property=\"og:image:type\" content=\"image\/jpeg\" \/>\n<meta name=\"author\" content=\"La Marina BJ - Diplomatie &amp; Relations Internationales\" \/>\n<meta name=\"twitter:card\" content=\"summary_large_image\" \/>\n<meta name=\"twitter:label1\" content=\"\u00c9crit par\" \/>\n\t<meta name=\"twitter:data1\" content=\"La Marina BJ - Diplomatie &amp; Relations Internationales\" \/>\n\t<meta name=\"twitter:label2\" content=\"Dur\u00e9e de lecture estim\u00e9e\" \/>\n\t<meta name=\"twitter:data2\" content=\"8 minutes\" \/>\n<script type=\"application\/ld+json\" class=\"yoast-schema-graph\">{\"@context\":\"https:\\\/\\\/schema.org\",\"@graph\":[{\"@type\":\"NewsArticle\",\"@id\":\"https:\\\/\\\/lamarina.bj\\\/index.php\\\/2026\\\/04\\\/25\\\/lome-capitale-diplomatique-de-lafrique-de-louest-mais-pour-combien-de-temps\\\/#article\",\"isPartOf\":{\"@id\":\"https:\\\/\\\/lamarina.bj\\\/index.php\\\/2026\\\/04\\\/25\\\/lome-capitale-diplomatique-de-lafrique-de-louest-mais-pour-combien-de-temps\\\/\"},\"author\":{\"name\":\"La Marina BJ - Diplomatie &amp; Relations Internationales\",\"@id\":\"https:\\\/\\\/lamarina.bj\\\/#\\\/schema\\\/person\\\/a948e891c260ee0e3701ae98c0769e84\"},\"headline\":\"Lom\u00e9, capitale diplomatique de l&rsquo;Afrique de l&rsquo;Ouest, mais pour combien de temps ?\",\"datePublished\":\"2026-04-25T14:42:20+00:00\",\"dateModified\":\"2026-04-26T12:29:20+00:00\",\"mainEntityOfPage\":{\"@id\":\"https:\\\/\\\/lamarina.bj\\\/index.php\\\/2026\\\/04\\\/25\\\/lome-capitale-diplomatique-de-lafrique-de-louest-mais-pour-combien-de-temps\\\/\"},\"wordCount\":1738,\"commentCount\":0,\"image\":{\"@id\":\"https:\\\/\\\/lamarina.bj\\\/index.php\\\/2026\\\/04\\\/25\\\/lome-capitale-diplomatique-de-lafrique-de-louest-mais-pour-combien-de-temps\\\/#primaryimage\"},\"thumbnailUrl\":\"https:\\\/\\\/lamarina.bj\\\/wp-content\\\/uploads\\\/2026\\\/04\\\/20260425_152811_0000.jpg\",\"keywords\":[\"DIPLOMATIE\",\"France\",\"Sahel\",\"Togo\"],\"articleSection\":[\"DIPLOMATIE\",\"INTERNATIONAL\"],\"inLanguage\":\"fr-FR\",\"potentialAction\":[{\"@type\":\"CommentAction\",\"name\":\"Comment\",\"target\":[\"https:\\\/\\\/lamarina.bj\\\/index.php\\\/2026\\\/04\\\/25\\\/lome-capitale-diplomatique-de-lafrique-de-louest-mais-pour-combien-de-temps\\\/#respond\"]}]},{\"@type\":[\"WebPage\",\"SearchResultsPage\"],\"@id\":\"https:\\\/\\\/lamarina.bj\\\/index.php\\\/2026\\\/04\\\/25\\\/lome-capitale-diplomatique-de-lafrique-de-louest-mais-pour-combien-de-temps\\\/\",\"url\":\"https:\\\/\\\/lamarina.bj\\\/index.php\\\/2026\\\/04\\\/25\\\/lome-capitale-diplomatique-de-lafrique-de-louest-mais-pour-combien-de-temps\\\/\",\"name\":\"Lom\u00e9, capitale diplomatique de l'Afrique de l'Ouest, mais pour combien de temps ? - LA MARINA BJ\",\"isPartOf\":{\"@id\":\"https:\\\/\\\/lamarina.bj\\\/#website\"},\"primaryImageOfPage\":{\"@id\":\"https:\\\/\\\/lamarina.bj\\\/index.php\\\/2026\\\/04\\\/25\\\/lome-capitale-diplomatique-de-lafrique-de-louest-mais-pour-combien-de-temps\\\/#primaryimage\"},\"image\":{\"@id\":\"https:\\\/\\\/lamarina.bj\\\/index.php\\\/2026\\\/04\\\/25\\\/lome-capitale-diplomatique-de-lafrique-de-louest-mais-pour-combien-de-temps\\\/#primaryimage\"},\"thumbnailUrl\":\"https:\\\/\\\/lamarina.bj\\\/wp-content\\\/uploads\\\/2026\\\/04\\\/20260425_152811_0000.jpg\",\"datePublished\":\"2026-04-25T14:42:20+00:00\",\"dateModified\":\"2026-04-26T12:29:20+00:00\",\"author\":{\"@id\":\"https:\\\/\\\/lamarina.bj\\\/#\\\/schema\\\/person\\\/a948e891c260ee0e3701ae98c0769e84\"},\"description\":\"En l'espace de dix jours, Lom\u00e9 a accueilli les ministres des Affaires \u00e9trang\u00e8res de trois pays sah\u00e9liens, le chef de la d\u00e9fense russe, le ministre fran\u00e7ais des Affaires \u00e9trang\u00e8res et le repr\u00e9sentant sp\u00e9cial du Secr\u00e9taire g\u00e9n\u00e9ral des Nations unies pour l'Afrique de l'Ouest. Aucune autre capitale de la sous-r\u00e9gion n'a affich\u00e9 pareil carnet de rendez-vous en avril 2026. Le constat est difficile \u00e0 contester : le Togo est devenu, en quelques mois, le passage oblig\u00e9 de la diplomatie ouest-africaine. La vraie question n'est plus de savoir si Lom\u00e9 compte, elle est de savoir sur quelle dur\u00e9e, et \u00e0 quel prix.\",\"breadcrumb\":{\"@id\":\"https:\\\/\\\/lamarina.bj\\\/index.php\\\/2026\\\/04\\\/25\\\/lome-capitale-diplomatique-de-lafrique-de-louest-mais-pour-combien-de-temps\\\/#breadcrumb\"},\"inLanguage\":\"fr-FR\",\"potentialAction\":[{\"@type\":\"ReadAction\",\"target\":[\"https:\\\/\\\/lamarina.bj\\\/index.php\\\/2026\\\/04\\\/25\\\/lome-capitale-diplomatique-de-lafrique-de-louest-mais-pour-combien-de-temps\\\/\"]}]},{\"@type\":\"ImageObject\",\"inLanguage\":\"fr-FR\",\"@id\":\"https:\\\/\\\/lamarina.bj\\\/index.php\\\/2026\\\/04\\\/25\\\/lome-capitale-diplomatique-de-lafrique-de-louest-mais-pour-combien-de-temps\\\/#primaryimage\",\"url\":\"https:\\\/\\\/lamarina.bj\\\/wp-content\\\/uploads\\\/2026\\\/04\\\/20260425_152811_0000.jpg\",\"contentUrl\":\"https:\\\/\\\/lamarina.bj\\\/wp-content\\\/uploads\\\/2026\\\/04\\\/20260425_152811_0000.jpg\",\"width\":1080,\"height\":1080},{\"@type\":\"BreadcrumbList\",\"@id\":\"https:\\\/\\\/lamarina.bj\\\/index.php\\\/2026\\\/04\\\/25\\\/lome-capitale-diplomatique-de-lafrique-de-louest-mais-pour-combien-de-temps\\\/#breadcrumb\",\"itemListElement\":[{\"@type\":\"ListItem\",\"position\":1,\"name\":\"Accueil\",\"item\":\"https:\\\/\\\/darkslategrey-quetzal-980263.hostingersite.com\\\/\"},{\"@type\":\"ListItem\",\"position\":2,\"name\":\"Lom\u00e9, capitale diplomatique de l&rsquo;Afrique de l&rsquo;Ouest, mais pour combien de temps ?\"}]},{\"@type\":\"WebSite\",\"@id\":\"https:\\\/\\\/lamarina.bj\\\/#website\",\"url\":\"https:\\\/\\\/lamarina.bj\\\/\",\"name\":\"LA MARINA BJ\",\"description\":\"Votre portail vers l&#039;information strat\u00e9gique au B\u00e9nin, en Afrique et au-del\u00e0\",\"potentialAction\":[{\"@type\":\"SearchAction\",\"target\":{\"@type\":\"EntryPoint\",\"urlTemplate\":\"https:\\\/\\\/lamarina.bj\\\/?s={search_term_string}\"},\"query-input\":{\"@type\":\"PropertyValueSpecification\",\"valueRequired\":true,\"valueName\":\"search_term_string\"}}],\"inLanguage\":\"fr-FR\"},{\"@type\":\"Person\",\"@id\":\"https:\\\/\\\/lamarina.bj\\\/#\\\/schema\\\/person\\\/a948e891c260ee0e3701ae98c0769e84\",\"name\":\"La Marina BJ - Diplomatie &amp; Relations Internationales\",\"image\":{\"@type\":\"ImageObject\",\"inLanguage\":\"fr-FR\",\"@id\":\"https:\\\/\\\/secure.gravatar.com\\\/avatar\\\/9184cd9c69d98cf56a680d08a9ae053da2ebeddb4f770fb065691ff3ca2bb2e7?s=96&d=mm&r=g\",\"url\":\"https:\\\/\\\/secure.gravatar.com\\\/avatar\\\/9184cd9c69d98cf56a680d08a9ae053da2ebeddb4f770fb065691ff3ca2bb2e7?s=96&d=mm&r=g\",\"contentUrl\":\"https:\\\/\\\/secure.gravatar.com\\\/avatar\\\/9184cd9c69d98cf56a680d08a9ae053da2ebeddb4f770fb065691ff3ca2bb2e7?s=96&d=mm&r=g\",\"caption\":\"La Marina BJ - Diplomatie &amp; Relations Internationales\"},\"description\":\"La Team Diplomatie &amp; Relations internationales de La Marina BJ a pour mission de suivre et d'analyser \u00e0 partir du B\u00e9nin les \u00e9volutions des relations diplomatiques et des dynamiques g\u00e9opolitiques qui fa\u00e7onnent le paysage mondial. L'\u00e9quipe s\u2019attache \u00e0 observer les \u00e9volutions des relations bilat\u00e9rales et multilat\u00e9rales, \u00e0 d\u00e9coder les strat\u00e9gies diplomatiques et \u00e0 produire des analyses sur les enjeux g\u00e9opolitiques influen\u00e7ant les d\u00e9cisions internationales.\",\"url\":\"https:\\\/\\\/lamarina.bj\\\/index.php\\\/author\\\/fiacre\\\/\"}]}<\/script>\n<!-- \/ Yoast SEO plugin. -->","yoast_head_json":{"title":"Lom\u00e9, capitale diplomatique de l'Afrique de l'Ouest, mais pour combien de temps ? - LA MARINA BJ","description":"En l'espace de dix jours, Lom\u00e9 a accueilli les ministres des Affaires \u00e9trang\u00e8res de trois pays sah\u00e9liens, le chef de la d\u00e9fense russe, le ministre fran\u00e7ais des Affaires \u00e9trang\u00e8res et le repr\u00e9sentant sp\u00e9cial du Secr\u00e9taire g\u00e9n\u00e9ral des Nations unies pour l'Afrique de l'Ouest. Aucune autre capitale de la sous-r\u00e9gion n'a affich\u00e9 pareil carnet de rendez-vous en avril 2026. Le constat est difficile \u00e0 contester : le Togo est devenu, en quelques mois, le passage oblig\u00e9 de la diplomatie ouest-africaine. La vraie question n'est plus de savoir si Lom\u00e9 compte, elle est de savoir sur quelle dur\u00e9e, et \u00e0 quel prix.","robots":{"index":"index","follow":"follow","max-snippet":"max-snippet:-1","max-image-preview":"max-image-preview:large","max-video-preview":"max-video-preview:-1"},"canonical":"https:\/\/lamarina.bj\/index.php\/2026\/04\/25\/lome-capitale-diplomatique-de-lafrique-de-louest-mais-pour-combien-de-temps\/","og_locale":"fr_FR","og_type":"article","og_title":"Lom\u00e9, capitale diplomatique de l'Afrique de l'Ouest, mais pour combien de temps ? - LA MARINA BJ","og_description":"En l'espace de dix jours, Lom\u00e9 a accueilli les ministres des Affaires \u00e9trang\u00e8res de trois pays sah\u00e9liens, le chef de la d\u00e9fense russe, le ministre fran\u00e7ais des Affaires \u00e9trang\u00e8res et le repr\u00e9sentant sp\u00e9cial du Secr\u00e9taire g\u00e9n\u00e9ral des Nations unies pour l'Afrique de l'Ouest. Aucune autre capitale de la sous-r\u00e9gion n'a affich\u00e9 pareil carnet de rendez-vous en avril 2026. Le constat est difficile \u00e0 contester : le Togo est devenu, en quelques mois, le passage oblig\u00e9 de la diplomatie ouest-africaine. La vraie question n'est plus de savoir si Lom\u00e9 compte, elle est de savoir sur quelle dur\u00e9e, et \u00e0 quel prix.","og_url":"https:\/\/lamarina.bj\/index.php\/2026\/04\/25\/lome-capitale-diplomatique-de-lafrique-de-louest-mais-pour-combien-de-temps\/","og_site_name":"LA MARINA BJ","article_published_time":"2026-04-25T14:42:20+00:00","article_modified_time":"2026-04-26T12:29:20+00:00","og_image":[{"width":1080,"height":1080,"url":"https:\/\/lamarina.bj\/wp-content\/uploads\/2026\/04\/20260425_152811_0000.jpg","type":"image\/jpeg"}],"author":"La Marina BJ - Diplomatie &amp; Relations Internationales","twitter_card":"summary_large_image","twitter_misc":{"\u00c9crit par":"La Marina BJ - Diplomatie &amp; Relations Internationales","Dur\u00e9e de lecture estim\u00e9e":"8 minutes"},"schema":{"@context":"https:\/\/schema.org","@graph":[{"@type":"NewsArticle","@id":"https:\/\/lamarina.bj\/index.php\/2026\/04\/25\/lome-capitale-diplomatique-de-lafrique-de-louest-mais-pour-combien-de-temps\/#article","isPartOf":{"@id":"https:\/\/lamarina.bj\/index.php\/2026\/04\/25\/lome-capitale-diplomatique-de-lafrique-de-louest-mais-pour-combien-de-temps\/"},"author":{"name":"La Marina BJ - Diplomatie &amp; Relations Internationales","@id":"https:\/\/lamarina.bj\/#\/schema\/person\/a948e891c260ee0e3701ae98c0769e84"},"headline":"Lom\u00e9, capitale diplomatique de l&rsquo;Afrique de l&rsquo;Ouest, mais pour combien de temps ?","datePublished":"2026-04-25T14:42:20+00:00","dateModified":"2026-04-26T12:29:20+00:00","mainEntityOfPage":{"@id":"https:\/\/lamarina.bj\/index.php\/2026\/04\/25\/lome-capitale-diplomatique-de-lafrique-de-louest-mais-pour-combien-de-temps\/"},"wordCount":1738,"commentCount":0,"image":{"@id":"https:\/\/lamarina.bj\/index.php\/2026\/04\/25\/lome-capitale-diplomatique-de-lafrique-de-louest-mais-pour-combien-de-temps\/#primaryimage"},"thumbnailUrl":"https:\/\/lamarina.bj\/wp-content\/uploads\/2026\/04\/20260425_152811_0000.jpg","keywords":["DIPLOMATIE","France","Sahel","Togo"],"articleSection":["DIPLOMATIE","INTERNATIONAL"],"inLanguage":"fr-FR","potentialAction":[{"@type":"CommentAction","name":"Comment","target":["https:\/\/lamarina.bj\/index.php\/2026\/04\/25\/lome-capitale-diplomatique-de-lafrique-de-louest-mais-pour-combien-de-temps\/#respond"]}]},{"@type":["WebPage","SearchResultsPage"],"@id":"https:\/\/lamarina.bj\/index.php\/2026\/04\/25\/lome-capitale-diplomatique-de-lafrique-de-louest-mais-pour-combien-de-temps\/","url":"https:\/\/lamarina.bj\/index.php\/2026\/04\/25\/lome-capitale-diplomatique-de-lafrique-de-louest-mais-pour-combien-de-temps\/","name":"Lom\u00e9, capitale diplomatique de l'Afrique de l'Ouest, mais pour combien de temps ? - LA MARINA BJ","isPartOf":{"@id":"https:\/\/lamarina.bj\/#website"},"primaryImageOfPage":{"@id":"https:\/\/lamarina.bj\/index.php\/2026\/04\/25\/lome-capitale-diplomatique-de-lafrique-de-louest-mais-pour-combien-de-temps\/#primaryimage"},"image":{"@id":"https:\/\/lamarina.bj\/index.php\/2026\/04\/25\/lome-capitale-diplomatique-de-lafrique-de-louest-mais-pour-combien-de-temps\/#primaryimage"},"thumbnailUrl":"https:\/\/lamarina.bj\/wp-content\/uploads\/2026\/04\/20260425_152811_0000.jpg","datePublished":"2026-04-25T14:42:20+00:00","dateModified":"2026-04-26T12:29:20+00:00","author":{"@id":"https:\/\/lamarina.bj\/#\/schema\/person\/a948e891c260ee0e3701ae98c0769e84"},"description":"En l'espace de dix jours, Lom\u00e9 a accueilli les ministres des Affaires \u00e9trang\u00e8res de trois pays sah\u00e9liens, le chef de la d\u00e9fense russe, le ministre fran\u00e7ais des Affaires \u00e9trang\u00e8res et le repr\u00e9sentant sp\u00e9cial du Secr\u00e9taire g\u00e9n\u00e9ral des Nations unies pour l'Afrique de l'Ouest. Aucune autre capitale de la sous-r\u00e9gion n'a affich\u00e9 pareil carnet de rendez-vous en avril 2026. Le constat est difficile \u00e0 contester : le Togo est devenu, en quelques mois, le passage oblig\u00e9 de la diplomatie ouest-africaine. La vraie question n'est plus de savoir si Lom\u00e9 compte, elle est de savoir sur quelle dur\u00e9e, et \u00e0 quel prix.","breadcrumb":{"@id":"https:\/\/lamarina.bj\/index.php\/2026\/04\/25\/lome-capitale-diplomatique-de-lafrique-de-louest-mais-pour-combien-de-temps\/#breadcrumb"},"inLanguage":"fr-FR","potentialAction":[{"@type":"ReadAction","target":["https:\/\/lamarina.bj\/index.php\/2026\/04\/25\/lome-capitale-diplomatique-de-lafrique-de-louest-mais-pour-combien-de-temps\/"]}]},{"@type":"ImageObject","inLanguage":"fr-FR","@id":"https:\/\/lamarina.bj\/index.php\/2026\/04\/25\/lome-capitale-diplomatique-de-lafrique-de-louest-mais-pour-combien-de-temps\/#primaryimage","url":"https:\/\/lamarina.bj\/wp-content\/uploads\/2026\/04\/20260425_152811_0000.jpg","contentUrl":"https:\/\/lamarina.bj\/wp-content\/uploads\/2026\/04\/20260425_152811_0000.jpg","width":1080,"height":1080},{"@type":"BreadcrumbList","@id":"https:\/\/lamarina.bj\/index.php\/2026\/04\/25\/lome-capitale-diplomatique-de-lafrique-de-louest-mais-pour-combien-de-temps\/#breadcrumb","itemListElement":[{"@type":"ListItem","position":1,"name":"Accueil","item":"https:\/\/darkslategrey-quetzal-980263.hostingersite.com\/"},{"@type":"ListItem","position":2,"name":"Lom\u00e9, capitale diplomatique de l&rsquo;Afrique de l&rsquo;Ouest, mais pour combien de temps ?"}]},{"@type":"WebSite","@id":"https:\/\/lamarina.bj\/#website","url":"https:\/\/lamarina.bj\/","name":"LA MARINA BJ","description":"Votre portail vers l&#039;information strat\u00e9gique au B\u00e9nin, en Afrique et au-del\u00e0","potentialAction":[{"@type":"SearchAction","target":{"@type":"EntryPoint","urlTemplate":"https:\/\/lamarina.bj\/?s={search_term_string}"},"query-input":{"@type":"PropertyValueSpecification","valueRequired":true,"valueName":"search_term_string"}}],"inLanguage":"fr-FR"},{"@type":"Person","@id":"https:\/\/lamarina.bj\/#\/schema\/person\/a948e891c260ee0e3701ae98c0769e84","name":"La Marina BJ - Diplomatie &amp; Relations Internationales","image":{"@type":"ImageObject","inLanguage":"fr-FR","@id":"https:\/\/secure.gravatar.com\/avatar\/9184cd9c69d98cf56a680d08a9ae053da2ebeddb4f770fb065691ff3ca2bb2e7?s=96&d=mm&r=g","url":"https:\/\/secure.gravatar.com\/avatar\/9184cd9c69d98cf56a680d08a9ae053da2ebeddb4f770fb065691ff3ca2bb2e7?s=96&d=mm&r=g","contentUrl":"https:\/\/secure.gravatar.com\/avatar\/9184cd9c69d98cf56a680d08a9ae053da2ebeddb4f770fb065691ff3ca2bb2e7?s=96&d=mm&r=g","caption":"La Marina BJ - Diplomatie &amp; Relations Internationales"},"description":"La Team Diplomatie &amp; Relations internationales de La Marina BJ a pour mission de suivre et d'analyser \u00e0 partir du B\u00e9nin les \u00e9volutions des relations diplomatiques et des dynamiques g\u00e9opolitiques qui fa\u00e7onnent le paysage mondial. L'\u00e9quipe s\u2019attache \u00e0 observer les \u00e9volutions des relations bilat\u00e9rales et multilat\u00e9rales, \u00e0 d\u00e9coder les strat\u00e9gies diplomatiques et \u00e0 produire des analyses sur les enjeux g\u00e9opolitiques influen\u00e7ant les d\u00e9cisions internationales.","url":"https:\/\/lamarina.bj\/index.php\/author\/fiacre\/"}]}},"_links":{"self":[{"href":"https:\/\/lamarina.bj\/index.php\/wp-json\/wp\/v2\/posts\/14824","targetHints":{"allow":["GET"]}}],"collection":[{"href":"https:\/\/lamarina.bj\/index.php\/wp-json\/wp\/v2\/posts"}],"about":[{"href":"https:\/\/lamarina.bj\/index.php\/wp-json\/wp\/v2\/types\/post"}],"author":[{"embeddable":true,"href":"https:\/\/lamarina.bj\/index.php\/wp-json\/wp\/v2\/users\/5"}],"replies":[{"embeddable":true,"href":"https:\/\/lamarina.bj\/index.php\/wp-json\/wp\/v2\/comments?post=14824"}],"version-history":[{"count":1,"href":"https:\/\/lamarina.bj\/index.php\/wp-json\/wp\/v2\/posts\/14824\/revisions"}],"predecessor-version":[{"id":14826,"href":"https:\/\/lamarina.bj\/index.php\/wp-json\/wp\/v2\/posts\/14824\/revisions\/14826"}],"wp:featuredmedia":[{"embeddable":true,"href":"https:\/\/lamarina.bj\/index.php\/wp-json\/wp\/v2\/media\/14825"}],"wp:attachment":[{"href":"https:\/\/lamarina.bj\/index.php\/wp-json\/wp\/v2\/media?parent=14824"}],"wp:term":[{"taxonomy":"category","embeddable":true,"href":"https:\/\/lamarina.bj\/index.php\/wp-json\/wp\/v2\/categories?post=14824"},{"taxonomy":"post_tag","embeddable":true,"href":"https:\/\/lamarina.bj\/index.php\/wp-json\/wp\/v2\/tags?post=14824"}],"curies":[{"name":"wp","href":"https:\/\/api.w.org\/{rel}","templated":true}]}}