{"id":14829,"date":"2026-04-27T08:23:00","date_gmt":"2026-04-27T07:23:00","guid":{"rendered":"https:\/\/lamarina.bj\/?p=14829"},"modified":"2026-04-27T06:39:53","modified_gmt":"2026-04-27T05:39:53","slug":"free-roaming-pourquoi-le-corridor-cotonou-lome-dakar-brise-le-mur-des-prix","status":"publish","type":"post","link":"https:\/\/lamarina.bj\/index.php\/2026\/04\/27\/free-roaming-pourquoi-le-corridor-cotonou-lome-dakar-brise-le-mur-des-prix\/","title":{"rendered":"Free Roaming : Pourquoi le corridor Cotonou-Lom\u00e9-Dakar brise le mur des prix"},"content":{"rendered":"\n<p><mark style=\"background-color:rgba(0, 0, 0, 0)\" class=\"has-inline-color has-red-color\"><strong>T\u00e9l\u00e9coms, La Marina BJ <\/strong><\/mark>&#8211;<strong><em> L&rsquo;activation, le 24 avril 2026 \u00e0 Lom\u00e9, des accords d&rsquo;itin\u00e9rance entre le B\u00e9nin, le Togo et le S\u00e9n\u00e9gal marque un tournant technique et tarifaire. Derri\u00e8re l&rsquo;affichage institutionnel se cache une refonte profonde des co\u00fbts de communication qui lib\u00e8re enfin la mobilit\u00e9 dans cet espace strat\u00e9gique. En savoir plus.<\/em><\/strong><\/p>\n\n\n\n<p>Longtemps, franchir une fronti\u00e8re en Afrique de l&rsquo;Ouest signifiait accepter une d\u00e9connexion de fait ou subir des factures impr\u00e9visibles. Le corridor Cotonou-Lom\u00e9-Dakar vient rompre ce cycle en s&rsquo;appuyant sur le r\u00e8glement communautaire de la CEDEAO de 2017. Ce qui change radicalement selon notre journaliste contributeur No\u00e9 William HOUNKANRIN, c\u2019est le passage d\u2019une tarification d\u2019exception \u00e0 une tarification de proximit\u00e9 : la r\u00e9ception d\u2019appels devient gratuite durant les 30 premiers jours de s\u00e9jour, et les appels \u00e9mis sont d\u00e9sormais align\u00e9s sur les tarifs locaux du pays visit\u00e9.<\/p>\n\n\n\n<p>Cette convergence met fin aux surtaxes sur le trafic international entrant, un m\u00e9canisme qui gonflait artificiellement les prix et freinait les \u00e9changes transfrontaliers. En supprimant ces barri\u00e8res, les r\u00e9gulateurs (ARCEP B\u00e9nin, ARCEP Togo et ARTP S\u00e9n\u00e9gal) imposent une transparence tarifaire in\u00e9dite.<\/p>\n\n\n\n<h2 id=\"le-choc-de-la-data\" class=\"wp-block-heading\"><mark style=\"background-color:rgba(0, 0, 0, 0)\" class=\"has-inline-color has-red-color\">Le \u00ab choc \u00bb de la data<\/mark><\/h2>\n\n\n\n<p>Si la voix et le SMS b\u00e9n\u00e9ficient de baisses notables, c&rsquo;est sur le segment de la donn\u00e9e mobile que la rupture est la plus violente. Le co\u00fbt du m\u00e9gaoctet est d\u00e9sormais plafonn\u00e9 \u00e0 2 FCFA, contre des tarifs hors-forfait pouvant atteindre auparavant des sommets irrationnels. \u00c0 titre d&rsquo;exemple, sur certains axes, le co\u00fbt a \u00e9t\u00e9 divis\u00e9 par 5 000 selon les chiffres avanc\u00e9s par les autorit\u00e9s de r\u00e9gulation.<\/p>\n\n\n\n<p>Pour les op\u00e9rateurs \u00e9conomiques, cette mesure transforme le smartphone d&rsquo;un outil co\u00fbteux en un levier de productivit\u00e9 constant, que l&rsquo;on se trouve au port de Cotonou ou sur les march\u00e9s de Dakar. Cette baisse drastique de la Data est le v\u00e9ritable moteur de cet accord, car elle soutient l&rsquo;usage des applications professionnelles et des services de communication num\u00e9rique indispensables \u00e0 l&rsquo;\u00e9conomie moderne.<\/p>\n\n\n\n<h2 id=\"une-architecture-de-reseaux-interconnectes\" class=\"wp-block-heading\"><mark style=\"background-color:rgba(0, 0, 0, 0)\" class=\"has-inline-color has-red-color\">Une architecture de r\u00e9seaux interconnect\u00e9s<\/mark><\/h2>\n\n\n\n<p>D&rsquo;apr\u00e8s notre journaliste contributeur <strong>No\u00e9 William HOUNKANRIN,<\/strong> il est crucial de comprendre que ce corridor ne repose pas sur un accord unique, mais sur une architecture de protocoles bilat\u00e9raux interconnect\u00e9s. Le S\u00e9n\u00e9gal agit ici comme un nouveau pivot central, venant greffer son r\u00e9seau sur l\u2019axe B\u00e9nin-Togo d\u00e9j\u00e0 existant. Cette densification progressive du r\u00e9seau de \u00ab Free Roaming \u00bb cr\u00e9e un effet d&rsquo;entra\u00eenement : plus le nombre de pays partenaires augmente (C\u00f4te d&rsquo;Ivoire, Ghana, Mali, Gambie), plus la valeur du r\u00e9seau cro\u00eet pour l&rsquo;abonn\u00e9 final.<\/p>\n\n\n\n<p>Cependant selon l&rsquo;un de nos sp\u00e9cialistes \u00e0 la r\u00e9daction, la pleine efficacit\u00e9 de ce corridor d\u00e9pendra de la lev\u00e9e des derniers verrous techniques, notamment l\u2019absence de liaisons directes entre certains op\u00e9rateurs nationaux qui oblige parfois le trafic \u00e0 transiter par l&rsquo;international, ainsi que la lutte coordonn\u00e9e contre la fraude.<br>L\u2019assembl\u00e9e g\u00e9n\u00e9rale de l\u2019ARTAO \u00e0 Lom\u00e9 n&rsquo;a pas seulement c\u00e9l\u00e9br\u00e9 cet accord ; elle a \u00e9galement trac\u00e9 les contours de l&rsquo;apr\u00e8s-roaming pr\u00e9cise notre journaliste contributeur <strong>No\u00e9 William HOUNKANRIN<\/strong>. Les r\u00e9gulateurs se penchent d\u00e9sormais sur l&rsquo;harmonisation des services OTT et le d\u00e9veloppement de la connectivit\u00e9 satellitaire.<\/p>\n\n\n\n<p>Pour le B\u00e9nin, le succ\u00e8s de ce corridor Cotonou-Lom\u00e9-Dakar est un test de cr\u00e9dibilit\u00e9. La prochaine \u00e9tape logique, et sans doute la plus complexe, sera l&rsquo;int\u00e9gration du Nigeria au dispositif. Si ce corridor parvient \u00e0 d\u00e9montrer sa viabilit\u00e9 \u00e9conomique pour les op\u00e9rateurs tout en satisfaisant les consommateurs, il servira de mod\u00e8le pour inclure la premi\u00e8re \u00e9conomie du continent, parachevant ainsi la cr\u00e9ation d&rsquo;un v\u00e9ritable march\u00e9 unique num\u00e9rique ouest-africain.<\/p>\n","protected":false},"excerpt":{"rendered":"T\u00e9l\u00e9coms, La Marina BJ &#8211; L&rsquo;activation, le 24 avril 2026 \u00e0 Lom\u00e9, des accords d&rsquo;itin\u00e9rance entre le B\u00e9nin,&hellip;\n","protected":false},"author":9,"featured_media":14830,"comment_status":"open","ping_status":"open","sticky":false,"template":"elementor_theme","format":"standard","meta":{"csco_singular_sidebar":"","csco_page_header_type":"standard","csco_appearance_masonry":"","csco_page_load_nextpost":"","csco_post_video_location":[],"csco_post_video_location_hash":"","csco_post_video_url":"","csco_post_video_bg_start_time":0,"csco_post_video_bg_end_time":0,"footnotes":""},"categories":[71,239],"tags":[41,2153,563,116],"class_list":{"0":"post-14829","1":"post","2":"type-post","3":"status-publish","4":"format-standard","5":"has-post-thumbnail","7":"category-international","8":"category-levenement-2","9":"tag-benin","10":"tag-free-roaming","11":"tag-senegal","12":"tag-togo","13":"cs-entry","14":"cs-video-wrap"},"yoast_head":"<!-- This site is optimized with the Yoast SEO plugin v27.4 - https:\/\/yoast.com\/product\/yoast-seo-wordpress\/ -->\n<title>Free Roaming : Pourquoi le corridor Cotonou-Lom\u00e9-Dakar brise le mur des prix - LA MARINA BJ<\/title>\n<meta name=\"description\" content=\"L&#039;activation, le 24 avril 2026 \u00e0 Lom\u00e9, des accords d&#039;itin\u00e9rance entre le B\u00e9nin, le Togo et le S\u00e9n\u00e9gal marque un tournant technique et tarifaire. Derri\u00e8re l&#039;affichage institutionnel se cache une refonte profonde des co\u00fbts de communication qui lib\u00e8re enfin la mobilit\u00e9 dans cet espace strat\u00e9gique. En savoir plus.\" \/>\n<meta name=\"robots\" content=\"index, follow, max-snippet:-1, max-image-preview:large, max-video-preview:-1\" \/>\n<link rel=\"canonical\" href=\"https:\/\/lamarina.bj\/index.php\/2026\/04\/27\/free-roaming-pourquoi-le-corridor-cotonou-lome-dakar-brise-le-mur-des-prix\/\" \/>\n<meta property=\"og:locale\" content=\"fr_FR\" \/>\n<meta property=\"og:type\" content=\"article\" \/>\n<meta property=\"og:title\" content=\"Free Roaming : Pourquoi le corridor Cotonou-Lom\u00e9-Dakar brise le mur des prix - LA MARINA BJ\" \/>\n<meta property=\"og:description\" content=\"L&#039;activation, le 24 avril 2026 \u00e0 Lom\u00e9, des accords d&#039;itin\u00e9rance entre le B\u00e9nin, le Togo et le S\u00e9n\u00e9gal marque un tournant technique et tarifaire. Derri\u00e8re l&#039;affichage institutionnel se cache une refonte profonde des co\u00fbts de communication qui lib\u00e8re enfin la mobilit\u00e9 dans cet espace strat\u00e9gique. En savoir plus.\" \/>\n<meta property=\"og:url\" content=\"https:\/\/lamarina.bj\/index.php\/2026\/04\/27\/free-roaming-pourquoi-le-corridor-cotonou-lome-dakar-brise-le-mur-des-prix\/\" \/>\n<meta property=\"og:site_name\" content=\"LA MARINA BJ\" \/>\n<meta property=\"article:published_time\" content=\"2026-04-27T07:23:00+00:00\" \/>\n<meta property=\"og:image\" content=\"https:\/\/lamarina.bj\/wp-content\/uploads\/2026\/04\/La-Marina-BJ-_20260426_193325_0000.png\" \/>\n\t<meta property=\"og:image:width\" content=\"1080\" \/>\n\t<meta property=\"og:image:height\" content=\"1080\" \/>\n\t<meta property=\"og:image:type\" content=\"image\/png\" \/>\n<meta name=\"author\" content=\"La Marina BJ - Team Politique &amp; Gouvernance\" \/>\n<meta name=\"twitter:card\" content=\"summary_large_image\" \/>\n<meta name=\"twitter:label1\" content=\"\u00c9crit par\" \/>\n\t<meta name=\"twitter:data1\" content=\"La Marina BJ - Team Politique &amp; Gouvernance\" \/>\n\t<meta name=\"twitter:label2\" content=\"Dur\u00e9e de lecture estim\u00e9e\" \/>\n\t<meta name=\"twitter:data2\" content=\"4 minutes\" \/>\n<script type=\"application\/ld+json\" class=\"yoast-schema-graph\">{\"@context\":\"https:\\\/\\\/schema.org\",\"@graph\":[{\"@type\":\"NewsArticle\",\"@id\":\"https:\\\/\\\/lamarina.bj\\\/index.php\\\/2026\\\/04\\\/27\\\/free-roaming-pourquoi-le-corridor-cotonou-lome-dakar-brise-le-mur-des-prix\\\/#article\",\"isPartOf\":{\"@id\":\"https:\\\/\\\/lamarina.bj\\\/index.php\\\/2026\\\/04\\\/27\\\/free-roaming-pourquoi-le-corridor-cotonou-lome-dakar-brise-le-mur-des-prix\\\/\"},\"author\":{\"name\":\"La Marina BJ - Team Politique &amp; Gouvernance\",\"@id\":\"https:\\\/\\\/lamarina.bj\\\/#\\\/schema\\\/person\\\/27ef1e32815ead2e2ae424a8df0f3e01\"},\"headline\":\"Free Roaming : Pourquoi le corridor Cotonou-Lom\u00e9-Dakar brise le mur des prix\",\"datePublished\":\"2026-04-27T07:23:00+00:00\",\"mainEntityOfPage\":{\"@id\":\"https:\\\/\\\/lamarina.bj\\\/index.php\\\/2026\\\/04\\\/27\\\/free-roaming-pourquoi-le-corridor-cotonou-lome-dakar-brise-le-mur-des-prix\\\/\"},\"wordCount\":672,\"commentCount\":0,\"image\":{\"@id\":\"https:\\\/\\\/lamarina.bj\\\/index.php\\\/2026\\\/04\\\/27\\\/free-roaming-pourquoi-le-corridor-cotonou-lome-dakar-brise-le-mur-des-prix\\\/#primaryimage\"},\"thumbnailUrl\":\"https:\\\/\\\/lamarina.bj\\\/wp-content\\\/uploads\\\/2026\\\/04\\\/La-Marina-BJ-_20260426_193325_0000.png\",\"keywords\":[\"B\u00e9nin\",\"Free roaming\",\"S\u00e9n\u00e9gal\",\"Togo\"],\"articleSection\":[\"INTERNATIONAL\",\"L'\u00c9V\u00c9NEMENT\"],\"inLanguage\":\"fr-FR\",\"potentialAction\":[{\"@type\":\"CommentAction\",\"name\":\"Comment\",\"target\":[\"https:\\\/\\\/lamarina.bj\\\/index.php\\\/2026\\\/04\\\/27\\\/free-roaming-pourquoi-le-corridor-cotonou-lome-dakar-brise-le-mur-des-prix\\\/#respond\"]}]},{\"@type\":[\"WebPage\",\"SearchResultsPage\"],\"@id\":\"https:\\\/\\\/lamarina.bj\\\/index.php\\\/2026\\\/04\\\/27\\\/free-roaming-pourquoi-le-corridor-cotonou-lome-dakar-brise-le-mur-des-prix\\\/\",\"url\":\"https:\\\/\\\/lamarina.bj\\\/index.php\\\/2026\\\/04\\\/27\\\/free-roaming-pourquoi-le-corridor-cotonou-lome-dakar-brise-le-mur-des-prix\\\/\",\"name\":\"Free Roaming : Pourquoi le corridor Cotonou-Lom\u00e9-Dakar brise le mur des prix - LA MARINA BJ\",\"isPartOf\":{\"@id\":\"https:\\\/\\\/lamarina.bj\\\/#website\"},\"primaryImageOfPage\":{\"@id\":\"https:\\\/\\\/lamarina.bj\\\/index.php\\\/2026\\\/04\\\/27\\\/free-roaming-pourquoi-le-corridor-cotonou-lome-dakar-brise-le-mur-des-prix\\\/#primaryimage\"},\"image\":{\"@id\":\"https:\\\/\\\/lamarina.bj\\\/index.php\\\/2026\\\/04\\\/27\\\/free-roaming-pourquoi-le-corridor-cotonou-lome-dakar-brise-le-mur-des-prix\\\/#primaryimage\"},\"thumbnailUrl\":\"https:\\\/\\\/lamarina.bj\\\/wp-content\\\/uploads\\\/2026\\\/04\\\/La-Marina-BJ-_20260426_193325_0000.png\",\"datePublished\":\"2026-04-27T07:23:00+00:00\",\"author\":{\"@id\":\"https:\\\/\\\/lamarina.bj\\\/#\\\/schema\\\/person\\\/27ef1e32815ead2e2ae424a8df0f3e01\"},\"description\":\"L'activation, le 24 avril 2026 \u00e0 Lom\u00e9, des accords d'itin\u00e9rance entre le B\u00e9nin, le Togo et le S\u00e9n\u00e9gal marque un tournant technique et tarifaire. Derri\u00e8re l'affichage institutionnel se cache une refonte profonde des co\u00fbts de communication qui lib\u00e8re enfin la mobilit\u00e9 dans cet espace strat\u00e9gique. En savoir plus.\",\"breadcrumb\":{\"@id\":\"https:\\\/\\\/lamarina.bj\\\/index.php\\\/2026\\\/04\\\/27\\\/free-roaming-pourquoi-le-corridor-cotonou-lome-dakar-brise-le-mur-des-prix\\\/#breadcrumb\"},\"inLanguage\":\"fr-FR\",\"potentialAction\":[{\"@type\":\"ReadAction\",\"target\":[\"https:\\\/\\\/lamarina.bj\\\/index.php\\\/2026\\\/04\\\/27\\\/free-roaming-pourquoi-le-corridor-cotonou-lome-dakar-brise-le-mur-des-prix\\\/\"]}]},{\"@type\":\"ImageObject\",\"inLanguage\":\"fr-FR\",\"@id\":\"https:\\\/\\\/lamarina.bj\\\/index.php\\\/2026\\\/04\\\/27\\\/free-roaming-pourquoi-le-corridor-cotonou-lome-dakar-brise-le-mur-des-prix\\\/#primaryimage\",\"url\":\"https:\\\/\\\/lamarina.bj\\\/wp-content\\\/uploads\\\/2026\\\/04\\\/La-Marina-BJ-_20260426_193325_0000.png\",\"contentUrl\":\"https:\\\/\\\/lamarina.bj\\\/wp-content\\\/uploads\\\/2026\\\/04\\\/La-Marina-BJ-_20260426_193325_0000.png\",\"width\":1080,\"height\":1080},{\"@type\":\"BreadcrumbList\",\"@id\":\"https:\\\/\\\/lamarina.bj\\\/index.php\\\/2026\\\/04\\\/27\\\/free-roaming-pourquoi-le-corridor-cotonou-lome-dakar-brise-le-mur-des-prix\\\/#breadcrumb\",\"itemListElement\":[{\"@type\":\"ListItem\",\"position\":1,\"name\":\"Accueil\",\"item\":\"https:\\\/\\\/darkslategrey-quetzal-980263.hostingersite.com\\\/\"},{\"@type\":\"ListItem\",\"position\":2,\"name\":\"Free Roaming : Pourquoi le corridor Cotonou-Lom\u00e9-Dakar brise le mur des prix\"}]},{\"@type\":\"WebSite\",\"@id\":\"https:\\\/\\\/lamarina.bj\\\/#website\",\"url\":\"https:\\\/\\\/lamarina.bj\\\/\",\"name\":\"LA MARINA BJ\",\"description\":\"Votre portail vers l&#039;information strat\u00e9gique au B\u00e9nin, en Afrique et au-del\u00e0\",\"potentialAction\":[{\"@type\":\"SearchAction\",\"target\":{\"@type\":\"EntryPoint\",\"urlTemplate\":\"https:\\\/\\\/lamarina.bj\\\/?s={search_term_string}\"},\"query-input\":{\"@type\":\"PropertyValueSpecification\",\"valueRequired\":true,\"valueName\":\"search_term_string\"}}],\"inLanguage\":\"fr-FR\"},{\"@type\":\"Person\",\"@id\":\"https:\\\/\\\/lamarina.bj\\\/#\\\/schema\\\/person\\\/27ef1e32815ead2e2ae424a8df0f3e01\",\"name\":\"La Marina BJ - Team Politique &amp; Gouvernance\",\"image\":{\"@type\":\"ImageObject\",\"inLanguage\":\"fr-FR\",\"@id\":\"https:\\\/\\\/secure.gravatar.com\\\/avatar\\\/fd9545dd7863c2f40d7696b9bb5d085e4615baa276d5cd3e6a5a3bbc53bfae6e?s=96&d=mm&r=g\",\"url\":\"https:\\\/\\\/secure.gravatar.com\\\/avatar\\\/fd9545dd7863c2f40d7696b9bb5d085e4615baa276d5cd3e6a5a3bbc53bfae6e?s=96&d=mm&r=g\",\"contentUrl\":\"https:\\\/\\\/secure.gravatar.com\\\/avatar\\\/fd9545dd7863c2f40d7696b9bb5d085e4615baa276d5cd3e6a5a3bbc53bfae6e?s=96&d=mm&r=g\",\"caption\":\"La Marina BJ - Team Politique &amp; Gouvernance\"},\"description\":\"La Team Politique &amp; Gouvernance de La Marina BJ est au c\u0153ur de l\u2019analyse des enjeux politiques, institutionnels et de gouvernance au B\u00e9nin et en Afrique. Compos\u00e9e de journalistes sp\u00e9cialis\u00e9s en affaires publiques et en politique, cette \u00e9quipe s\u2019attache \u00e0 d\u00e9crypter les d\u00e9cisions politiques, \u00e0 suivre l\u2019\u00e9volution des r\u00e9formes institutionnelles, et \u00e0 analyser les dynamiques de pouvoir au sein des institutions nationales et internationales.\",\"url\":\"https:\\\/\\\/lamarina.bj\\\/index.php\\\/author\\\/adimi\\\/\"}]}<\/script>\n<!-- \/ Yoast SEO plugin. -->","yoast_head_json":{"title":"Free Roaming : Pourquoi le corridor Cotonou-Lom\u00e9-Dakar brise le mur des prix - LA MARINA BJ","description":"L'activation, le 24 avril 2026 \u00e0 Lom\u00e9, des accords d'itin\u00e9rance entre le B\u00e9nin, le Togo et le S\u00e9n\u00e9gal marque un tournant technique et tarifaire. Derri\u00e8re l'affichage institutionnel se cache une refonte profonde des co\u00fbts de communication qui lib\u00e8re enfin la mobilit\u00e9 dans cet espace strat\u00e9gique. En savoir plus.","robots":{"index":"index","follow":"follow","max-snippet":"max-snippet:-1","max-image-preview":"max-image-preview:large","max-video-preview":"max-video-preview:-1"},"canonical":"https:\/\/lamarina.bj\/index.php\/2026\/04\/27\/free-roaming-pourquoi-le-corridor-cotonou-lome-dakar-brise-le-mur-des-prix\/","og_locale":"fr_FR","og_type":"article","og_title":"Free Roaming : Pourquoi le corridor Cotonou-Lom\u00e9-Dakar brise le mur des prix - LA MARINA BJ","og_description":"L'activation, le 24 avril 2026 \u00e0 Lom\u00e9, des accords d'itin\u00e9rance entre le B\u00e9nin, le Togo et le S\u00e9n\u00e9gal marque un tournant technique et tarifaire. Derri\u00e8re l'affichage institutionnel se cache une refonte profonde des co\u00fbts de communication qui lib\u00e8re enfin la mobilit\u00e9 dans cet espace strat\u00e9gique. En savoir plus.","og_url":"https:\/\/lamarina.bj\/index.php\/2026\/04\/27\/free-roaming-pourquoi-le-corridor-cotonou-lome-dakar-brise-le-mur-des-prix\/","og_site_name":"LA MARINA BJ","article_published_time":"2026-04-27T07:23:00+00:00","og_image":[{"width":1080,"height":1080,"url":"https:\/\/lamarina.bj\/wp-content\/uploads\/2026\/04\/La-Marina-BJ-_20260426_193325_0000.png","type":"image\/png"}],"author":"La Marina BJ - Team Politique &amp; Gouvernance","twitter_card":"summary_large_image","twitter_misc":{"\u00c9crit par":"La Marina BJ - Team Politique &amp; Gouvernance","Dur\u00e9e de lecture estim\u00e9e":"4 minutes"},"schema":{"@context":"https:\/\/schema.org","@graph":[{"@type":"NewsArticle","@id":"https:\/\/lamarina.bj\/index.php\/2026\/04\/27\/free-roaming-pourquoi-le-corridor-cotonou-lome-dakar-brise-le-mur-des-prix\/#article","isPartOf":{"@id":"https:\/\/lamarina.bj\/index.php\/2026\/04\/27\/free-roaming-pourquoi-le-corridor-cotonou-lome-dakar-brise-le-mur-des-prix\/"},"author":{"name":"La Marina BJ - Team Politique &amp; Gouvernance","@id":"https:\/\/lamarina.bj\/#\/schema\/person\/27ef1e32815ead2e2ae424a8df0f3e01"},"headline":"Free Roaming : Pourquoi le corridor Cotonou-Lom\u00e9-Dakar brise le mur des prix","datePublished":"2026-04-27T07:23:00+00:00","mainEntityOfPage":{"@id":"https:\/\/lamarina.bj\/index.php\/2026\/04\/27\/free-roaming-pourquoi-le-corridor-cotonou-lome-dakar-brise-le-mur-des-prix\/"},"wordCount":672,"commentCount":0,"image":{"@id":"https:\/\/lamarina.bj\/index.php\/2026\/04\/27\/free-roaming-pourquoi-le-corridor-cotonou-lome-dakar-brise-le-mur-des-prix\/#primaryimage"},"thumbnailUrl":"https:\/\/lamarina.bj\/wp-content\/uploads\/2026\/04\/La-Marina-BJ-_20260426_193325_0000.png","keywords":["B\u00e9nin","Free roaming","S\u00e9n\u00e9gal","Togo"],"articleSection":["INTERNATIONAL","L'\u00c9V\u00c9NEMENT"],"inLanguage":"fr-FR","potentialAction":[{"@type":"CommentAction","name":"Comment","target":["https:\/\/lamarina.bj\/index.php\/2026\/04\/27\/free-roaming-pourquoi-le-corridor-cotonou-lome-dakar-brise-le-mur-des-prix\/#respond"]}]},{"@type":["WebPage","SearchResultsPage"],"@id":"https:\/\/lamarina.bj\/index.php\/2026\/04\/27\/free-roaming-pourquoi-le-corridor-cotonou-lome-dakar-brise-le-mur-des-prix\/","url":"https:\/\/lamarina.bj\/index.php\/2026\/04\/27\/free-roaming-pourquoi-le-corridor-cotonou-lome-dakar-brise-le-mur-des-prix\/","name":"Free Roaming : Pourquoi le corridor Cotonou-Lom\u00e9-Dakar brise le mur des prix - LA MARINA BJ","isPartOf":{"@id":"https:\/\/lamarina.bj\/#website"},"primaryImageOfPage":{"@id":"https:\/\/lamarina.bj\/index.php\/2026\/04\/27\/free-roaming-pourquoi-le-corridor-cotonou-lome-dakar-brise-le-mur-des-prix\/#primaryimage"},"image":{"@id":"https:\/\/lamarina.bj\/index.php\/2026\/04\/27\/free-roaming-pourquoi-le-corridor-cotonou-lome-dakar-brise-le-mur-des-prix\/#primaryimage"},"thumbnailUrl":"https:\/\/lamarina.bj\/wp-content\/uploads\/2026\/04\/La-Marina-BJ-_20260426_193325_0000.png","datePublished":"2026-04-27T07:23:00+00:00","author":{"@id":"https:\/\/lamarina.bj\/#\/schema\/person\/27ef1e32815ead2e2ae424a8df0f3e01"},"description":"L'activation, le 24 avril 2026 \u00e0 Lom\u00e9, des accords d'itin\u00e9rance entre le B\u00e9nin, le Togo et le S\u00e9n\u00e9gal marque un tournant technique et tarifaire. Derri\u00e8re l'affichage institutionnel se cache une refonte profonde des co\u00fbts de communication qui lib\u00e8re enfin la mobilit\u00e9 dans cet espace strat\u00e9gique. En savoir plus.","breadcrumb":{"@id":"https:\/\/lamarina.bj\/index.php\/2026\/04\/27\/free-roaming-pourquoi-le-corridor-cotonou-lome-dakar-brise-le-mur-des-prix\/#breadcrumb"},"inLanguage":"fr-FR","potentialAction":[{"@type":"ReadAction","target":["https:\/\/lamarina.bj\/index.php\/2026\/04\/27\/free-roaming-pourquoi-le-corridor-cotonou-lome-dakar-brise-le-mur-des-prix\/"]}]},{"@type":"ImageObject","inLanguage":"fr-FR","@id":"https:\/\/lamarina.bj\/index.php\/2026\/04\/27\/free-roaming-pourquoi-le-corridor-cotonou-lome-dakar-brise-le-mur-des-prix\/#primaryimage","url":"https:\/\/lamarina.bj\/wp-content\/uploads\/2026\/04\/La-Marina-BJ-_20260426_193325_0000.png","contentUrl":"https:\/\/lamarina.bj\/wp-content\/uploads\/2026\/04\/La-Marina-BJ-_20260426_193325_0000.png","width":1080,"height":1080},{"@type":"BreadcrumbList","@id":"https:\/\/lamarina.bj\/index.php\/2026\/04\/27\/free-roaming-pourquoi-le-corridor-cotonou-lome-dakar-brise-le-mur-des-prix\/#breadcrumb","itemListElement":[{"@type":"ListItem","position":1,"name":"Accueil","item":"https:\/\/darkslategrey-quetzal-980263.hostingersite.com\/"},{"@type":"ListItem","position":2,"name":"Free Roaming : Pourquoi le corridor Cotonou-Lom\u00e9-Dakar brise le mur des prix"}]},{"@type":"WebSite","@id":"https:\/\/lamarina.bj\/#website","url":"https:\/\/lamarina.bj\/","name":"LA MARINA BJ","description":"Votre portail vers l&#039;information strat\u00e9gique au B\u00e9nin, en Afrique et au-del\u00e0","potentialAction":[{"@type":"SearchAction","target":{"@type":"EntryPoint","urlTemplate":"https:\/\/lamarina.bj\/?s={search_term_string}"},"query-input":{"@type":"PropertyValueSpecification","valueRequired":true,"valueName":"search_term_string"}}],"inLanguage":"fr-FR"},{"@type":"Person","@id":"https:\/\/lamarina.bj\/#\/schema\/person\/27ef1e32815ead2e2ae424a8df0f3e01","name":"La Marina BJ - Team Politique &amp; Gouvernance","image":{"@type":"ImageObject","inLanguage":"fr-FR","@id":"https:\/\/secure.gravatar.com\/avatar\/fd9545dd7863c2f40d7696b9bb5d085e4615baa276d5cd3e6a5a3bbc53bfae6e?s=96&d=mm&r=g","url":"https:\/\/secure.gravatar.com\/avatar\/fd9545dd7863c2f40d7696b9bb5d085e4615baa276d5cd3e6a5a3bbc53bfae6e?s=96&d=mm&r=g","contentUrl":"https:\/\/secure.gravatar.com\/avatar\/fd9545dd7863c2f40d7696b9bb5d085e4615baa276d5cd3e6a5a3bbc53bfae6e?s=96&d=mm&r=g","caption":"La Marina BJ - Team Politique &amp; Gouvernance"},"description":"La Team Politique &amp; Gouvernance de La Marina BJ est au c\u0153ur de l\u2019analyse des enjeux politiques, institutionnels et de gouvernance au B\u00e9nin et en Afrique. Compos\u00e9e de journalistes sp\u00e9cialis\u00e9s en affaires publiques et en politique, cette \u00e9quipe s\u2019attache \u00e0 d\u00e9crypter les d\u00e9cisions politiques, \u00e0 suivre l\u2019\u00e9volution des r\u00e9formes institutionnelles, et \u00e0 analyser les dynamiques de pouvoir au sein des institutions nationales et internationales.","url":"https:\/\/lamarina.bj\/index.php\/author\/adimi\/"}]}},"_links":{"self":[{"href":"https:\/\/lamarina.bj\/index.php\/wp-json\/wp\/v2\/posts\/14829","targetHints":{"allow":["GET"]}}],"collection":[{"href":"https:\/\/lamarina.bj\/index.php\/wp-json\/wp\/v2\/posts"}],"about":[{"href":"https:\/\/lamarina.bj\/index.php\/wp-json\/wp\/v2\/types\/post"}],"author":[{"embeddable":true,"href":"https:\/\/lamarina.bj\/index.php\/wp-json\/wp\/v2\/users\/9"}],"replies":[{"embeddable":true,"href":"https:\/\/lamarina.bj\/index.php\/wp-json\/wp\/v2\/comments?post=14829"}],"version-history":[{"count":1,"href":"https:\/\/lamarina.bj\/index.php\/wp-json\/wp\/v2\/posts\/14829\/revisions"}],"predecessor-version":[{"id":14831,"href":"https:\/\/lamarina.bj\/index.php\/wp-json\/wp\/v2\/posts\/14829\/revisions\/14831"}],"wp:featuredmedia":[{"embeddable":true,"href":"https:\/\/lamarina.bj\/index.php\/wp-json\/wp\/v2\/media\/14830"}],"wp:attachment":[{"href":"https:\/\/lamarina.bj\/index.php\/wp-json\/wp\/v2\/media?parent=14829"}],"wp:term":[{"taxonomy":"category","embeddable":true,"href":"https:\/\/lamarina.bj\/index.php\/wp-json\/wp\/v2\/categories?post=14829"},{"taxonomy":"post_tag","embeddable":true,"href":"https:\/\/lamarina.bj\/index.php\/wp-json\/wp\/v2\/tags?post=14829"}],"curies":[{"name":"wp","href":"https:\/\/api.w.org\/{rel}","templated":true}]}}