{"id":14832,"date":"2026-04-27T10:21:00","date_gmt":"2026-04-27T09:21:00","guid":{"rendered":"https:\/\/lamarina.bj\/?p=14832"},"modified":"2026-04-27T07:02:33","modified_gmt":"2026-04-27T06:02:33","slug":"reforme-culturelle-au-benin-vers-un-parlement-des-createurs-avec-84-elus-departementaux","status":"publish","type":"post","link":"https:\/\/lamarina.bj\/index.php\/2026\/04\/27\/reforme-culturelle-au-benin-vers-un-parlement-des-createurs-avec-84-elus-departementaux\/","title":{"rendered":"R\u00e9forme culturelle au B\u00e9nin : vers un \u00ab parlement \u00bb des artistes avec 84 \u00e9lus d\u00e9partementaux"},"content":{"rendered":"\n<p><mark style=\"background-color:rgba(0, 0, 0, 0)\" class=\"has-inline-color has-red-color\"><strong>Culture , La Marina BJ<\/strong><\/mark> &#8211; <strong><em>Alors que le pays se pr\u00e9pare \u00e0 une transition au sommet de l&rsquo;\u00c9tat, La Marina BJ a mis la main sur les statuts approuv\u00e9s de la Maison de l&rsquo;Artiste, une pi\u00e8ce ma\u00eetresse du legs institutionnel de l&rsquo;ex\u00e9cutif sortant. Les dispositions confirment la cr\u00e9ation d&rsquo;un appareil professionnel cl\u00e9 en main, structur\u00e9 autour d&rsquo;un parlement de 84 \u00e9lus d\u00e9partementaux issus de sept fili\u00e8res distinctes. L&rsquo;analyse de l&rsquo;acte r\u00e9glementaire permet de comprendre comment l&rsquo;infrastructure culturelle est d\u00e9sormais pr\u00eate \u00e0 accueillir les ambitions du prochain septennat, offrant pour la premi\u00e8re fois une repr\u00e9sentativit\u00e9 nationale et \u00e9quitable \u00e0 l&rsquo;ensemble des cr\u00e9ateurs du territoire.<\/em><\/strong><\/p>\n\n\n\n<p>Si la mesure pr\u00e9sidentielle du 4 mars 2026 tra\u00e7ait les lignes de force du nouveau statut de l&rsquo;artiste, l&rsquo;acte du 11 mars dernier vient d&rsquo;en allumer le moteur ( <a href=\"https:\/\/lamarina.bj\/index.php\/2026\/03\/16\/benin-ce-qui-change-avec-le-nouveau-statut-de-lartiste-et-des-professionnels-de-la-culture\/\" type=\"post\" id=\"14202\"><mark style=\"background-color:rgba(0, 0, 0, 0)\" class=\"has-inline-color has-red-color\"><strong>Lire LMBJ du 16\/03\/2026<\/strong><\/mark><\/a>). En approuvant les statuts de la Maison de l&rsquo;Artiste, le gouvernement b\u00e9ninois ne se contente pas de cr\u00e9er une administration suppl\u00e9mentaire : il fonde une v\u00e9ritable chambre professionnelle dot\u00e9e d\u2019une souverainet\u00e9 in\u00e9dite.<\/p>\n\n\n\n<h2 id=\"la-fin-du-centralisme\" class=\"wp-block-heading\"><mark style=\"background-color:rgba(0, 0, 0, 0)\" class=\"has-inline-color has-red-color\">La fin du centralisme<\/mark><\/h2>\n\n\n\n<p>L\u2019innovation majeure de cette r\u00e9forme r\u00e9side dans son \u00e9quation math\u00e9matique consistant \u00e0 accorder sept fili\u00e8res artistiques pour les douze d\u00e9partements. Les arts plastiques, la musique, le cin\u00e9ma, la danse, la litt\u00e9rature, les arts de l&rsquo;oralit\u00e9 et le num\u00e9rique disposeront chacun d\u2019un repr\u00e9sentant \u00e9lu par d\u00e9partement. Ce maillage \u00e0 double entr\u00e9e brise d\u00e9finitivement l&rsquo;h\u00e9g\u00e9monie de Cotonou sur la vie culturelle en permettant au plasticien de Nikki ou au conteur de Zogbodomey de disposer de la m\u00eame voix institutionnelle que ses pairs de la m\u00e9tropole.<\/p>\n\n\n\n<p>Selon les pr\u00e9cisions de notre journaliste contributeur <strong>David Agboton <\/strong>apr\u00e8s lecture des statuts, ces 84 \u00e9lus ne si\u00e8geront pas pour la forme puisqu&rsquo;ils auront la charge de voter le budget, d&rsquo;adopter le plan strat\u00e9gique et de ratifier la convention collective des travailleurs culturels. Ce pouvoir de d\u00e9cision effectif fait passer l&rsquo;artiste du statut de spectateur \u00e0 celui d&rsquo;acteur de sa propre r\u00e9gulation.<\/p>\n\n\n\n<p>De plus, la Maison de l&rsquo;Artiste devient l&rsquo;autorit\u00e9 exclusive de d\u00e9livrance de la carte professionnelle qui mute d\u00e9sormais en un v\u00e9ritable outil de souverainet\u00e9. En tenant le registre national, l&rsquo;institution met fin \u00e0 l&rsquo;\u00e8re de l&rsquo;informel et impose un nouveau cadre aux cr\u00e9ateurs. L\u2019enjeu de cette immatriculation est d&rsquo;abord \u00e9lectoral puisque le registre fera office de liste \u00e9lectorale officielle pour d\u00e9signer les 84 repr\u00e9sentants du secteur. Sur le plan \u00e9conomique, ce document devient le s\u00e9same obligatoire pour acc\u00e9der aux guichets de financement public, aux contrats encadr\u00e9s par l&rsquo;\u00c9tat ainsi qu&rsquo;aux divers dispositifs de soutien institutionnel. Cette reconnaissance statutaire garantit ainsi que seuls les acteurs professionnels et identifi\u00e9s pourront b\u00e9n\u00e9ficier de l&rsquo;accompagnement de la puissance publique.<\/p>\n\n\n\n<h2 id=\"le-bras-arme-du-prochain-septennat\" class=\"wp-block-heading\"><mark style=\"background-color:rgba(0, 0, 0, 0)\" class=\"has-inline-color has-red-color\">Le bras arm\u00e9 du prochain septennat<\/mark><\/h2>\n\n\n\n<p>Cette structuration n&rsquo;est pas un hasard de calendrier car elle intervient \u00e0 quelques semaines de l&rsquo;investiture du pr\u00e9sident \u00e9lu, Romuald Wadagni, pr\u00e9vue le 24 mai prochain. Le projet de soci\u00e9t\u00e9 du futur chef de l&rsquo;\u00c9tat repose en grande partie sur un Programme national d&rsquo;excellence artistique incluant des r\u00e9mun\u00e9rations mensuelles pour les cr\u00e9ateurs les plus m\u00e9ritants. Sans un registre fiable et une institution repr\u00e9sentative, un tel programme serait impossible \u00e0 piloter efficacement. La Maison de l&rsquo;Artiste offre donc \u00e0 la future administration l\u2019infrastructure pr\u00eate \u00e0 l\u2019emploi pour d\u00e9ployer sa politique de promotion territoriale \u00e0 travers les p\u00f4les de splendeurs. L&rsquo;ex\u00e9cutif sortant l\u00e8gue ici un appareil institutionnel cl\u00e9 en main qui transforme la promesse politique en un m\u00e9canisme op\u00e9rationnel imm\u00e9diat.<\/p>\n\n\n\n<p>Le d\u00e9fi qui attend d\u00e9sormais la communaut\u00e9 culturelle est celui des urnes pour valider ce changement de paradigme. Pour la premi\u00e8re fois d&rsquo;ici quelques mois, la sc\u00e8ne artistique b\u00e9ninoise vivra une campagne \u00e9lectorale professionnelle d&rsquo;envergure nationale qui sera enti\u00e8rement orchestr\u00e9e par voie \u00e9lectronique. Le succ\u00e8s de cette r\u00e9forme de structure d\u00e9pendra de la capacit\u00e9 des cr\u00e9ateurs \u00e0 se mobiliser pour \u00e9lire des pairs capables de g\u00e9rer un budget autonome et de n\u00e9gocier des accords de partenariat internationaux. En h\u00e9ritant de cette institution, le futur ex\u00e9cutif h\u00e9rite aussi d&rsquo;une obligation de coh\u00e9rence consistant \u00e0 organiser rapidement ces \u00e9lections pour que le Parlement des cr\u00e9ateurs soit en place avant le lancement des grands chantiers du septennat. La rupture de m\u00e9thode est d\u00e9sormais inscrite dans les textes et il appartient d\u00e9sormais aux 84 futurs \u00e9lus de la transformer en une rupture de r\u00e9alit\u00e9 sur le terrain.<\/p>\n","protected":false},"excerpt":{"rendered":"Culture , La Marina BJ &#8211; Alors que le pays se pr\u00e9pare \u00e0 une transition au sommet de&hellip;\n","protected":false},"author":3,"featured_media":14839,"comment_status":"open","ping_status":"open","sticky":false,"template":"elementor_theme","format":"standard","meta":{"csco_singular_sidebar":"","csco_page_header_type":"standard","csco_appearance_masonry":"","csco_page_load_nextpost":"","csco_post_video_location":[],"csco_post_video_location_hash":"","csco_post_video_url":"","csco_post_video_bg_start_time":0,"csco_post_video_bg_end_time":0,"footnotes":""},"categories":[191],"tags":[41,703,511,2154],"class_list":{"0":"post-14832","1":"post","2":"type-post","3":"status-publish","4":"format-standard","5":"has-post-thumbnail","7":"category-en-savoir-plus-2","8":"tag-benin","9":"tag-culture","10":"tag-romuald-wadagni","11":"tag-statut-de-lartiste","12":"cs-entry","13":"cs-video-wrap"},"yoast_head":"<!-- This site is optimized with the Yoast SEO plugin v27.4 - https:\/\/yoast.com\/product\/yoast-seo-wordpress\/ -->\n<title>R\u00e9forme culturelle au B\u00e9nin : vers un \u00ab parlement \u00bb des artistes avec 84 \u00e9lus d\u00e9partementaux - LA MARINA BJ<\/title>\n<meta name=\"description\" content=\"Alors que le pays se pr\u00e9pare \u00e0 une transition au sommet de l&#039;\u00c9tat, La Marina BJ a mis la main sur les statuts approuv\u00e9s de la Maison de l&#039;Artiste, une pi\u00e8ce ma\u00eetresse du legs institutionnel de l&#039;ex\u00e9cutif sortant. Les dispositions confirment la cr\u00e9ation d&#039;un appareil professionnel cl\u00e9 en main, structur\u00e9 autour d&#039;un parlement de 84 \u00e9lus d\u00e9partementaux issus de sept fili\u00e8res distinctes. L&#039;analyse de l&#039;acte r\u00e9glementaire permet de comprendre comment l&#039;infrastructure culturelle est d\u00e9sormais pr\u00eate \u00e0 accueillir les ambitions du prochain septennat, offrant pour la premi\u00e8re fois une repr\u00e9sentativit\u00e9 nationale et \u00e9quitable \u00e0 l&#039;ensemble des cr\u00e9ateurs du territoire.\" \/>\n<meta name=\"robots\" content=\"index, follow, max-snippet:-1, max-image-preview:large, max-video-preview:-1\" \/>\n<link rel=\"canonical\" href=\"https:\/\/lamarina.bj\/index.php\/2026\/04\/27\/reforme-culturelle-au-benin-vers-un-parlement-des-createurs-avec-84-elus-departementaux\/\" \/>\n<meta property=\"og:locale\" content=\"fr_FR\" \/>\n<meta property=\"og:type\" content=\"article\" \/>\n<meta property=\"og:title\" content=\"R\u00e9forme culturelle au B\u00e9nin : vers un \u00ab parlement \u00bb des artistes avec 84 \u00e9lus d\u00e9partementaux - LA MARINA BJ\" \/>\n<meta property=\"og:description\" content=\"Alors que le pays se pr\u00e9pare \u00e0 une transition au sommet de l&#039;\u00c9tat, La Marina BJ a mis la main sur les statuts approuv\u00e9s de la Maison de l&#039;Artiste, une pi\u00e8ce ma\u00eetresse du legs institutionnel de l&#039;ex\u00e9cutif sortant. Les dispositions confirment la cr\u00e9ation d&#039;un appareil professionnel cl\u00e9 en main, structur\u00e9 autour d&#039;un parlement de 84 \u00e9lus d\u00e9partementaux issus de sept fili\u00e8res distinctes. L&#039;analyse de l&#039;acte r\u00e9glementaire permet de comprendre comment l&#039;infrastructure culturelle est d\u00e9sormais pr\u00eate \u00e0 accueillir les ambitions du prochain septennat, offrant pour la premi\u00e8re fois une repr\u00e9sentativit\u00e9 nationale et \u00e9quitable \u00e0 l&#039;ensemble des cr\u00e9ateurs du territoire.\" \/>\n<meta property=\"og:url\" content=\"https:\/\/lamarina.bj\/index.php\/2026\/04\/27\/reforme-culturelle-au-benin-vers-un-parlement-des-createurs-avec-84-elus-departementaux\/\" \/>\n<meta property=\"og:site_name\" content=\"LA MARINA BJ\" \/>\n<meta property=\"article:published_time\" content=\"2026-04-27T09:21:00+00:00\" \/>\n<meta property=\"og:image\" content=\"https:\/\/lamarina.bj\/wp-content\/uploads\/2026\/04\/La-Marina-BJ-_20260427_070101_0000.jpg\" \/>\n\t<meta property=\"og:image:width\" content=\"1080\" \/>\n\t<meta property=\"og:image:height\" content=\"1080\" \/>\n\t<meta property=\"og:image:type\" content=\"image\/jpeg\" \/>\n<meta name=\"author\" content=\"La Marina BJ - Team Veille &amp; Projets publics\" \/>\n<meta name=\"twitter:card\" content=\"summary_large_image\" \/>\n<meta name=\"twitter:label1\" content=\"\u00c9crit par\" \/>\n\t<meta name=\"twitter:data1\" content=\"La Marina BJ - Team Veille &amp; Projets publics\" \/>\n\t<meta name=\"twitter:label2\" content=\"Dur\u00e9e de lecture estim\u00e9e\" \/>\n\t<meta name=\"twitter:data2\" content=\"4 minutes\" \/>\n<script type=\"application\/ld+json\" class=\"yoast-schema-graph\">{\"@context\":\"https:\\\/\\\/schema.org\",\"@graph\":[{\"@type\":\"NewsArticle\",\"@id\":\"https:\\\/\\\/lamarina.bj\\\/index.php\\\/2026\\\/04\\\/27\\\/reforme-culturelle-au-benin-vers-un-parlement-des-createurs-avec-84-elus-departementaux\\\/#article\",\"isPartOf\":{\"@id\":\"https:\\\/\\\/lamarina.bj\\\/index.php\\\/2026\\\/04\\\/27\\\/reforme-culturelle-au-benin-vers-un-parlement-des-createurs-avec-84-elus-departementaux\\\/\"},\"author\":{\"name\":\"La Marina BJ - Team Veille &amp; Projets publics\",\"@id\":\"https:\\\/\\\/lamarina.bj\\\/#\\\/schema\\\/person\\\/ef8156a370905ead8612d9fe5f2fedbe\"},\"headline\":\"R\u00e9forme culturelle au B\u00e9nin : vers un \u00ab parlement \u00bb des artistes avec 84 \u00e9lus d\u00e9partementaux\",\"datePublished\":\"2026-04-27T09:21:00+00:00\",\"mainEntityOfPage\":{\"@id\":\"https:\\\/\\\/lamarina.bj\\\/index.php\\\/2026\\\/04\\\/27\\\/reforme-culturelle-au-benin-vers-un-parlement-des-createurs-avec-84-elus-departementaux\\\/\"},\"wordCount\":826,\"commentCount\":0,\"image\":{\"@id\":\"https:\\\/\\\/lamarina.bj\\\/index.php\\\/2026\\\/04\\\/27\\\/reforme-culturelle-au-benin-vers-un-parlement-des-createurs-avec-84-elus-departementaux\\\/#primaryimage\"},\"thumbnailUrl\":\"https:\\\/\\\/lamarina.bj\\\/wp-content\\\/uploads\\\/2026\\\/04\\\/La-Marina-BJ-_20260427_070101_0000.jpg\",\"keywords\":[\"B\u00e9nin\",\"Culture\",\"Romuald wadagni\",\"statut de l'artiste\"],\"articleSection\":[\"EN SAVOIR PLUS\"],\"inLanguage\":\"fr-FR\",\"potentialAction\":[{\"@type\":\"CommentAction\",\"name\":\"Comment\",\"target\":[\"https:\\\/\\\/lamarina.bj\\\/index.php\\\/2026\\\/04\\\/27\\\/reforme-culturelle-au-benin-vers-un-parlement-des-createurs-avec-84-elus-departementaux\\\/#respond\"]}]},{\"@type\":[\"WebPage\",\"SearchResultsPage\"],\"@id\":\"https:\\\/\\\/lamarina.bj\\\/index.php\\\/2026\\\/04\\\/27\\\/reforme-culturelle-au-benin-vers-un-parlement-des-createurs-avec-84-elus-departementaux\\\/\",\"url\":\"https:\\\/\\\/lamarina.bj\\\/index.php\\\/2026\\\/04\\\/27\\\/reforme-culturelle-au-benin-vers-un-parlement-des-createurs-avec-84-elus-departementaux\\\/\",\"name\":\"R\u00e9forme culturelle au B\u00e9nin : vers un \u00ab parlement \u00bb des artistes avec 84 \u00e9lus d\u00e9partementaux - LA MARINA BJ\",\"isPartOf\":{\"@id\":\"https:\\\/\\\/lamarina.bj\\\/#website\"},\"primaryImageOfPage\":{\"@id\":\"https:\\\/\\\/lamarina.bj\\\/index.php\\\/2026\\\/04\\\/27\\\/reforme-culturelle-au-benin-vers-un-parlement-des-createurs-avec-84-elus-departementaux\\\/#primaryimage\"},\"image\":{\"@id\":\"https:\\\/\\\/lamarina.bj\\\/index.php\\\/2026\\\/04\\\/27\\\/reforme-culturelle-au-benin-vers-un-parlement-des-createurs-avec-84-elus-departementaux\\\/#primaryimage\"},\"thumbnailUrl\":\"https:\\\/\\\/lamarina.bj\\\/wp-content\\\/uploads\\\/2026\\\/04\\\/La-Marina-BJ-_20260427_070101_0000.jpg\",\"datePublished\":\"2026-04-27T09:21:00+00:00\",\"author\":{\"@id\":\"https:\\\/\\\/lamarina.bj\\\/#\\\/schema\\\/person\\\/ef8156a370905ead8612d9fe5f2fedbe\"},\"description\":\"Alors que le pays se pr\u00e9pare \u00e0 une transition au sommet de l'\u00c9tat, La Marina BJ a mis la main sur les statuts approuv\u00e9s de la Maison de l'Artiste, une pi\u00e8ce ma\u00eetresse du legs institutionnel de l'ex\u00e9cutif sortant. Les dispositions confirment la cr\u00e9ation d'un appareil professionnel cl\u00e9 en main, structur\u00e9 autour d'un parlement de 84 \u00e9lus d\u00e9partementaux issus de sept fili\u00e8res distinctes. L'analyse de l'acte r\u00e9glementaire permet de comprendre comment l'infrastructure culturelle est d\u00e9sormais pr\u00eate \u00e0 accueillir les ambitions du prochain septennat, offrant pour la premi\u00e8re fois une repr\u00e9sentativit\u00e9 nationale et \u00e9quitable \u00e0 l'ensemble des cr\u00e9ateurs du territoire.\",\"breadcrumb\":{\"@id\":\"https:\\\/\\\/lamarina.bj\\\/index.php\\\/2026\\\/04\\\/27\\\/reforme-culturelle-au-benin-vers-un-parlement-des-createurs-avec-84-elus-departementaux\\\/#breadcrumb\"},\"inLanguage\":\"fr-FR\",\"potentialAction\":[{\"@type\":\"ReadAction\",\"target\":[\"https:\\\/\\\/lamarina.bj\\\/index.php\\\/2026\\\/04\\\/27\\\/reforme-culturelle-au-benin-vers-un-parlement-des-createurs-avec-84-elus-departementaux\\\/\"]}]},{\"@type\":\"ImageObject\",\"inLanguage\":\"fr-FR\",\"@id\":\"https:\\\/\\\/lamarina.bj\\\/index.php\\\/2026\\\/04\\\/27\\\/reforme-culturelle-au-benin-vers-un-parlement-des-createurs-avec-84-elus-departementaux\\\/#primaryimage\",\"url\":\"https:\\\/\\\/lamarina.bj\\\/wp-content\\\/uploads\\\/2026\\\/04\\\/La-Marina-BJ-_20260427_070101_0000.jpg\",\"contentUrl\":\"https:\\\/\\\/lamarina.bj\\\/wp-content\\\/uploads\\\/2026\\\/04\\\/La-Marina-BJ-_20260427_070101_0000.jpg\",\"width\":1080,\"height\":1080},{\"@type\":\"BreadcrumbList\",\"@id\":\"https:\\\/\\\/lamarina.bj\\\/index.php\\\/2026\\\/04\\\/27\\\/reforme-culturelle-au-benin-vers-un-parlement-des-createurs-avec-84-elus-departementaux\\\/#breadcrumb\",\"itemListElement\":[{\"@type\":\"ListItem\",\"position\":1,\"name\":\"Accueil\",\"item\":\"https:\\\/\\\/darkslategrey-quetzal-980263.hostingersite.com\\\/\"},{\"@type\":\"ListItem\",\"position\":2,\"name\":\"R\u00e9forme culturelle au B\u00e9nin : vers un \u00ab parlement \u00bb des artistes avec 84 \u00e9lus d\u00e9partementaux\"}]},{\"@type\":\"WebSite\",\"@id\":\"https:\\\/\\\/lamarina.bj\\\/#website\",\"url\":\"https:\\\/\\\/lamarina.bj\\\/\",\"name\":\"LA MARINA BJ\",\"description\":\"Votre portail vers l&#039;information strat\u00e9gique au B\u00e9nin, en Afrique et au-del\u00e0\",\"potentialAction\":[{\"@type\":\"SearchAction\",\"target\":{\"@type\":\"EntryPoint\",\"urlTemplate\":\"https:\\\/\\\/lamarina.bj\\\/?s={search_term_string}\"},\"query-input\":{\"@type\":\"PropertyValueSpecification\",\"valueRequired\":true,\"valueName\":\"search_term_string\"}}],\"inLanguage\":\"fr-FR\"},{\"@type\":\"Person\",\"@id\":\"https:\\\/\\\/lamarina.bj\\\/#\\\/schema\\\/person\\\/ef8156a370905ead8612d9fe5f2fedbe\",\"name\":\"La Marina BJ - Team Veille &amp; Projets publics\",\"image\":{\"@type\":\"ImageObject\",\"inLanguage\":\"fr-FR\",\"@id\":\"https:\\\/\\\/secure.gravatar.com\\\/avatar\\\/b56740eda81210101c8acebdd7c5c7db1bd0ab57f63df607996683fa153ff0d0?s=96&d=mm&r=g\",\"url\":\"https:\\\/\\\/secure.gravatar.com\\\/avatar\\\/b56740eda81210101c8acebdd7c5c7db1bd0ab57f63df607996683fa153ff0d0?s=96&d=mm&r=g\",\"contentUrl\":\"https:\\\/\\\/secure.gravatar.com\\\/avatar\\\/b56740eda81210101c8acebdd7c5c7db1bd0ab57f63df607996683fa153ff0d0?s=96&d=mm&r=g\",\"caption\":\"La Marina BJ - Team Veille &amp; Projets publics\"},\"description\":\"La Team Veille &amp; Projets publics de La Marina BJ est d\u00e9di\u00e9e \u00e0 la surveillance proactive des dynamiques institutionnelles impuls\u00e9es par l\u2019\u00c9tat, les agences publiques, les collectivit\u00e9s territoriales ainsi que les partenaires techniques et financiers. Gr\u00e2ce \u00e0 une veille strat\u00e9gique permanente, cette \u00e9quipe identifie et suit les projets de d\u00e9veloppement, les \u00e9tudes pr\u00e9alables et les investissements publics majeurs. Elle documente les politiques sectorielles, analyse les enjeux techniques, \u00e9conomiques, sociaux et environnementaux, et produit des contenus exclusifs pour \u00e9clairer les mutations structurelles.\",\"url\":\"https:\\\/\\\/lamarina.bj\\\/index.php\\\/author\\\/simahou\\\/\"}]}<\/script>\n<!-- \/ Yoast SEO plugin. -->","yoast_head_json":{"title":"R\u00e9forme culturelle au B\u00e9nin : vers un \u00ab parlement \u00bb des artistes avec 84 \u00e9lus d\u00e9partementaux - LA MARINA BJ","description":"Alors que le pays se pr\u00e9pare \u00e0 une transition au sommet de l'\u00c9tat, La Marina BJ a mis la main sur les statuts approuv\u00e9s de la Maison de l'Artiste, une pi\u00e8ce ma\u00eetresse du legs institutionnel de l'ex\u00e9cutif sortant. Les dispositions confirment la cr\u00e9ation d'un appareil professionnel cl\u00e9 en main, structur\u00e9 autour d'un parlement de 84 \u00e9lus d\u00e9partementaux issus de sept fili\u00e8res distinctes. L'analyse de l'acte r\u00e9glementaire permet de comprendre comment l'infrastructure culturelle est d\u00e9sormais pr\u00eate \u00e0 accueillir les ambitions du prochain septennat, offrant pour la premi\u00e8re fois une repr\u00e9sentativit\u00e9 nationale et \u00e9quitable \u00e0 l'ensemble des cr\u00e9ateurs du territoire.","robots":{"index":"index","follow":"follow","max-snippet":"max-snippet:-1","max-image-preview":"max-image-preview:large","max-video-preview":"max-video-preview:-1"},"canonical":"https:\/\/lamarina.bj\/index.php\/2026\/04\/27\/reforme-culturelle-au-benin-vers-un-parlement-des-createurs-avec-84-elus-departementaux\/","og_locale":"fr_FR","og_type":"article","og_title":"R\u00e9forme culturelle au B\u00e9nin : vers un \u00ab parlement \u00bb des artistes avec 84 \u00e9lus d\u00e9partementaux - LA MARINA BJ","og_description":"Alors que le pays se pr\u00e9pare \u00e0 une transition au sommet de l'\u00c9tat, La Marina BJ a mis la main sur les statuts approuv\u00e9s de la Maison de l'Artiste, une pi\u00e8ce ma\u00eetresse du legs institutionnel de l'ex\u00e9cutif sortant. Les dispositions confirment la cr\u00e9ation d'un appareil professionnel cl\u00e9 en main, structur\u00e9 autour d'un parlement de 84 \u00e9lus d\u00e9partementaux issus de sept fili\u00e8res distinctes. L'analyse de l'acte r\u00e9glementaire permet de comprendre comment l'infrastructure culturelle est d\u00e9sormais pr\u00eate \u00e0 accueillir les ambitions du prochain septennat, offrant pour la premi\u00e8re fois une repr\u00e9sentativit\u00e9 nationale et \u00e9quitable \u00e0 l'ensemble des cr\u00e9ateurs du territoire.","og_url":"https:\/\/lamarina.bj\/index.php\/2026\/04\/27\/reforme-culturelle-au-benin-vers-un-parlement-des-createurs-avec-84-elus-departementaux\/","og_site_name":"LA MARINA BJ","article_published_time":"2026-04-27T09:21:00+00:00","og_image":[{"width":1080,"height":1080,"url":"https:\/\/lamarina.bj\/wp-content\/uploads\/2026\/04\/La-Marina-BJ-_20260427_070101_0000.jpg","type":"image\/jpeg"}],"author":"La Marina BJ - Team Veille &amp; Projets publics","twitter_card":"summary_large_image","twitter_misc":{"\u00c9crit par":"La Marina BJ - Team Veille &amp; Projets publics","Dur\u00e9e de lecture estim\u00e9e":"4 minutes"},"schema":{"@context":"https:\/\/schema.org","@graph":[{"@type":"NewsArticle","@id":"https:\/\/lamarina.bj\/index.php\/2026\/04\/27\/reforme-culturelle-au-benin-vers-un-parlement-des-createurs-avec-84-elus-departementaux\/#article","isPartOf":{"@id":"https:\/\/lamarina.bj\/index.php\/2026\/04\/27\/reforme-culturelle-au-benin-vers-un-parlement-des-createurs-avec-84-elus-departementaux\/"},"author":{"name":"La Marina BJ - Team Veille &amp; Projets publics","@id":"https:\/\/lamarina.bj\/#\/schema\/person\/ef8156a370905ead8612d9fe5f2fedbe"},"headline":"R\u00e9forme culturelle au B\u00e9nin : vers un \u00ab parlement \u00bb des artistes avec 84 \u00e9lus d\u00e9partementaux","datePublished":"2026-04-27T09:21:00+00:00","mainEntityOfPage":{"@id":"https:\/\/lamarina.bj\/index.php\/2026\/04\/27\/reforme-culturelle-au-benin-vers-un-parlement-des-createurs-avec-84-elus-departementaux\/"},"wordCount":826,"commentCount":0,"image":{"@id":"https:\/\/lamarina.bj\/index.php\/2026\/04\/27\/reforme-culturelle-au-benin-vers-un-parlement-des-createurs-avec-84-elus-departementaux\/#primaryimage"},"thumbnailUrl":"https:\/\/lamarina.bj\/wp-content\/uploads\/2026\/04\/La-Marina-BJ-_20260427_070101_0000.jpg","keywords":["B\u00e9nin","Culture","Romuald wadagni","statut de l'artiste"],"articleSection":["EN SAVOIR PLUS"],"inLanguage":"fr-FR","potentialAction":[{"@type":"CommentAction","name":"Comment","target":["https:\/\/lamarina.bj\/index.php\/2026\/04\/27\/reforme-culturelle-au-benin-vers-un-parlement-des-createurs-avec-84-elus-departementaux\/#respond"]}]},{"@type":["WebPage","SearchResultsPage"],"@id":"https:\/\/lamarina.bj\/index.php\/2026\/04\/27\/reforme-culturelle-au-benin-vers-un-parlement-des-createurs-avec-84-elus-departementaux\/","url":"https:\/\/lamarina.bj\/index.php\/2026\/04\/27\/reforme-culturelle-au-benin-vers-un-parlement-des-createurs-avec-84-elus-departementaux\/","name":"R\u00e9forme culturelle au B\u00e9nin : vers un \u00ab parlement \u00bb des artistes avec 84 \u00e9lus d\u00e9partementaux - LA MARINA BJ","isPartOf":{"@id":"https:\/\/lamarina.bj\/#website"},"primaryImageOfPage":{"@id":"https:\/\/lamarina.bj\/index.php\/2026\/04\/27\/reforme-culturelle-au-benin-vers-un-parlement-des-createurs-avec-84-elus-departementaux\/#primaryimage"},"image":{"@id":"https:\/\/lamarina.bj\/index.php\/2026\/04\/27\/reforme-culturelle-au-benin-vers-un-parlement-des-createurs-avec-84-elus-departementaux\/#primaryimage"},"thumbnailUrl":"https:\/\/lamarina.bj\/wp-content\/uploads\/2026\/04\/La-Marina-BJ-_20260427_070101_0000.jpg","datePublished":"2026-04-27T09:21:00+00:00","author":{"@id":"https:\/\/lamarina.bj\/#\/schema\/person\/ef8156a370905ead8612d9fe5f2fedbe"},"description":"Alors que le pays se pr\u00e9pare \u00e0 une transition au sommet de l'\u00c9tat, La Marina BJ a mis la main sur les statuts approuv\u00e9s de la Maison de l'Artiste, une pi\u00e8ce ma\u00eetresse du legs institutionnel de l'ex\u00e9cutif sortant. Les dispositions confirment la cr\u00e9ation d'un appareil professionnel cl\u00e9 en main, structur\u00e9 autour d'un parlement de 84 \u00e9lus d\u00e9partementaux issus de sept fili\u00e8res distinctes. L'analyse de l'acte r\u00e9glementaire permet de comprendre comment l'infrastructure culturelle est d\u00e9sormais pr\u00eate \u00e0 accueillir les ambitions du prochain septennat, offrant pour la premi\u00e8re fois une repr\u00e9sentativit\u00e9 nationale et \u00e9quitable \u00e0 l'ensemble des cr\u00e9ateurs du territoire.","breadcrumb":{"@id":"https:\/\/lamarina.bj\/index.php\/2026\/04\/27\/reforme-culturelle-au-benin-vers-un-parlement-des-createurs-avec-84-elus-departementaux\/#breadcrumb"},"inLanguage":"fr-FR","potentialAction":[{"@type":"ReadAction","target":["https:\/\/lamarina.bj\/index.php\/2026\/04\/27\/reforme-culturelle-au-benin-vers-un-parlement-des-createurs-avec-84-elus-departementaux\/"]}]},{"@type":"ImageObject","inLanguage":"fr-FR","@id":"https:\/\/lamarina.bj\/index.php\/2026\/04\/27\/reforme-culturelle-au-benin-vers-un-parlement-des-createurs-avec-84-elus-departementaux\/#primaryimage","url":"https:\/\/lamarina.bj\/wp-content\/uploads\/2026\/04\/La-Marina-BJ-_20260427_070101_0000.jpg","contentUrl":"https:\/\/lamarina.bj\/wp-content\/uploads\/2026\/04\/La-Marina-BJ-_20260427_070101_0000.jpg","width":1080,"height":1080},{"@type":"BreadcrumbList","@id":"https:\/\/lamarina.bj\/index.php\/2026\/04\/27\/reforme-culturelle-au-benin-vers-un-parlement-des-createurs-avec-84-elus-departementaux\/#breadcrumb","itemListElement":[{"@type":"ListItem","position":1,"name":"Accueil","item":"https:\/\/darkslategrey-quetzal-980263.hostingersite.com\/"},{"@type":"ListItem","position":2,"name":"R\u00e9forme culturelle au B\u00e9nin : vers un \u00ab parlement \u00bb des artistes avec 84 \u00e9lus d\u00e9partementaux"}]},{"@type":"WebSite","@id":"https:\/\/lamarina.bj\/#website","url":"https:\/\/lamarina.bj\/","name":"LA MARINA BJ","description":"Votre portail vers l&#039;information strat\u00e9gique au B\u00e9nin, en Afrique et au-del\u00e0","potentialAction":[{"@type":"SearchAction","target":{"@type":"EntryPoint","urlTemplate":"https:\/\/lamarina.bj\/?s={search_term_string}"},"query-input":{"@type":"PropertyValueSpecification","valueRequired":true,"valueName":"search_term_string"}}],"inLanguage":"fr-FR"},{"@type":"Person","@id":"https:\/\/lamarina.bj\/#\/schema\/person\/ef8156a370905ead8612d9fe5f2fedbe","name":"La Marina BJ - Team Veille &amp; Projets publics","image":{"@type":"ImageObject","inLanguage":"fr-FR","@id":"https:\/\/secure.gravatar.com\/avatar\/b56740eda81210101c8acebdd7c5c7db1bd0ab57f63df607996683fa153ff0d0?s=96&d=mm&r=g","url":"https:\/\/secure.gravatar.com\/avatar\/b56740eda81210101c8acebdd7c5c7db1bd0ab57f63df607996683fa153ff0d0?s=96&d=mm&r=g","contentUrl":"https:\/\/secure.gravatar.com\/avatar\/b56740eda81210101c8acebdd7c5c7db1bd0ab57f63df607996683fa153ff0d0?s=96&d=mm&r=g","caption":"La Marina BJ - Team Veille &amp; Projets publics"},"description":"La Team Veille &amp; Projets publics de La Marina BJ est d\u00e9di\u00e9e \u00e0 la surveillance proactive des dynamiques institutionnelles impuls\u00e9es par l\u2019\u00c9tat, les agences publiques, les collectivit\u00e9s territoriales ainsi que les partenaires techniques et financiers. Gr\u00e2ce \u00e0 une veille strat\u00e9gique permanente, cette \u00e9quipe identifie et suit les projets de d\u00e9veloppement, les \u00e9tudes pr\u00e9alables et les investissements publics majeurs. Elle documente les politiques sectorielles, analyse les enjeux techniques, \u00e9conomiques, sociaux et environnementaux, et produit des contenus exclusifs pour \u00e9clairer les mutations structurelles.","url":"https:\/\/lamarina.bj\/index.php\/author\/simahou\/"}]}},"_links":{"self":[{"href":"https:\/\/lamarina.bj\/index.php\/wp-json\/wp\/v2\/posts\/14832","targetHints":{"allow":["GET"]}}],"collection":[{"href":"https:\/\/lamarina.bj\/index.php\/wp-json\/wp\/v2\/posts"}],"about":[{"href":"https:\/\/lamarina.bj\/index.php\/wp-json\/wp\/v2\/types\/post"}],"author":[{"embeddable":true,"href":"https:\/\/lamarina.bj\/index.php\/wp-json\/wp\/v2\/users\/3"}],"replies":[{"embeddable":true,"href":"https:\/\/lamarina.bj\/index.php\/wp-json\/wp\/v2\/comments?post=14832"}],"version-history":[{"count":3,"href":"https:\/\/lamarina.bj\/index.php\/wp-json\/wp\/v2\/posts\/14832\/revisions"}],"predecessor-version":[{"id":14838,"href":"https:\/\/lamarina.bj\/index.php\/wp-json\/wp\/v2\/posts\/14832\/revisions\/14838"}],"wp:featuredmedia":[{"embeddable":true,"href":"https:\/\/lamarina.bj\/index.php\/wp-json\/wp\/v2\/media\/14839"}],"wp:attachment":[{"href":"https:\/\/lamarina.bj\/index.php\/wp-json\/wp\/v2\/media?parent=14832"}],"wp:term":[{"taxonomy":"category","embeddable":true,"href":"https:\/\/lamarina.bj\/index.php\/wp-json\/wp\/v2\/categories?post=14832"},{"taxonomy":"post_tag","embeddable":true,"href":"https:\/\/lamarina.bj\/index.php\/wp-json\/wp\/v2\/tags?post=14832"}],"curies":[{"name":"wp","href":"https:\/\/api.w.org\/{rel}","templated":true}]}}