{"id":14840,"date":"2026-04-27T16:30:00","date_gmt":"2026-04-27T15:30:00","guid":{"rendered":"https:\/\/lamarina.bj\/?p=14840"},"modified":"2026-04-27T11:24:32","modified_gmt":"2026-04-27T10:24:32","slug":"benin-mise-en-oeuvre-imminente-de-la-reforme-de-la-boulangerie-apres-letude-du-cabinet-senegalais","status":"publish","type":"post","link":"https:\/\/lamarina.bj\/index.php\/2026\/04\/27\/benin-mise-en-oeuvre-imminente-de-la-reforme-de-la-boulangerie-apres-letude-du-cabinet-senegalais\/","title":{"rendered":"B\u00e9nin : mise en \u0153uvre imminente de la r\u00e9forme de la boulangerie apr\u00e8s l&rsquo;\u00e9tude du cabinet s\u00e9n\u00e9galais"},"content":{"rendered":"\n<p><mark style=\"background-color:rgba(0, 0, 0, 0)\" class=\"has-inline-color has-red-color\"><strong>R\u00e9forme, La Marina BJ<\/strong><\/mark> &#8211; <strong><em>Pr\u00e8s d&rsquo;un an apr\u00e8s la contractualisation avec le cabinet s\u00e9n\u00e9galais El Panis Trading SARL pour conduire l&rsquo;\u00e9tude pr\u00e9alable \u00e0 la r\u00e9forme du sous-secteur b\u00e9ninois de la boulangerie, le gouvernement b\u00e9ninois s&rsquo;appr\u00eate \u00e0 passer \u00e0 l&rsquo;acte. Selon les informations exclusives de La Marina BJ, la phase de mise en \u0153uvre est imminente en vue de la comm\u00e9moration de la Journ\u00e9e de l&rsquo;industrialisation de l&rsquo;Afrique 2026.<\/em><\/strong><\/p>\n\n\n\n<p>Le dossier de la r\u00e9forme du secteur b\u00e9ninois de la boulangerie entre dans une phase d\u00e9cisive. Apr\u00e8s des mois de travaux d&rsquo;\u00e9tude confi\u00e9s \u00e0 un prestataire s\u00e9n\u00e9galais, le gouvernement b\u00e9ninois \u00e0 travers le minist\u00e8re de l&rsquo;Industrie et du Commerce s&rsquo;appr\u00eate \u00e0 engager la mise en \u0153uvre concr\u00e8te d&rsquo;une r\u00e9forme longtemps attendue dans un sous-secteur marqu\u00e9 par des d\u00e9faillances structurelles persistantes.<\/p>\n\n\n\n<p>C&rsquo;est le Conseil des ministres du 21 mai 2025, pr\u00e9sid\u00e9 par le chef de l&rsquo;\u00c9tat Patrice Talon, qui avait officiellement act\u00e9 le lancement de cette d\u00e9marche. Le diagnostic pos\u00e9 par l&rsquo;ex\u00e9cutif \u00e9tait sans ambigu\u00eft\u00e9 : insuffisances des instruments juridiques existants, normes sanitaires insuffisamment respect\u00e9es, conditions de production archa\u00efques et m\u00e9canisme de fixation du prix du pain inadapt\u00e9 aux r\u00e9alit\u00e9s du march\u00e9. Des constats qui ne surprennent gu\u00e8re les professionnels du secteur. En 2022, plusieurs boulangeries avaient \u00e9t\u00e9 contraintes \u00e0 la fermeture \u00e0 Cotonou et ses environs pour non-respect des r\u00e8gles d&rsquo;hygi\u00e8ne, tandis que les boulangers r\u00e9clamaient une r\u00e9vision \u00e0 la hausse du prix r\u00e9glement\u00e9 du pain, rendu difficilement soutenable par la flamb\u00e9e des cours de la farine de bl\u00e9 import\u00e9e. <strong>Mais o\u00f9 en est-on avec la r\u00e9forme ?<\/strong><\/p>\n\n\n\n<h2 id=\"el-panis-trading-sarl-prestataire-exclusif\" class=\"wp-block-heading\"><mark style=\"background-color:rgba(0, 0, 0, 0)\" class=\"has-inline-color has-red-color\">El Panis Trading SARL, prestataire exclusif<\/mark><\/h2>\n\n\n\n<p>D&rsquo;apr\u00e8s notre source bien inform\u00e9e, pour conduire l&rsquo;\u00e9tude pr\u00e9alable \u00e0 cette r\u00e9forme, le gouvernement b\u00e9ninois \u00e0 travers le minist\u00e8re du Commerce, a retenu, par entente directe, le cabinet de conseil et de strat\u00e9gies s\u00e9n\u00e9galais El Panis Trading SARL. La structure est le repr\u00e9sentant exclusif de la marque turque Altuntop, sp\u00e9cialis\u00e9e dans la fabrication et la distribution d&rsquo;\u00e9quipements de boulangerie-p\u00e2tisserie en Afrique de l&rsquo;Ouest. Elle est dirig\u00e9e par Amadou GAYE, qui cumule plus de trois d\u00e9cennies d&rsquo;exp\u00e9rience dans le secteur boulanger sous-r\u00e9gional et pr\u00e9side la F\u00e9d\u00e9ration Nationale des Boulangers du S\u00e9n\u00e9gal.<\/p>\n\n\n\n<p>Les livrables attendus de cette \u00e9tude sont pr\u00e9cis : un guide technique d&rsquo;installation d&rsquo;une unit\u00e9 de boulangerie, un r\u00e9f\u00e9rentiel des bonnes pratiques pour la production du pain, un m\u00e9canisme de d\u00e9termination participative du prix du pain avec les acteurs du secteur, ainsi que des instruments de d\u00e9tection de substances prohib\u00e9es susceptibles de se trouver dans la farine de bl\u00e9 ou dans le pain mis \u00e0 la consommation.<\/p>\n\n\n\n<h2 id=\"une-mise-en-oeuvre-couplee-a-la-journee-de-lindustrialisation-de-lafrique\" class=\"wp-block-heading\"><mark style=\"background-color:rgba(0, 0, 0, 0)\" class=\"has-inline-color has-red-color\">Une mise en \u0153uvre coupl\u00e9e \u00e0 la Journ\u00e9e de l&rsquo;industrialisation de l&rsquo;Afrique<\/mark><\/h2>\n\n\n\n<p>Selon les informations exclusives de La Marina BJ, le gouvernement b\u00e9ninois s&rsquo;appr\u00eate d\u00e9sormais \u00e0 franchir l&rsquo;\u00e9tape suivante. La phase de mise en \u0153uvre de la r\u00e9forme est imminente et pourrait \u00eatre finalis\u00e9e \u00e0 l&rsquo;issue de l&rsquo;organisation de la Journ\u00e9e de l&rsquo;industrialisation de l&rsquo;Afrique au titre de la gestion 2026. C\u00e9l\u00e9br\u00e9e chaque ann\u00e9e le 20 novembre depuis sa proclamation par l&rsquo;Assembl\u00e9e g\u00e9n\u00e9rale des Nations Unies en 1989, cette journ\u00e9e constitue un rendez-vous continental structurant, mobilisant gouvernements, institutions de d\u00e9veloppement et acteurs \u00e9conomiques autour des enjeux de transformation structurelle du continent.<\/p>\n\n\n\n<p>Ce couplage traduit la volont\u00e9 des autorit\u00e9s b\u00e9ninoises d&rsquo;inscrire la modernisation du sous-secteur de la boulangerie dans une dynamique plus large d&rsquo;industrialisation agro-alimentaire, en phase avec les ambitions affich\u00e9es dans le cadre de l&rsquo;Agenda 2063 de l&rsquo;Union africaine et des Objectifs de d\u00e9veloppement durable.<\/p>\n\n\n\n<p>Sur le terrain, les acteurs du secteur attendent de cette r\u00e9forme des r\u00e9ponses concr\u00e8tes \u00e0 des probl\u00e8mes bien identifi\u00e9s. La d\u00e9pendance aux importations de farine de bl\u00e9, exposant les boulangers b\u00e9ninois \u00e0 la volatilit\u00e9 des cours internationaux, reste la principale vuln\u00e9rabilit\u00e9 du sous-secteur. La question de la r\u00e9gulation du prix du pain, maintenu sous tension entre les exigences du pouvoir d&rsquo;achat des m\u00e9nages et les contraintes \u00e9conomiques des producteurs, figurera \u00e9galement au c\u0153ur des enjeux de mise en \u0153uvre. C&rsquo;est pr\u00e9cis\u00e9ment sur ces questions que l&rsquo;expertise d&rsquo;El Panis Trading SARL sera attendue au r\u00e9sultat. \u00c0 suivre.<\/p>\n","protected":false},"excerpt":{"rendered":"R\u00e9forme, La Marina BJ &#8211; Pr\u00e8s d&rsquo;un an apr\u00e8s la contractualisation avec le cabinet s\u00e9n\u00e9galais El Panis Trading&hellip;\n","protected":false},"author":3,"featured_media":14841,"comment_status":"open","ping_status":"open","sticky":false,"template":"elementor_theme","format":"standard","meta":{"csco_singular_sidebar":"","csco_page_header_type":"standard","csco_appearance_masonry":"","csco_page_load_nextpost":"","csco_post_video_location":[],"csco_post_video_location_hash":"","csco_post_video_url":"","csco_post_video_bg_start_time":0,"csco_post_video_bg_end_time":0,"footnotes":""},"categories":[57],"tags":[41,2155,563],"class_list":{"0":"post-14840","1":"post","2":"type-post","3":"status-publish","4":"format-standard","5":"has-post-thumbnail","7":"category-a-suivre","8":"tag-benin","9":"tag-reforme-de-la-boulangerie","10":"tag-senegal","11":"cs-entry","12":"cs-video-wrap"},"yoast_head":"<!-- This site is optimized with the Yoast SEO plugin v27.4 - https:\/\/yoast.com\/product\/yoast-seo-wordpress\/ -->\n<title>B\u00e9nin : mise en \u0153uvre imminente de la r\u00e9forme de la boulangerie apr\u00e8s l&#039;\u00e9tude du cabinet s\u00e9n\u00e9galais - LA MARINA BJ<\/title>\n<meta name=\"description\" content=\"Pr\u00e8s d&#039;un an apr\u00e8s la contractualisation avec le cabinet s\u00e9n\u00e9galais El Panis Trading SARL pour conduire l&#039;\u00e9tude pr\u00e9alable \u00e0 la r\u00e9forme du sous-secteur b\u00e9ninois de la boulangerie, le gouvernement b\u00e9ninois s&#039;appr\u00eate \u00e0 passer \u00e0 l&#039;acte. Selon les informations exclusives de La Marina BJ, la phase de mise en \u0153uvre est imminente en vue de la comm\u00e9moration de la Journ\u00e9e de l&#039;industrialisation de l&#039;Afrique 2026.\" \/>\n<meta name=\"robots\" content=\"index, follow, max-snippet:-1, max-image-preview:large, max-video-preview:-1\" \/>\n<link rel=\"canonical\" href=\"https:\/\/lamarina.bj\/index.php\/2026\/04\/27\/benin-mise-en-oeuvre-imminente-de-la-reforme-de-la-boulangerie-apres-letude-du-cabinet-senegalais\/\" \/>\n<meta property=\"og:locale\" content=\"fr_FR\" \/>\n<meta property=\"og:type\" content=\"article\" \/>\n<meta property=\"og:title\" content=\"B\u00e9nin : mise en \u0153uvre imminente de la r\u00e9forme de la boulangerie apr\u00e8s l&#039;\u00e9tude du cabinet s\u00e9n\u00e9galais - LA MARINA BJ\" \/>\n<meta property=\"og:description\" content=\"Pr\u00e8s d&#039;un an apr\u00e8s la contractualisation avec le cabinet s\u00e9n\u00e9galais El Panis Trading SARL pour conduire l&#039;\u00e9tude pr\u00e9alable \u00e0 la r\u00e9forme du sous-secteur b\u00e9ninois de la boulangerie, le gouvernement b\u00e9ninois s&#039;appr\u00eate \u00e0 passer \u00e0 l&#039;acte. Selon les informations exclusives de La Marina BJ, la phase de mise en \u0153uvre est imminente en vue de la comm\u00e9moration de la Journ\u00e9e de l&#039;industrialisation de l&#039;Afrique 2026.\" \/>\n<meta property=\"og:url\" content=\"https:\/\/lamarina.bj\/index.php\/2026\/04\/27\/benin-mise-en-oeuvre-imminente-de-la-reforme-de-la-boulangerie-apres-letude-du-cabinet-senegalais\/\" \/>\n<meta property=\"og:site_name\" content=\"LA MARINA BJ\" \/>\n<meta property=\"article:published_time\" content=\"2026-04-27T15:30:00+00:00\" \/>\n<meta property=\"og:image\" content=\"https:\/\/lamarina.bj\/wp-content\/uploads\/2026\/04\/20260427_071001_0000.jpg\" \/>\n\t<meta property=\"og:image:width\" content=\"1200\" \/>\n\t<meta property=\"og:image:height\" content=\"768\" \/>\n\t<meta property=\"og:image:type\" content=\"image\/jpeg\" \/>\n<meta name=\"author\" content=\"La Marina BJ - Team Veille &amp; Projets publics\" \/>\n<meta name=\"twitter:card\" content=\"summary_large_image\" \/>\n<meta name=\"twitter:label1\" content=\"\u00c9crit par\" \/>\n\t<meta name=\"twitter:data1\" content=\"La Marina BJ - Team Veille &amp; Projets publics\" \/>\n\t<meta name=\"twitter:label2\" content=\"Dur\u00e9e de lecture estim\u00e9e\" \/>\n\t<meta name=\"twitter:data2\" content=\"4 minutes\" \/>\n<script type=\"application\/ld+json\" class=\"yoast-schema-graph\">{\"@context\":\"https:\\\/\\\/schema.org\",\"@graph\":[{\"@type\":\"NewsArticle\",\"@id\":\"https:\\\/\\\/lamarina.bj\\\/index.php\\\/2026\\\/04\\\/27\\\/benin-mise-en-oeuvre-imminente-de-la-reforme-de-la-boulangerie-apres-letude-du-cabinet-senegalais\\\/#article\",\"isPartOf\":{\"@id\":\"https:\\\/\\\/lamarina.bj\\\/index.php\\\/2026\\\/04\\\/27\\\/benin-mise-en-oeuvre-imminente-de-la-reforme-de-la-boulangerie-apres-letude-du-cabinet-senegalais\\\/\"},\"author\":{\"name\":\"La Marina BJ - Team Veille &amp; Projets publics\",\"@id\":\"https:\\\/\\\/lamarina.bj\\\/#\\\/schema\\\/person\\\/ef8156a370905ead8612d9fe5f2fedbe\"},\"headline\":\"B\u00e9nin : mise en \u0153uvre imminente de la r\u00e9forme de la boulangerie apr\u00e8s l&rsquo;\u00e9tude du cabinet s\u00e9n\u00e9galais\",\"datePublished\":\"2026-04-27T15:30:00+00:00\",\"mainEntityOfPage\":{\"@id\":\"https:\\\/\\\/lamarina.bj\\\/index.php\\\/2026\\\/04\\\/27\\\/benin-mise-en-oeuvre-imminente-de-la-reforme-de-la-boulangerie-apres-letude-du-cabinet-senegalais\\\/\"},\"wordCount\":799,\"commentCount\":0,\"image\":{\"@id\":\"https:\\\/\\\/lamarina.bj\\\/index.php\\\/2026\\\/04\\\/27\\\/benin-mise-en-oeuvre-imminente-de-la-reforme-de-la-boulangerie-apres-letude-du-cabinet-senegalais\\\/#primaryimage\"},\"thumbnailUrl\":\"https:\\\/\\\/lamarina.bj\\\/wp-content\\\/uploads\\\/2026\\\/04\\\/20260427_071001_0000.jpg\",\"keywords\":[\"B\u00e9nin\",\"R\u00e9forme de la boulangerie\",\"S\u00e9n\u00e9gal\"],\"articleSection\":[\"\u00c0 SUIVRE\"],\"inLanguage\":\"fr-FR\",\"potentialAction\":[{\"@type\":\"CommentAction\",\"name\":\"Comment\",\"target\":[\"https:\\\/\\\/lamarina.bj\\\/index.php\\\/2026\\\/04\\\/27\\\/benin-mise-en-oeuvre-imminente-de-la-reforme-de-la-boulangerie-apres-letude-du-cabinet-senegalais\\\/#respond\"]}]},{\"@type\":[\"WebPage\",\"SearchResultsPage\"],\"@id\":\"https:\\\/\\\/lamarina.bj\\\/index.php\\\/2026\\\/04\\\/27\\\/benin-mise-en-oeuvre-imminente-de-la-reforme-de-la-boulangerie-apres-letude-du-cabinet-senegalais\\\/\",\"url\":\"https:\\\/\\\/lamarina.bj\\\/index.php\\\/2026\\\/04\\\/27\\\/benin-mise-en-oeuvre-imminente-de-la-reforme-de-la-boulangerie-apres-letude-du-cabinet-senegalais\\\/\",\"name\":\"B\u00e9nin : mise en \u0153uvre imminente de la r\u00e9forme de la boulangerie apr\u00e8s l'\u00e9tude du cabinet s\u00e9n\u00e9galais - LA MARINA BJ\",\"isPartOf\":{\"@id\":\"https:\\\/\\\/lamarina.bj\\\/#website\"},\"primaryImageOfPage\":{\"@id\":\"https:\\\/\\\/lamarina.bj\\\/index.php\\\/2026\\\/04\\\/27\\\/benin-mise-en-oeuvre-imminente-de-la-reforme-de-la-boulangerie-apres-letude-du-cabinet-senegalais\\\/#primaryimage\"},\"image\":{\"@id\":\"https:\\\/\\\/lamarina.bj\\\/index.php\\\/2026\\\/04\\\/27\\\/benin-mise-en-oeuvre-imminente-de-la-reforme-de-la-boulangerie-apres-letude-du-cabinet-senegalais\\\/#primaryimage\"},\"thumbnailUrl\":\"https:\\\/\\\/lamarina.bj\\\/wp-content\\\/uploads\\\/2026\\\/04\\\/20260427_071001_0000.jpg\",\"datePublished\":\"2026-04-27T15:30:00+00:00\",\"author\":{\"@id\":\"https:\\\/\\\/lamarina.bj\\\/#\\\/schema\\\/person\\\/ef8156a370905ead8612d9fe5f2fedbe\"},\"description\":\"Pr\u00e8s d'un an apr\u00e8s la contractualisation avec le cabinet s\u00e9n\u00e9galais El Panis Trading SARL pour conduire l'\u00e9tude pr\u00e9alable \u00e0 la r\u00e9forme du sous-secteur b\u00e9ninois de la boulangerie, le gouvernement b\u00e9ninois s'appr\u00eate \u00e0 passer \u00e0 l'acte. Selon les informations exclusives de La Marina BJ, la phase de mise en \u0153uvre est imminente en vue de la comm\u00e9moration de la Journ\u00e9e de l'industrialisation de l'Afrique 2026.\",\"breadcrumb\":{\"@id\":\"https:\\\/\\\/lamarina.bj\\\/index.php\\\/2026\\\/04\\\/27\\\/benin-mise-en-oeuvre-imminente-de-la-reforme-de-la-boulangerie-apres-letude-du-cabinet-senegalais\\\/#breadcrumb\"},\"inLanguage\":\"fr-FR\",\"potentialAction\":[{\"@type\":\"ReadAction\",\"target\":[\"https:\\\/\\\/lamarina.bj\\\/index.php\\\/2026\\\/04\\\/27\\\/benin-mise-en-oeuvre-imminente-de-la-reforme-de-la-boulangerie-apres-letude-du-cabinet-senegalais\\\/\"]}]},{\"@type\":\"ImageObject\",\"inLanguage\":\"fr-FR\",\"@id\":\"https:\\\/\\\/lamarina.bj\\\/index.php\\\/2026\\\/04\\\/27\\\/benin-mise-en-oeuvre-imminente-de-la-reforme-de-la-boulangerie-apres-letude-du-cabinet-senegalais\\\/#primaryimage\",\"url\":\"https:\\\/\\\/lamarina.bj\\\/wp-content\\\/uploads\\\/2026\\\/04\\\/20260427_071001_0000.jpg\",\"contentUrl\":\"https:\\\/\\\/lamarina.bj\\\/wp-content\\\/uploads\\\/2026\\\/04\\\/20260427_071001_0000.jpg\",\"width\":1200,\"height\":768},{\"@type\":\"BreadcrumbList\",\"@id\":\"https:\\\/\\\/lamarina.bj\\\/index.php\\\/2026\\\/04\\\/27\\\/benin-mise-en-oeuvre-imminente-de-la-reforme-de-la-boulangerie-apres-letude-du-cabinet-senegalais\\\/#breadcrumb\",\"itemListElement\":[{\"@type\":\"ListItem\",\"position\":1,\"name\":\"Accueil\",\"item\":\"https:\\\/\\\/darkslategrey-quetzal-980263.hostingersite.com\\\/\"},{\"@type\":\"ListItem\",\"position\":2,\"name\":\"B\u00e9nin : mise en \u0153uvre imminente de la r\u00e9forme de la boulangerie apr\u00e8s l&rsquo;\u00e9tude du cabinet s\u00e9n\u00e9galais\"}]},{\"@type\":\"WebSite\",\"@id\":\"https:\\\/\\\/lamarina.bj\\\/#website\",\"url\":\"https:\\\/\\\/lamarina.bj\\\/\",\"name\":\"LA MARINA BJ\",\"description\":\"Votre portail vers l&#039;information strat\u00e9gique au B\u00e9nin, en Afrique et au-del\u00e0\",\"potentialAction\":[{\"@type\":\"SearchAction\",\"target\":{\"@type\":\"EntryPoint\",\"urlTemplate\":\"https:\\\/\\\/lamarina.bj\\\/?s={search_term_string}\"},\"query-input\":{\"@type\":\"PropertyValueSpecification\",\"valueRequired\":true,\"valueName\":\"search_term_string\"}}],\"inLanguage\":\"fr-FR\"},{\"@type\":\"Person\",\"@id\":\"https:\\\/\\\/lamarina.bj\\\/#\\\/schema\\\/person\\\/ef8156a370905ead8612d9fe5f2fedbe\",\"name\":\"La Marina BJ - Team Veille &amp; Projets publics\",\"image\":{\"@type\":\"ImageObject\",\"inLanguage\":\"fr-FR\",\"@id\":\"https:\\\/\\\/secure.gravatar.com\\\/avatar\\\/b56740eda81210101c8acebdd7c5c7db1bd0ab57f63df607996683fa153ff0d0?s=96&d=mm&r=g\",\"url\":\"https:\\\/\\\/secure.gravatar.com\\\/avatar\\\/b56740eda81210101c8acebdd7c5c7db1bd0ab57f63df607996683fa153ff0d0?s=96&d=mm&r=g\",\"contentUrl\":\"https:\\\/\\\/secure.gravatar.com\\\/avatar\\\/b56740eda81210101c8acebdd7c5c7db1bd0ab57f63df607996683fa153ff0d0?s=96&d=mm&r=g\",\"caption\":\"La Marina BJ - Team Veille &amp; Projets publics\"},\"description\":\"La Team Veille &amp; Projets publics de La Marina BJ est d\u00e9di\u00e9e \u00e0 la surveillance proactive des dynamiques institutionnelles impuls\u00e9es par l\u2019\u00c9tat, les agences publiques, les collectivit\u00e9s territoriales ainsi que les partenaires techniques et financiers. Gr\u00e2ce \u00e0 une veille strat\u00e9gique permanente, cette \u00e9quipe identifie et suit les projets de d\u00e9veloppement, les \u00e9tudes pr\u00e9alables et les investissements publics majeurs. Elle documente les politiques sectorielles, analyse les enjeux techniques, \u00e9conomiques, sociaux et environnementaux, et produit des contenus exclusifs pour \u00e9clairer les mutations structurelles.\",\"url\":\"https:\\\/\\\/lamarina.bj\\\/index.php\\\/author\\\/simahou\\\/\"}]}<\/script>\n<!-- \/ Yoast SEO plugin. -->","yoast_head_json":{"title":"B\u00e9nin : mise en \u0153uvre imminente de la r\u00e9forme de la boulangerie apr\u00e8s l'\u00e9tude du cabinet s\u00e9n\u00e9galais - LA MARINA BJ","description":"Pr\u00e8s d'un an apr\u00e8s la contractualisation avec le cabinet s\u00e9n\u00e9galais El Panis Trading SARL pour conduire l'\u00e9tude pr\u00e9alable \u00e0 la r\u00e9forme du sous-secteur b\u00e9ninois de la boulangerie, le gouvernement b\u00e9ninois s'appr\u00eate \u00e0 passer \u00e0 l'acte. Selon les informations exclusives de La Marina BJ, la phase de mise en \u0153uvre est imminente en vue de la comm\u00e9moration de la Journ\u00e9e de l'industrialisation de l'Afrique 2026.","robots":{"index":"index","follow":"follow","max-snippet":"max-snippet:-1","max-image-preview":"max-image-preview:large","max-video-preview":"max-video-preview:-1"},"canonical":"https:\/\/lamarina.bj\/index.php\/2026\/04\/27\/benin-mise-en-oeuvre-imminente-de-la-reforme-de-la-boulangerie-apres-letude-du-cabinet-senegalais\/","og_locale":"fr_FR","og_type":"article","og_title":"B\u00e9nin : mise en \u0153uvre imminente de la r\u00e9forme de la boulangerie apr\u00e8s l'\u00e9tude du cabinet s\u00e9n\u00e9galais - LA MARINA BJ","og_description":"Pr\u00e8s d'un an apr\u00e8s la contractualisation avec le cabinet s\u00e9n\u00e9galais El Panis Trading SARL pour conduire l'\u00e9tude pr\u00e9alable \u00e0 la r\u00e9forme du sous-secteur b\u00e9ninois de la boulangerie, le gouvernement b\u00e9ninois s'appr\u00eate \u00e0 passer \u00e0 l'acte. Selon les informations exclusives de La Marina BJ, la phase de mise en \u0153uvre est imminente en vue de la comm\u00e9moration de la Journ\u00e9e de l'industrialisation de l'Afrique 2026.","og_url":"https:\/\/lamarina.bj\/index.php\/2026\/04\/27\/benin-mise-en-oeuvre-imminente-de-la-reforme-de-la-boulangerie-apres-letude-du-cabinet-senegalais\/","og_site_name":"LA MARINA BJ","article_published_time":"2026-04-27T15:30:00+00:00","og_image":[{"width":1200,"height":768,"url":"https:\/\/lamarina.bj\/wp-content\/uploads\/2026\/04\/20260427_071001_0000.jpg","type":"image\/jpeg"}],"author":"La Marina BJ - Team Veille &amp; Projets publics","twitter_card":"summary_large_image","twitter_misc":{"\u00c9crit par":"La Marina BJ - Team Veille &amp; Projets publics","Dur\u00e9e de lecture estim\u00e9e":"4 minutes"},"schema":{"@context":"https:\/\/schema.org","@graph":[{"@type":"NewsArticle","@id":"https:\/\/lamarina.bj\/index.php\/2026\/04\/27\/benin-mise-en-oeuvre-imminente-de-la-reforme-de-la-boulangerie-apres-letude-du-cabinet-senegalais\/#article","isPartOf":{"@id":"https:\/\/lamarina.bj\/index.php\/2026\/04\/27\/benin-mise-en-oeuvre-imminente-de-la-reforme-de-la-boulangerie-apres-letude-du-cabinet-senegalais\/"},"author":{"name":"La Marina BJ - Team Veille &amp; Projets publics","@id":"https:\/\/lamarina.bj\/#\/schema\/person\/ef8156a370905ead8612d9fe5f2fedbe"},"headline":"B\u00e9nin : mise en \u0153uvre imminente de la r\u00e9forme de la boulangerie apr\u00e8s l&rsquo;\u00e9tude du cabinet s\u00e9n\u00e9galais","datePublished":"2026-04-27T15:30:00+00:00","mainEntityOfPage":{"@id":"https:\/\/lamarina.bj\/index.php\/2026\/04\/27\/benin-mise-en-oeuvre-imminente-de-la-reforme-de-la-boulangerie-apres-letude-du-cabinet-senegalais\/"},"wordCount":799,"commentCount":0,"image":{"@id":"https:\/\/lamarina.bj\/index.php\/2026\/04\/27\/benin-mise-en-oeuvre-imminente-de-la-reforme-de-la-boulangerie-apres-letude-du-cabinet-senegalais\/#primaryimage"},"thumbnailUrl":"https:\/\/lamarina.bj\/wp-content\/uploads\/2026\/04\/20260427_071001_0000.jpg","keywords":["B\u00e9nin","R\u00e9forme de la boulangerie","S\u00e9n\u00e9gal"],"articleSection":["\u00c0 SUIVRE"],"inLanguage":"fr-FR","potentialAction":[{"@type":"CommentAction","name":"Comment","target":["https:\/\/lamarina.bj\/index.php\/2026\/04\/27\/benin-mise-en-oeuvre-imminente-de-la-reforme-de-la-boulangerie-apres-letude-du-cabinet-senegalais\/#respond"]}]},{"@type":["WebPage","SearchResultsPage"],"@id":"https:\/\/lamarina.bj\/index.php\/2026\/04\/27\/benin-mise-en-oeuvre-imminente-de-la-reforme-de-la-boulangerie-apres-letude-du-cabinet-senegalais\/","url":"https:\/\/lamarina.bj\/index.php\/2026\/04\/27\/benin-mise-en-oeuvre-imminente-de-la-reforme-de-la-boulangerie-apres-letude-du-cabinet-senegalais\/","name":"B\u00e9nin : mise en \u0153uvre imminente de la r\u00e9forme de la boulangerie apr\u00e8s l'\u00e9tude du cabinet s\u00e9n\u00e9galais - LA MARINA BJ","isPartOf":{"@id":"https:\/\/lamarina.bj\/#website"},"primaryImageOfPage":{"@id":"https:\/\/lamarina.bj\/index.php\/2026\/04\/27\/benin-mise-en-oeuvre-imminente-de-la-reforme-de-la-boulangerie-apres-letude-du-cabinet-senegalais\/#primaryimage"},"image":{"@id":"https:\/\/lamarina.bj\/index.php\/2026\/04\/27\/benin-mise-en-oeuvre-imminente-de-la-reforme-de-la-boulangerie-apres-letude-du-cabinet-senegalais\/#primaryimage"},"thumbnailUrl":"https:\/\/lamarina.bj\/wp-content\/uploads\/2026\/04\/20260427_071001_0000.jpg","datePublished":"2026-04-27T15:30:00+00:00","author":{"@id":"https:\/\/lamarina.bj\/#\/schema\/person\/ef8156a370905ead8612d9fe5f2fedbe"},"description":"Pr\u00e8s d'un an apr\u00e8s la contractualisation avec le cabinet s\u00e9n\u00e9galais El Panis Trading SARL pour conduire l'\u00e9tude pr\u00e9alable \u00e0 la r\u00e9forme du sous-secteur b\u00e9ninois de la boulangerie, le gouvernement b\u00e9ninois s'appr\u00eate \u00e0 passer \u00e0 l'acte. Selon les informations exclusives de La Marina BJ, la phase de mise en \u0153uvre est imminente en vue de la comm\u00e9moration de la Journ\u00e9e de l'industrialisation de l'Afrique 2026.","breadcrumb":{"@id":"https:\/\/lamarina.bj\/index.php\/2026\/04\/27\/benin-mise-en-oeuvre-imminente-de-la-reforme-de-la-boulangerie-apres-letude-du-cabinet-senegalais\/#breadcrumb"},"inLanguage":"fr-FR","potentialAction":[{"@type":"ReadAction","target":["https:\/\/lamarina.bj\/index.php\/2026\/04\/27\/benin-mise-en-oeuvre-imminente-de-la-reforme-de-la-boulangerie-apres-letude-du-cabinet-senegalais\/"]}]},{"@type":"ImageObject","inLanguage":"fr-FR","@id":"https:\/\/lamarina.bj\/index.php\/2026\/04\/27\/benin-mise-en-oeuvre-imminente-de-la-reforme-de-la-boulangerie-apres-letude-du-cabinet-senegalais\/#primaryimage","url":"https:\/\/lamarina.bj\/wp-content\/uploads\/2026\/04\/20260427_071001_0000.jpg","contentUrl":"https:\/\/lamarina.bj\/wp-content\/uploads\/2026\/04\/20260427_071001_0000.jpg","width":1200,"height":768},{"@type":"BreadcrumbList","@id":"https:\/\/lamarina.bj\/index.php\/2026\/04\/27\/benin-mise-en-oeuvre-imminente-de-la-reforme-de-la-boulangerie-apres-letude-du-cabinet-senegalais\/#breadcrumb","itemListElement":[{"@type":"ListItem","position":1,"name":"Accueil","item":"https:\/\/darkslategrey-quetzal-980263.hostingersite.com\/"},{"@type":"ListItem","position":2,"name":"B\u00e9nin : mise en \u0153uvre imminente de la r\u00e9forme de la boulangerie apr\u00e8s l&rsquo;\u00e9tude du cabinet s\u00e9n\u00e9galais"}]},{"@type":"WebSite","@id":"https:\/\/lamarina.bj\/#website","url":"https:\/\/lamarina.bj\/","name":"LA MARINA BJ","description":"Votre portail vers l&#039;information strat\u00e9gique au B\u00e9nin, en Afrique et au-del\u00e0","potentialAction":[{"@type":"SearchAction","target":{"@type":"EntryPoint","urlTemplate":"https:\/\/lamarina.bj\/?s={search_term_string}"},"query-input":{"@type":"PropertyValueSpecification","valueRequired":true,"valueName":"search_term_string"}}],"inLanguage":"fr-FR"},{"@type":"Person","@id":"https:\/\/lamarina.bj\/#\/schema\/person\/ef8156a370905ead8612d9fe5f2fedbe","name":"La Marina BJ - Team Veille &amp; Projets publics","image":{"@type":"ImageObject","inLanguage":"fr-FR","@id":"https:\/\/secure.gravatar.com\/avatar\/b56740eda81210101c8acebdd7c5c7db1bd0ab57f63df607996683fa153ff0d0?s=96&d=mm&r=g","url":"https:\/\/secure.gravatar.com\/avatar\/b56740eda81210101c8acebdd7c5c7db1bd0ab57f63df607996683fa153ff0d0?s=96&d=mm&r=g","contentUrl":"https:\/\/secure.gravatar.com\/avatar\/b56740eda81210101c8acebdd7c5c7db1bd0ab57f63df607996683fa153ff0d0?s=96&d=mm&r=g","caption":"La Marina BJ - Team Veille &amp; Projets publics"},"description":"La Team Veille &amp; Projets publics de La Marina BJ est d\u00e9di\u00e9e \u00e0 la surveillance proactive des dynamiques institutionnelles impuls\u00e9es par l\u2019\u00c9tat, les agences publiques, les collectivit\u00e9s territoriales ainsi que les partenaires techniques et financiers. Gr\u00e2ce \u00e0 une veille strat\u00e9gique permanente, cette \u00e9quipe identifie et suit les projets de d\u00e9veloppement, les \u00e9tudes pr\u00e9alables et les investissements publics majeurs. Elle documente les politiques sectorielles, analyse les enjeux techniques, \u00e9conomiques, sociaux et environnementaux, et produit des contenus exclusifs pour \u00e9clairer les mutations structurelles.","url":"https:\/\/lamarina.bj\/index.php\/author\/simahou\/"}]}},"_links":{"self":[{"href":"https:\/\/lamarina.bj\/index.php\/wp-json\/wp\/v2\/posts\/14840","targetHints":{"allow":["GET"]}}],"collection":[{"href":"https:\/\/lamarina.bj\/index.php\/wp-json\/wp\/v2\/posts"}],"about":[{"href":"https:\/\/lamarina.bj\/index.php\/wp-json\/wp\/v2\/types\/post"}],"author":[{"embeddable":true,"href":"https:\/\/lamarina.bj\/index.php\/wp-json\/wp\/v2\/users\/3"}],"replies":[{"embeddable":true,"href":"https:\/\/lamarina.bj\/index.php\/wp-json\/wp\/v2\/comments?post=14840"}],"version-history":[{"count":2,"href":"https:\/\/lamarina.bj\/index.php\/wp-json\/wp\/v2\/posts\/14840\/revisions"}],"predecessor-version":[{"id":14848,"href":"https:\/\/lamarina.bj\/index.php\/wp-json\/wp\/v2\/posts\/14840\/revisions\/14848"}],"wp:featuredmedia":[{"embeddable":true,"href":"https:\/\/lamarina.bj\/index.php\/wp-json\/wp\/v2\/media\/14841"}],"wp:attachment":[{"href":"https:\/\/lamarina.bj\/index.php\/wp-json\/wp\/v2\/media?parent=14840"}],"wp:term":[{"taxonomy":"category","embeddable":true,"href":"https:\/\/lamarina.bj\/index.php\/wp-json\/wp\/v2\/categories?post=14840"},{"taxonomy":"post_tag","embeddable":true,"href":"https:\/\/lamarina.bj\/index.php\/wp-json\/wp\/v2\/tags?post=14840"}],"curies":[{"name":"wp","href":"https:\/\/api.w.org\/{rel}","templated":true}]}}