{"id":14849,"date":"2026-04-28T03:01:17","date_gmt":"2026-04-28T02:01:17","guid":{"rendered":"https:\/\/lamarina.bj\/?p=14849"},"modified":"2026-04-28T03:01:18","modified_gmt":"2026-04-28T02:01:18","slug":"flambee-du-ciment-au-benin-les-producteurs-dedouanent-leurs-usines-et-accusent-les-revendeurs","status":"publish","type":"post","link":"https:\/\/lamarina.bj\/index.php\/2026\/04\/28\/flambee-du-ciment-au-benin-les-producteurs-dedouanent-leurs-usines-et-accusent-les-revendeurs\/","title":{"rendered":"Flamb\u00e9e du ciment au B\u00e9nin : les producteurs d\u00e9douanent leurs usines et accusent les revendeurs"},"content":{"rendered":"\n<p><mark style=\"background-color:rgba(0, 0, 0, 0)\" class=\"has-inline-color has-red-color\"><strong>Consommation, La Marina BJ<\/strong><\/mark> \u2014 <strong><em>Alors que le prix du sac de ciment atteint des sommets vertigineux sur le march\u00e9 local, l&rsquo;Association des Producteurs de Ciment du B\u00e9nin (APCB) rompt le silence. Entre d\u00e9mentis techniques et d\u00e9nonciation de pratiques illicites, les industriels pointent du doigt les \u00ab commer\u00e7ants ind\u00e9licats \u00bb<\/em><\/strong><\/p>\n\n\n\n<p>L&rsquo;heure est \u00e0 la mise au point. Face \u00e0 la grogne sociale qui monte, l&rsquo;APCB, sous la plume de son pr\u00e9sident par int\u00e9rim, Dadji\u00e9 Konlambigue, clarifie la situation : aucune hausse n&rsquo;a \u00e9t\u00e9 op\u00e9r\u00e9e au niveau des unit\u00e9s de production. L&rsquo;organisation pr\u00e9cise que les tarifs pratiqu\u00e9s \u00e0 la sortie des usines demeurent inchang\u00e9s, r\u00e9futant ainsi l&rsquo;id\u00e9e d&rsquo;une inflation d&rsquo;origine industrielle.<\/p>\n\n\n\n<p>Pour couper court aux rumeurs de p\u00e9nurie technique, elle apporte une pr\u00e9cision capitale : aucune unit\u00e9, qu&rsquo;il s&rsquo;agisse de SCB-Lafarge, NOCIBE ou CIMB\u00c9NIN, n&rsquo;est actuellement en maintenance. La production se poursuit normalement dans toutes les installations industrielles du pays. L&rsquo;APCB s&rsquo;engage par ailleurs \u00e0 \u00ab prendre toutes les dispositions en vue de satisfaire la forte demande observ\u00e9e ces derniers temps sur le march\u00e9 b\u00e9ninois \u00bb.<\/p>\n\n\n\n<h2 id=\"le-mecanisme-de-la-speculation\" class=\"wp-block-heading\"><mark style=\"background-color:rgba(0, 0, 0, 0)\" class=\"has-inline-color has-red-color\">Le m\u00e9canisme de la sp\u00e9culation<\/mark><\/h2>\n\n\n\n<p>Sur le terrain, avec des ruptures de stock constat\u00e9es dans plusieurs villes, la tonne de ciment se n\u00e9gocie d\u00e9sormais entre 100 000 et 120 000 FCFA selon les localit\u00e9s. Cela porte le sac de 50 kg \u00e0 5 000, voire 6 000 FCFA selon les points de vente, contre des niveaux nettement inf\u00e9rieurs il y a encore quelques semaines. Si les usines maintiennent leurs prix, d&rsquo;o\u00f9 vient cette fi\u00e8vre inflationniste ? Pour les producteurs, le coupable est identifi\u00e9 : le r\u00e9seau de distribution.<\/p>\n\n\n\n<p>L&rsquo;APCB d\u00e9nonce une man\u0153uvre orchestr\u00e9e par des interm\u00e9diaires qu&rsquo;elle qualifie express\u00e9ment d&rsquo;\u00ab ind\u00e9licats \u00bb. Ces derniers profiteraient de la tension du march\u00e9 pour gonfler ill\u00e9galement leurs marges b\u00e9n\u00e9ficiaires. Le mode op\u00e9ratoire semble reposer sur la r\u00e9tention de stocks et des p\u00e9nuries organis\u00e9es pour contraindre le consommateur \u00e0 la surench\u00e8re. Face \u00e0 ce maquis commercial, l&rsquo;association appelle fermement les distributeurs au strict respect des tarifs r\u00e9glement\u00e9s et exhorte les consommateurs \u00e0 une vigilance accrue lors de leurs achats.<\/p>\n\n\n\n<h2 id=\"limpuissance-des-regulations-passees\" class=\"wp-block-heading\"><mark style=\"background-color:rgba(0, 0, 0, 0)\" class=\"has-inline-color has-red-color\">L&rsquo;impuissance des r\u00e9gulations pass\u00e9es ?<\/mark><\/h2>\n\n\n\n<p>Ce sc\u00e9nario de crise n&rsquo;est pourtant pas in\u00e9dit, malgr\u00e9 l&rsquo;arsenal r\u00e9glementaire existant. On pense notamment \u00e0 l&rsquo;article 17 de la loi n\u00b0 90-005 du 15 mai 1990, toujours en vigueur, qui encadre strictement les marges b\u00e9n\u00e9ficiaires des commer\u00e7ants et expose les contrevenants \u00e0 des sanctions, ou encore au d\u00e9cret fixant les prix du ciment par d\u00e9partement. D\u00e9j\u00e0 en f\u00e9vrier 2025, la ministre de l&rsquo;Industrie et du Commerce, Alimatou Shadiya Assouman, \u00e9tait mont\u00e9e au cr\u00e9neau pour d\u00e9noncer ces m\u00eames d\u00e9rives. Elle rappelait alors que les prix d&rsquo;usine n&rsquo;avaient subi aucune modification et ordonnait des contr\u00f4les sur l&rsquo;ensemble du territoire. Ces mesures, annonc\u00e9es avec fermet\u00e9, n&rsquo;ont vraisemblablement pas produit les effets escompt\u00e9s et n&rsquo;ont pas suffi \u00e0 discipliner durablement les r\u00e9seaux de revente.<\/p>\n\n\n\n<p>Si l&rsquo;APCB r\u00e9affirme son engagement \u00e0 saturer le march\u00e9 pour briser la sp\u00e9culation, elle renvoie implicitement la balle dans le camp des autorit\u00e9s. L&rsquo;appel \u00e0 la vigilance des citoyens est un premier pas, mais dans un secteur aussi strat\u00e9gique que le BTP, la communication a ses limites. L&rsquo;enjeu est d\u00e9sormais celui de la sanction effective. Pour stabiliser durablement le march\u00e9, le gouvernement devra transformer ses mises en garde en actions de terrain coercitives. Car, tant que le profit de la sp\u00e9culation restera sup\u00e9rieur au risque de l&rsquo;amende, le sac de ciment demeurera un luxe hors de port\u00e9e pour le citoyen moyen.<\/p>\n","protected":false},"excerpt":{"rendered":"Consommation, La Marina BJ \u2014 Alors que le prix du sac de ciment atteint des sommets vertigineux sur&hellip;\n","protected":false},"author":7,"featured_media":14850,"comment_status":"open","ping_status":"open","sticky":false,"template":"elementor_theme","format":"standard","meta":{"csco_singular_sidebar":"","csco_page_header_type":"standard","csco_appearance_masonry":"","csco_page_load_nextpost":"","csco_post_video_location":[],"csco_post_video_location_hash":"","csco_post_video_url":"","csco_post_video_bg_start_time":0,"csco_post_video_bg_end_time":0,"footnotes":""},"categories":[239],"tags":[41,2158],"class_list":{"0":"post-14849","1":"post","2":"type-post","3":"status-publish","4":"format-standard","5":"has-post-thumbnail","7":"category-levenement-2","8":"tag-benin","9":"tag-flambee-du-ciment","10":"cs-entry","11":"cs-video-wrap"},"yoast_head":"<!-- This site is optimized with the Yoast SEO plugin v27.4 - https:\/\/yoast.com\/product\/yoast-seo-wordpress\/ -->\n<title>Flamb\u00e9e du ciment au B\u00e9nin : les producteurs d\u00e9douanent leurs usines et accusent les revendeurs - LA MARINA BJ<\/title>\n<meta name=\"description\" content=\"Alors que le prix du sac de ciment atteint des sommets vertigineux sur le march\u00e9 local, l&#039;Association des Producteurs de Ciment du B\u00e9nin (APCB) rompt le silence. Entre d\u00e9mentis techniques et d\u00e9nonciation de pratiques illicites, les industriels pointent du doigt les \u00ab commer\u00e7ants ind\u00e9licats \u00bb\" \/>\n<meta name=\"robots\" content=\"index, follow, max-snippet:-1, max-image-preview:large, max-video-preview:-1\" \/>\n<link rel=\"canonical\" href=\"https:\/\/lamarina.bj\/index.php\/2026\/04\/28\/flambee-du-ciment-au-benin-les-producteurs-dedouanent-leurs-usines-et-accusent-les-revendeurs\/\" \/>\n<meta property=\"og:locale\" content=\"fr_FR\" \/>\n<meta property=\"og:type\" content=\"article\" \/>\n<meta property=\"og:title\" content=\"Flamb\u00e9e du ciment au B\u00e9nin : les producteurs d\u00e9douanent leurs usines et accusent les revendeurs - LA MARINA BJ\" \/>\n<meta property=\"og:description\" content=\"Alors que le prix du sac de ciment atteint des sommets vertigineux sur le march\u00e9 local, l&#039;Association des Producteurs de Ciment du B\u00e9nin (APCB) rompt le silence. Entre d\u00e9mentis techniques et d\u00e9nonciation de pratiques illicites, les industriels pointent du doigt les \u00ab commer\u00e7ants ind\u00e9licats \u00bb\" \/>\n<meta property=\"og:url\" content=\"https:\/\/lamarina.bj\/index.php\/2026\/04\/28\/flambee-du-ciment-au-benin-les-producteurs-dedouanent-leurs-usines-et-accusent-les-revendeurs\/\" \/>\n<meta property=\"og:site_name\" content=\"LA MARINA BJ\" \/>\n<meta property=\"article:published_time\" content=\"2026-04-28T02:01:17+00:00\" \/>\n<meta property=\"article:modified_time\" content=\"2026-04-28T02:01:18+00:00\" \/>\n<meta property=\"og:image\" content=\"https:\/\/lamarina.bj\/wp-content\/uploads\/2026\/04\/La-Marina-BJ-_20260428_025124_0000.jpg\" \/>\n\t<meta property=\"og:image:width\" content=\"1080\" \/>\n\t<meta property=\"og:image:height\" content=\"1080\" \/>\n\t<meta property=\"og:image:type\" content=\"image\/jpeg\" \/>\n<meta name=\"author\" content=\"La Marina Bj\" \/>\n<meta name=\"twitter:card\" content=\"summary_large_image\" \/>\n<meta name=\"twitter:label1\" content=\"\u00c9crit par\" \/>\n\t<meta name=\"twitter:data1\" content=\"La Marina Bj\" \/>\n\t<meta name=\"twitter:label2\" content=\"Dur\u00e9e de lecture estim\u00e9e\" \/>\n\t<meta name=\"twitter:data2\" content=\"4 minutes\" \/>\n<script type=\"application\/ld+json\" class=\"yoast-schema-graph\">{\"@context\":\"https:\\\/\\\/schema.org\",\"@graph\":[{\"@type\":\"NewsArticle\",\"@id\":\"https:\\\/\\\/lamarina.bj\\\/index.php\\\/2026\\\/04\\\/28\\\/flambee-du-ciment-au-benin-les-producteurs-dedouanent-leurs-usines-et-accusent-les-revendeurs\\\/#article\",\"isPartOf\":{\"@id\":\"https:\\\/\\\/lamarina.bj\\\/index.php\\\/2026\\\/04\\\/28\\\/flambee-du-ciment-au-benin-les-producteurs-dedouanent-leurs-usines-et-accusent-les-revendeurs\\\/\"},\"author\":{\"name\":\"La Marina Bj\",\"@id\":\"https:\\\/\\\/lamarina.bj\\\/#\\\/schema\\\/person\\\/aacfa21f9b2b53872c106c72803ca3fe\"},\"headline\":\"Flamb\u00e9e du ciment au B\u00e9nin : les producteurs d\u00e9douanent leurs usines et accusent les revendeurs\",\"datePublished\":\"2026-04-28T02:01:17+00:00\",\"dateModified\":\"2026-04-28T02:01:18+00:00\",\"mainEntityOfPage\":{\"@id\":\"https:\\\/\\\/lamarina.bj\\\/index.php\\\/2026\\\/04\\\/28\\\/flambee-du-ciment-au-benin-les-producteurs-dedouanent-leurs-usines-et-accusent-les-revendeurs\\\/\"},\"wordCount\":652,\"commentCount\":0,\"image\":{\"@id\":\"https:\\\/\\\/lamarina.bj\\\/index.php\\\/2026\\\/04\\\/28\\\/flambee-du-ciment-au-benin-les-producteurs-dedouanent-leurs-usines-et-accusent-les-revendeurs\\\/#primaryimage\"},\"thumbnailUrl\":\"https:\\\/\\\/lamarina.bj\\\/wp-content\\\/uploads\\\/2026\\\/04\\\/La-Marina-BJ-_20260428_025124_0000.jpg\",\"keywords\":[\"B\u00e9nin\",\"flamb\u00e9e du ciment\"],\"articleSection\":[\"L'\u00c9V\u00c9NEMENT\"],\"inLanguage\":\"fr-FR\",\"potentialAction\":[{\"@type\":\"CommentAction\",\"name\":\"Comment\",\"target\":[\"https:\\\/\\\/lamarina.bj\\\/index.php\\\/2026\\\/04\\\/28\\\/flambee-du-ciment-au-benin-les-producteurs-dedouanent-leurs-usines-et-accusent-les-revendeurs\\\/#respond\"]}]},{\"@type\":[\"WebPage\",\"SearchResultsPage\"],\"@id\":\"https:\\\/\\\/lamarina.bj\\\/index.php\\\/2026\\\/04\\\/28\\\/flambee-du-ciment-au-benin-les-producteurs-dedouanent-leurs-usines-et-accusent-les-revendeurs\\\/\",\"url\":\"https:\\\/\\\/lamarina.bj\\\/index.php\\\/2026\\\/04\\\/28\\\/flambee-du-ciment-au-benin-les-producteurs-dedouanent-leurs-usines-et-accusent-les-revendeurs\\\/\",\"name\":\"Flamb\u00e9e du ciment au B\u00e9nin : les producteurs d\u00e9douanent leurs usines et accusent les revendeurs - LA MARINA BJ\",\"isPartOf\":{\"@id\":\"https:\\\/\\\/lamarina.bj\\\/#website\"},\"primaryImageOfPage\":{\"@id\":\"https:\\\/\\\/lamarina.bj\\\/index.php\\\/2026\\\/04\\\/28\\\/flambee-du-ciment-au-benin-les-producteurs-dedouanent-leurs-usines-et-accusent-les-revendeurs\\\/#primaryimage\"},\"image\":{\"@id\":\"https:\\\/\\\/lamarina.bj\\\/index.php\\\/2026\\\/04\\\/28\\\/flambee-du-ciment-au-benin-les-producteurs-dedouanent-leurs-usines-et-accusent-les-revendeurs\\\/#primaryimage\"},\"thumbnailUrl\":\"https:\\\/\\\/lamarina.bj\\\/wp-content\\\/uploads\\\/2026\\\/04\\\/La-Marina-BJ-_20260428_025124_0000.jpg\",\"datePublished\":\"2026-04-28T02:01:17+00:00\",\"dateModified\":\"2026-04-28T02:01:18+00:00\",\"author\":{\"@id\":\"https:\\\/\\\/lamarina.bj\\\/#\\\/schema\\\/person\\\/aacfa21f9b2b53872c106c72803ca3fe\"},\"description\":\"Alors que le prix du sac de ciment atteint des sommets vertigineux sur le march\u00e9 local, l'Association des Producteurs de Ciment du B\u00e9nin (APCB) rompt le silence. Entre d\u00e9mentis techniques et d\u00e9nonciation de pratiques illicites, les industriels pointent du doigt les \u00ab commer\u00e7ants ind\u00e9licats \u00bb\",\"breadcrumb\":{\"@id\":\"https:\\\/\\\/lamarina.bj\\\/index.php\\\/2026\\\/04\\\/28\\\/flambee-du-ciment-au-benin-les-producteurs-dedouanent-leurs-usines-et-accusent-les-revendeurs\\\/#breadcrumb\"},\"inLanguage\":\"fr-FR\",\"potentialAction\":[{\"@type\":\"ReadAction\",\"target\":[\"https:\\\/\\\/lamarina.bj\\\/index.php\\\/2026\\\/04\\\/28\\\/flambee-du-ciment-au-benin-les-producteurs-dedouanent-leurs-usines-et-accusent-les-revendeurs\\\/\"]}]},{\"@type\":\"ImageObject\",\"inLanguage\":\"fr-FR\",\"@id\":\"https:\\\/\\\/lamarina.bj\\\/index.php\\\/2026\\\/04\\\/28\\\/flambee-du-ciment-au-benin-les-producteurs-dedouanent-leurs-usines-et-accusent-les-revendeurs\\\/#primaryimage\",\"url\":\"https:\\\/\\\/lamarina.bj\\\/wp-content\\\/uploads\\\/2026\\\/04\\\/La-Marina-BJ-_20260428_025124_0000.jpg\",\"contentUrl\":\"https:\\\/\\\/lamarina.bj\\\/wp-content\\\/uploads\\\/2026\\\/04\\\/La-Marina-BJ-_20260428_025124_0000.jpg\",\"width\":1080,\"height\":1080},{\"@type\":\"BreadcrumbList\",\"@id\":\"https:\\\/\\\/lamarina.bj\\\/index.php\\\/2026\\\/04\\\/28\\\/flambee-du-ciment-au-benin-les-producteurs-dedouanent-leurs-usines-et-accusent-les-revendeurs\\\/#breadcrumb\",\"itemListElement\":[{\"@type\":\"ListItem\",\"position\":1,\"name\":\"Accueil\",\"item\":\"https:\\\/\\\/darkslategrey-quetzal-980263.hostingersite.com\\\/\"},{\"@type\":\"ListItem\",\"position\":2,\"name\":\"Flamb\u00e9e du ciment au B\u00e9nin : les producteurs d\u00e9douanent leurs usines et accusent les revendeurs\"}]},{\"@type\":\"WebSite\",\"@id\":\"https:\\\/\\\/lamarina.bj\\\/#website\",\"url\":\"https:\\\/\\\/lamarina.bj\\\/\",\"name\":\"LA MARINA BJ\",\"description\":\"Votre portail vers l&#039;information strat\u00e9gique au B\u00e9nin, en Afrique et au-del\u00e0\",\"potentialAction\":[{\"@type\":\"SearchAction\",\"target\":{\"@type\":\"EntryPoint\",\"urlTemplate\":\"https:\\\/\\\/lamarina.bj\\\/?s={search_term_string}\"},\"query-input\":{\"@type\":\"PropertyValueSpecification\",\"valueRequired\":true,\"valueName\":\"search_term_string\"}}],\"inLanguage\":\"fr-FR\"},{\"@type\":\"Person\",\"@id\":\"https:\\\/\\\/lamarina.bj\\\/#\\\/schema\\\/person\\\/aacfa21f9b2b53872c106c72803ca3fe\",\"name\":\"La Marina Bj\",\"image\":{\"@type\":\"ImageObject\",\"inLanguage\":\"fr-FR\",\"@id\":\"https:\\\/\\\/secure.gravatar.com\\\/avatar\\\/6ef884b7fb1dab6e8672f19e68299568fe069dc761d88506e39bee8464c70e4a?s=96&d=mm&r=g\",\"url\":\"https:\\\/\\\/secure.gravatar.com\\\/avatar\\\/6ef884b7fb1dab6e8672f19e68299568fe069dc761d88506e39bee8464c70e4a?s=96&d=mm&r=g\",\"contentUrl\":\"https:\\\/\\\/secure.gravatar.com\\\/avatar\\\/6ef884b7fb1dab6e8672f19e68299568fe069dc761d88506e39bee8464c70e4a?s=96&d=mm&r=g\",\"caption\":\"La Marina Bj\"},\"url\":\"https:\\\/\\\/lamarina.bj\\\/index.php\\\/author\\\/la-marina-bj\\\/\"}]}<\/script>\n<!-- \/ Yoast SEO plugin. -->","yoast_head_json":{"title":"Flamb\u00e9e du ciment au B\u00e9nin : les producteurs d\u00e9douanent leurs usines et accusent les revendeurs - LA MARINA BJ","description":"Alors que le prix du sac de ciment atteint des sommets vertigineux sur le march\u00e9 local, l'Association des Producteurs de Ciment du B\u00e9nin (APCB) rompt le silence. Entre d\u00e9mentis techniques et d\u00e9nonciation de pratiques illicites, les industriels pointent du doigt les \u00ab commer\u00e7ants ind\u00e9licats \u00bb","robots":{"index":"index","follow":"follow","max-snippet":"max-snippet:-1","max-image-preview":"max-image-preview:large","max-video-preview":"max-video-preview:-1"},"canonical":"https:\/\/lamarina.bj\/index.php\/2026\/04\/28\/flambee-du-ciment-au-benin-les-producteurs-dedouanent-leurs-usines-et-accusent-les-revendeurs\/","og_locale":"fr_FR","og_type":"article","og_title":"Flamb\u00e9e du ciment au B\u00e9nin : les producteurs d\u00e9douanent leurs usines et accusent les revendeurs - LA MARINA BJ","og_description":"Alors que le prix du sac de ciment atteint des sommets vertigineux sur le march\u00e9 local, l'Association des Producteurs de Ciment du B\u00e9nin (APCB) rompt le silence. Entre d\u00e9mentis techniques et d\u00e9nonciation de pratiques illicites, les industriels pointent du doigt les \u00ab commer\u00e7ants ind\u00e9licats \u00bb","og_url":"https:\/\/lamarina.bj\/index.php\/2026\/04\/28\/flambee-du-ciment-au-benin-les-producteurs-dedouanent-leurs-usines-et-accusent-les-revendeurs\/","og_site_name":"LA MARINA BJ","article_published_time":"2026-04-28T02:01:17+00:00","article_modified_time":"2026-04-28T02:01:18+00:00","og_image":[{"width":1080,"height":1080,"url":"https:\/\/lamarina.bj\/wp-content\/uploads\/2026\/04\/La-Marina-BJ-_20260428_025124_0000.jpg","type":"image\/jpeg"}],"author":"La Marina Bj","twitter_card":"summary_large_image","twitter_misc":{"\u00c9crit par":"La Marina Bj","Dur\u00e9e de lecture estim\u00e9e":"4 minutes"},"schema":{"@context":"https:\/\/schema.org","@graph":[{"@type":"NewsArticle","@id":"https:\/\/lamarina.bj\/index.php\/2026\/04\/28\/flambee-du-ciment-au-benin-les-producteurs-dedouanent-leurs-usines-et-accusent-les-revendeurs\/#article","isPartOf":{"@id":"https:\/\/lamarina.bj\/index.php\/2026\/04\/28\/flambee-du-ciment-au-benin-les-producteurs-dedouanent-leurs-usines-et-accusent-les-revendeurs\/"},"author":{"name":"La Marina Bj","@id":"https:\/\/lamarina.bj\/#\/schema\/person\/aacfa21f9b2b53872c106c72803ca3fe"},"headline":"Flamb\u00e9e du ciment au B\u00e9nin : les producteurs d\u00e9douanent leurs usines et accusent les revendeurs","datePublished":"2026-04-28T02:01:17+00:00","dateModified":"2026-04-28T02:01:18+00:00","mainEntityOfPage":{"@id":"https:\/\/lamarina.bj\/index.php\/2026\/04\/28\/flambee-du-ciment-au-benin-les-producteurs-dedouanent-leurs-usines-et-accusent-les-revendeurs\/"},"wordCount":652,"commentCount":0,"image":{"@id":"https:\/\/lamarina.bj\/index.php\/2026\/04\/28\/flambee-du-ciment-au-benin-les-producteurs-dedouanent-leurs-usines-et-accusent-les-revendeurs\/#primaryimage"},"thumbnailUrl":"https:\/\/lamarina.bj\/wp-content\/uploads\/2026\/04\/La-Marina-BJ-_20260428_025124_0000.jpg","keywords":["B\u00e9nin","flamb\u00e9e du ciment"],"articleSection":["L'\u00c9V\u00c9NEMENT"],"inLanguage":"fr-FR","potentialAction":[{"@type":"CommentAction","name":"Comment","target":["https:\/\/lamarina.bj\/index.php\/2026\/04\/28\/flambee-du-ciment-au-benin-les-producteurs-dedouanent-leurs-usines-et-accusent-les-revendeurs\/#respond"]}]},{"@type":["WebPage","SearchResultsPage"],"@id":"https:\/\/lamarina.bj\/index.php\/2026\/04\/28\/flambee-du-ciment-au-benin-les-producteurs-dedouanent-leurs-usines-et-accusent-les-revendeurs\/","url":"https:\/\/lamarina.bj\/index.php\/2026\/04\/28\/flambee-du-ciment-au-benin-les-producteurs-dedouanent-leurs-usines-et-accusent-les-revendeurs\/","name":"Flamb\u00e9e du ciment au B\u00e9nin : les producteurs d\u00e9douanent leurs usines et accusent les revendeurs - LA MARINA BJ","isPartOf":{"@id":"https:\/\/lamarina.bj\/#website"},"primaryImageOfPage":{"@id":"https:\/\/lamarina.bj\/index.php\/2026\/04\/28\/flambee-du-ciment-au-benin-les-producteurs-dedouanent-leurs-usines-et-accusent-les-revendeurs\/#primaryimage"},"image":{"@id":"https:\/\/lamarina.bj\/index.php\/2026\/04\/28\/flambee-du-ciment-au-benin-les-producteurs-dedouanent-leurs-usines-et-accusent-les-revendeurs\/#primaryimage"},"thumbnailUrl":"https:\/\/lamarina.bj\/wp-content\/uploads\/2026\/04\/La-Marina-BJ-_20260428_025124_0000.jpg","datePublished":"2026-04-28T02:01:17+00:00","dateModified":"2026-04-28T02:01:18+00:00","author":{"@id":"https:\/\/lamarina.bj\/#\/schema\/person\/aacfa21f9b2b53872c106c72803ca3fe"},"description":"Alors que le prix du sac de ciment atteint des sommets vertigineux sur le march\u00e9 local, l'Association des Producteurs de Ciment du B\u00e9nin (APCB) rompt le silence. Entre d\u00e9mentis techniques et d\u00e9nonciation de pratiques illicites, les industriels pointent du doigt les \u00ab commer\u00e7ants ind\u00e9licats \u00bb","breadcrumb":{"@id":"https:\/\/lamarina.bj\/index.php\/2026\/04\/28\/flambee-du-ciment-au-benin-les-producteurs-dedouanent-leurs-usines-et-accusent-les-revendeurs\/#breadcrumb"},"inLanguage":"fr-FR","potentialAction":[{"@type":"ReadAction","target":["https:\/\/lamarina.bj\/index.php\/2026\/04\/28\/flambee-du-ciment-au-benin-les-producteurs-dedouanent-leurs-usines-et-accusent-les-revendeurs\/"]}]},{"@type":"ImageObject","inLanguage":"fr-FR","@id":"https:\/\/lamarina.bj\/index.php\/2026\/04\/28\/flambee-du-ciment-au-benin-les-producteurs-dedouanent-leurs-usines-et-accusent-les-revendeurs\/#primaryimage","url":"https:\/\/lamarina.bj\/wp-content\/uploads\/2026\/04\/La-Marina-BJ-_20260428_025124_0000.jpg","contentUrl":"https:\/\/lamarina.bj\/wp-content\/uploads\/2026\/04\/La-Marina-BJ-_20260428_025124_0000.jpg","width":1080,"height":1080},{"@type":"BreadcrumbList","@id":"https:\/\/lamarina.bj\/index.php\/2026\/04\/28\/flambee-du-ciment-au-benin-les-producteurs-dedouanent-leurs-usines-et-accusent-les-revendeurs\/#breadcrumb","itemListElement":[{"@type":"ListItem","position":1,"name":"Accueil","item":"https:\/\/darkslategrey-quetzal-980263.hostingersite.com\/"},{"@type":"ListItem","position":2,"name":"Flamb\u00e9e du ciment au B\u00e9nin : les producteurs d\u00e9douanent leurs usines et accusent les revendeurs"}]},{"@type":"WebSite","@id":"https:\/\/lamarina.bj\/#website","url":"https:\/\/lamarina.bj\/","name":"LA MARINA BJ","description":"Votre portail vers l&#039;information strat\u00e9gique au B\u00e9nin, en Afrique et au-del\u00e0","potentialAction":[{"@type":"SearchAction","target":{"@type":"EntryPoint","urlTemplate":"https:\/\/lamarina.bj\/?s={search_term_string}"},"query-input":{"@type":"PropertyValueSpecification","valueRequired":true,"valueName":"search_term_string"}}],"inLanguage":"fr-FR"},{"@type":"Person","@id":"https:\/\/lamarina.bj\/#\/schema\/person\/aacfa21f9b2b53872c106c72803ca3fe","name":"La Marina Bj","image":{"@type":"ImageObject","inLanguage":"fr-FR","@id":"https:\/\/secure.gravatar.com\/avatar\/6ef884b7fb1dab6e8672f19e68299568fe069dc761d88506e39bee8464c70e4a?s=96&d=mm&r=g","url":"https:\/\/secure.gravatar.com\/avatar\/6ef884b7fb1dab6e8672f19e68299568fe069dc761d88506e39bee8464c70e4a?s=96&d=mm&r=g","contentUrl":"https:\/\/secure.gravatar.com\/avatar\/6ef884b7fb1dab6e8672f19e68299568fe069dc761d88506e39bee8464c70e4a?s=96&d=mm&r=g","caption":"La Marina Bj"},"url":"https:\/\/lamarina.bj\/index.php\/author\/la-marina-bj\/"}]}},"_links":{"self":[{"href":"https:\/\/lamarina.bj\/index.php\/wp-json\/wp\/v2\/posts\/14849","targetHints":{"allow":["GET"]}}],"collection":[{"href":"https:\/\/lamarina.bj\/index.php\/wp-json\/wp\/v2\/posts"}],"about":[{"href":"https:\/\/lamarina.bj\/index.php\/wp-json\/wp\/v2\/types\/post"}],"author":[{"embeddable":true,"href":"https:\/\/lamarina.bj\/index.php\/wp-json\/wp\/v2\/users\/7"}],"replies":[{"embeddable":true,"href":"https:\/\/lamarina.bj\/index.php\/wp-json\/wp\/v2\/comments?post=14849"}],"version-history":[{"count":1,"href":"https:\/\/lamarina.bj\/index.php\/wp-json\/wp\/v2\/posts\/14849\/revisions"}],"predecessor-version":[{"id":14851,"href":"https:\/\/lamarina.bj\/index.php\/wp-json\/wp\/v2\/posts\/14849\/revisions\/14851"}],"wp:featuredmedia":[{"embeddable":true,"href":"https:\/\/lamarina.bj\/index.php\/wp-json\/wp\/v2\/media\/14850"}],"wp:attachment":[{"href":"https:\/\/lamarina.bj\/index.php\/wp-json\/wp\/v2\/media?parent=14849"}],"wp:term":[{"taxonomy":"category","embeddable":true,"href":"https:\/\/lamarina.bj\/index.php\/wp-json\/wp\/v2\/categories?post=14849"},{"taxonomy":"post_tag","embeddable":true,"href":"https:\/\/lamarina.bj\/index.php\/wp-json\/wp\/v2\/tags?post=14849"}],"curies":[{"name":"wp","href":"https:\/\/api.w.org\/{rel}","templated":true}]}}