{"id":14861,"date":"2026-04-28T16:38:05","date_gmt":"2026-04-28T15:38:05","guid":{"rendered":"https:\/\/lamarina.bj\/?p=14861"},"modified":"2026-04-28T16:40:34","modified_gmt":"2026-04-28T15:40:34","slug":"a-pretoria-le-sort-de-kemi-seba-suspendu-a-trois-inconnues-judiciaires","status":"publish","type":"post","link":"https:\/\/lamarina.bj\/index.php\/2026\/04\/28\/a-pretoria-le-sort-de-kemi-seba-suspendu-a-trois-inconnues-judiciaires\/","title":{"rendered":"\u00c0 Pretoria, le sort de Kemi Seba suspendu \u00e0 trois inconnues judiciaires"},"content":{"rendered":"\n<p><mark style=\"background-color:rgba(0, 0, 0, 0)\" class=\"has-inline-color has-red-color\"><strong>Justice, La Marina BJ<\/strong><\/mark> \u2014 <strong><em><strong>\u00c0 la veille de l&rsquo;audience du 29 avril 2026 devant le tribunal de Pretoria, l&rsquo;\u00e9tau judiciaire se resserre autour de Stellio Gilles Robert Capo Chichi. Si ce dernier et son entourage esp\u00e8rent que le militant panafricaniste recouvrera sa libert\u00e9, son destin reste tributaire d&rsquo;un enchev\u00eatrement juridique o\u00f9 s&rsquo;entrechoquent souverainet\u00e9 nationale, coop\u00e9ration internationale et strat\u00e9gie de d\u00e9fense.<\/strong><\/em><\/strong><\/p>\n\n\n\n<p>La justice sud-africaine, r\u00e9put\u00e9e pour son ind\u00e9pendance sourcilleuse, doit trancher un dossier complexe articul\u00e9 autour de trois piliers d&rsquo;incertitude : le s\u00e9jour irr\u00e9gulier, le levier des conventions multilat\u00e9rales et la confrontation politique entre Cotonou et Pretoria.<\/p>\n\n\n\n<h2 id=\"limbroglio-migratoire\" class=\"wp-block-heading\"><mark style=\"background-color:rgba(0, 0, 0, 0)\" class=\"has-inline-color has-red-color\">L&rsquo;imbroglio migratoire<\/mark><\/h2>\n\n\n\n<p>C&rsquo;est le premier verrou, celui qui a justifi\u00e9 l&rsquo;interpellation initiale par les Hawks, l&rsquo;unit\u00e9 d&rsquo;\u00e9lite de la police criminelle sud-africaine. Selon des sources judiciaires, Kemi Seba aurait d\u00e9pass\u00e9 de deux mois la validit\u00e9 de son visa de s\u00e9jour. Avant l&rsquo;audience de ce mercredi, les enqu\u00eateurs devaient v\u00e9rifier deux points critiques : l&rsquo;authenticit\u00e9 de son passeport diplomatique nig\u00e9rien et la r\u00e9alit\u00e9 de son adresse de r\u00e9sidence, \u00e0 Pretoria, o\u00f9 il vivrait depuis cinq mois.<\/p>\n\n\n\n<p>Contrairement aux rumeurs d&rsquo;exil politique un temps relay\u00e9es par certaines sources proches du dossier, son entourage a formellement d\u00e9menti toute demande d&rsquo;asile en Afrique du Sud. C&rsquo;est Hery Djehuty, coordinateur international de l&rsquo;ONG Urgences Panafricanistes, qui a pos\u00e9 ce cadre, affirmant qu&rsquo;on \u00ab n&rsquo;est pas encore \u00e0 l&rsquo;heure de faire une demande d&rsquo;asile, aucun choix n&rsquo;a \u00e9t\u00e9 arr\u00eat\u00e9 \u00bb , pr\u00e9cisant par ailleurs que l&rsquo;avocat \u00e0 l&rsquo;origine de cette d\u00e9claration avait \u00e9t\u00e9 imm\u00e9diatement \u00e9cart\u00e9 du dossier. Ce d\u00e9menti vise vraisemblablement \u00e0 \u00e9viter de reconna\u00eetre une fragilit\u00e9 du statut diplomatique nig\u00e9rien, tout en maintenant la pression sur Pretoria pour une lib\u00e9ration rapide. Reste que l&rsquo;ambigu\u00eft\u00e9 ainsi cr\u00e9\u00e9e, entre les d\u00e9clarations contradictoires des diff\u00e9rents conseils, fragilise la coh\u00e9rence de la d\u00e9fense \u00e0 un moment o\u00f9 chaque mot est scrut\u00e9 par trois capitales.<\/p>\n\n\n\n<h2 id=\"le-pont-multilateral\" class=\"wp-block-heading\"><mark style=\"background-color:rgba(0, 0, 0, 0)\" class=\"has-inline-color has-red-color\">Le \u00ab pont \u00bb multilat\u00e9ral<\/mark><\/h2>\n\n\n\n<p>La deuxi\u00e8me inconnue r\u00e9side dans l&rsquo;ing\u00e9nierie juridique d\u00e9ploy\u00e9e par le B\u00e9nin. En l&rsquo;absence de trait\u00e9 bilat\u00e9ral d&rsquo;extradition entre le B\u00e9nin et l&rsquo;Afrique du Sud, ce vide conventionnel que la d\u00e9fense de Kemi Seba brandissait en silence comme un bouclier, le procureur sp\u00e9cial de la CRIET, Elonm Mario Metonou, a choisi de jouer une autre carte : les conventions multilat\u00e9rales.<\/p>\n\n\n\n<p>En s&rsquo;appuyant sur des instruments internationaux de lutte contre la criminalit\u00e9 transnationale auxquels les deux \u00c9tats sont parties, le parquet sp\u00e9cial de la Cour de R\u00e9pression des Infractions \u00c9conomiques et du Terrorisme (CRIET)entend lier Pretoria en droit, malgr\u00e9 l&rsquo;absence d&rsquo;accord direct. \u00ab Il s&rsquo;agit d&rsquo;une proc\u00e9dure essentiellement judiciaire, pr\u00e9par\u00e9e, transmise et examin\u00e9e par les autorit\u00e9s judiciaires de l&rsquo;\u00c9tat requ\u00e9rant et de l&rsquo;\u00c9tat requis. Les autorit\u00e9s politiques n&rsquo;interviennent \u00e0 ce stade que pour assurer la transmission des demandes par voie diplomatique \u00bb, a tenu \u00e0 pr\u00e9ciser le procureur sp\u00e9cial lors de sa conf\u00e9rence de presse du 20 Avril 2026 (<a href=\"https:\/\/lamarina.bj\/index.php\/2026\/04\/20\/extradition-de-kemi-seba-la-criet-mise-sur-les-conventions-multilaterales-pour-lier-pretoria\/\" type=\"post\" id=\"14744\"><mark style=\"background-color:rgba(0, 0, 0, 0)\" class=\"has-inline-color has-red-color\"><strong>Lire LMBJ du 20\/04\/2026<\/strong><\/mark><\/a>).<\/p>\n\n\n\n<p>Pour la CRIET, il ne s&rsquo;agit plus de politique mais de droit commun. Deux mandats d&rsquo;arr\u00eat fondent la demande, l&rsquo;un pour blanchiment de capitaux, \u00e9mis en juin 2025, l&rsquo;autre pour apologie de crime et incitation \u00e0 la haine, d\u00e9livr\u00e9 en d\u00e9cembre 2025 \u00e0 la suite du putsch manqu\u00e9. Le parquet sp\u00e9cial insistait, le \u00ab nomm\u00e9 Capo Chichi \u00bb est un citoyen b\u00e9ninois, n\u00e9 de parents b\u00e9ninois, dont les actes rel\u00e8vent de la justice b\u00e9ninoise.<\/p>\n\n\n\n<h2 id=\"la-confrontation\" class=\"wp-block-heading\"><mark style=\"background-color:rgba(0, 0, 0, 0)\" class=\"has-inline-color has-red-color\">La confrontation<\/mark><\/h2>\n\n\n\n<p>La troisi\u00e8me inconnue est la posture publique du gouvernement b\u00e9ninois, qui a choisi de ne pas s&rsquo;effacer derri\u00e8re la proc\u00e9dure. Le porte-parole de l&rsquo;ex\u00e9cutif, Wilfried L\u00e9andre Houngb\u00e9dji, s&rsquo;est exprim\u00e9 le 22 avril \u00e0 l&rsquo;issue du Conseil des ministres avec une sobri\u00e9t\u00e9 qui n&rsquo;excluait pas la satisfaction. \u00ab Le ciel lui-m\u00eame fait nos palabres \u00bb , a-t-il lanc\u00e9, avant de renvoyer \u00e0 la justice le soin de conduire les op\u00e9rations. Mais l&rsquo;attente de l&rsquo;ex\u00e9cutif b\u00e9ninois est explicite : \u00ab J&rsquo;esp\u00e8re que les proc\u00e9dures enclench\u00e9es aboutiront \u00e0 son extradition sur notre territoire pour qu&rsquo;il ait l&rsquo;occasion, devant la justice b\u00e9ninoise, de venir s&rsquo;en expliquer. \u00bb disait Wilfried L\u00e9andre Houngb\u00e9dji.<\/p>\n\n\n\n<p>L&rsquo;ex\u00e9cutif b\u00e9ninois rejette fermement l&rsquo;\u00e9tiquette de proc\u00e8s d&rsquo;opinion. Pour le gouvernement, Kemi Seba doit r\u00e9pondre de ses d\u00e9clarations jug\u00e9es mena\u00e7antes pour \u00ab la s\u00e9curit\u00e9 et la stabilit\u00e9 du pays \u00bb. En souhaitant que l&rsquo;int\u00e9ress\u00e9 ait l&rsquo;occasion de \u00ab faire la preuve de ses all\u00e9gations \u00bb, le gouvernement b\u00e9ninois transforme ce dossier judiciaire en une \u00e9preuve de cr\u00e9dibilit\u00e9 pour l&rsquo;activiste, mais aussi, implicitement, pour la justice sud-africaine elle-m\u00eame.<\/p>\n\n\n\n<p>Ce mercredi 29 avril 2026, m\u00eame si le tribunal de Pretoria ne statuera pas en premier sur l&rsquo;extradition, il se prononcera sur la mise en libert\u00e9 sous caution. Si le juge estime que le risque de fuite est r\u00e9el, hypoth\u00e8se que la saisie de plus de 318 000 rands en esp\u00e8ces soit environ 10,8 millions de francs CFA au moment de l&rsquo;arrestation vient alimenter, Kemi Seba pourrait rester en d\u00e9tention jusqu&rsquo;\u00e0 la formalisation compl\u00e8te de la demande b\u00e9ninoise. Dans ce triangle tendu entre immigration irr\u00e9guli\u00e8re, mandats de la CRIET et proc\u00e9dure d&rsquo;extradition en construction, peut \u00eatre finalis\u00e9e, l&rsquo;activiste joue, demain mercredi, la partition juridique la plus d\u00e9cisive de son parcours.<\/p>\n","protected":false},"excerpt":{"rendered":"Justice, La Marina BJ \u2014 \u00c0 la veille de l&rsquo;audience du 29 avril 2026 devant le tribunal de&hellip;\n","protected":false},"author":7,"featured_media":14862,"comment_status":"open","ping_status":"open","sticky":false,"template":"elementor_theme","format":"standard","meta":{"csco_singular_sidebar":"","csco_page_header_type":"standard","csco_appearance_masonry":"","csco_page_load_nextpost":"","csco_post_video_location":[],"csco_post_video_location_hash":"","csco_post_video_url":"","csco_post_video_bg_start_time":0,"csco_post_video_bg_end_time":0,"footnotes":""},"categories":[71,239],"tags":[159,41,77,1016],"class_list":{"0":"post-14861","1":"post","2":"type-post","3":"status-publish","4":"format-standard","5":"has-post-thumbnail","7":"category-international","8":"category-levenement-2","9":"tag-afrique-du-sud","10":"tag-benin","11":"tag-criet","12":"tag-kemi-seba","13":"cs-entry","14":"cs-video-wrap"},"yoast_head":"<!-- This site is optimized with the Yoast SEO plugin v27.4 - https:\/\/yoast.com\/product\/yoast-seo-wordpress\/ -->\n<title>\u00c0 Pretoria, le sort de Kemi Seba suspendu \u00e0 trois inconnues judiciaires - LA MARINA BJ<\/title>\n<meta name=\"description\" content=\"\u00c0 la veille de l&#039;audience du 29 avril 2026 devant le tribunal de Pretoria, l&#039;\u00e9tau judiciaire se resserre autour de Stellio Gilles Robert Capo Chichi. Si ce dernier et son entourage esp\u00e8rent que le militant panafricaniste va recouvrer sa libert\u00e9, son destin reste tributaire d&#039;un enchev\u00eatrement juridique o\u00f9 s&#039;entrechoquent souverainet\u00e9 nationale, coop\u00e9ration internationale et strat\u00e9gie de d\u00e9fense.\" \/>\n<meta name=\"robots\" content=\"index, follow, max-snippet:-1, max-image-preview:large, max-video-preview:-1\" \/>\n<link rel=\"canonical\" href=\"https:\/\/lamarina.bj\/index.php\/2026\/04\/28\/a-pretoria-le-sort-de-kemi-seba-suspendu-a-trois-inconnues-judiciaires\/\" \/>\n<meta property=\"og:locale\" content=\"fr_FR\" \/>\n<meta property=\"og:type\" content=\"article\" \/>\n<meta property=\"og:title\" content=\"\u00c0 Pretoria, le sort de Kemi Seba suspendu \u00e0 trois inconnues judiciaires - LA MARINA BJ\" \/>\n<meta property=\"og:description\" content=\"\u00c0 la veille de l&#039;audience du 29 avril 2026 devant le tribunal de Pretoria, l&#039;\u00e9tau judiciaire se resserre autour de Stellio Gilles Robert Capo Chichi. Si ce dernier et son entourage esp\u00e8rent que le militant panafricaniste va recouvrer sa libert\u00e9, son destin reste tributaire d&#039;un enchev\u00eatrement juridique o\u00f9 s&#039;entrechoquent souverainet\u00e9 nationale, coop\u00e9ration internationale et strat\u00e9gie de d\u00e9fense.\" \/>\n<meta property=\"og:url\" content=\"https:\/\/lamarina.bj\/index.php\/2026\/04\/28\/a-pretoria-le-sort-de-kemi-seba-suspendu-a-trois-inconnues-judiciaires\/\" \/>\n<meta property=\"og:site_name\" content=\"LA MARINA BJ\" \/>\n<meta property=\"article:published_time\" content=\"2026-04-28T15:38:05+00:00\" \/>\n<meta property=\"article:modified_time\" content=\"2026-04-28T15:40:34+00:00\" \/>\n<meta property=\"og:image\" content=\"https:\/\/lamarina.bj\/wp-content\/uploads\/2026\/04\/1777383070148.jpg\" \/>\n\t<meta property=\"og:image:width\" content=\"1200\" \/>\n\t<meta property=\"og:image:height\" content=\"896\" \/>\n\t<meta property=\"og:image:type\" content=\"image\/jpeg\" \/>\n<meta name=\"author\" content=\"La Marina Bj\" \/>\n<meta name=\"twitter:card\" content=\"summary_large_image\" \/>\n<meta name=\"twitter:label1\" content=\"\u00c9crit par\" \/>\n\t<meta name=\"twitter:data1\" content=\"La Marina Bj\" \/>\n\t<meta name=\"twitter:label2\" content=\"Dur\u00e9e de lecture estim\u00e9e\" \/>\n\t<meta name=\"twitter:data2\" content=\"5 minutes\" \/>\n<script type=\"application\/ld+json\" class=\"yoast-schema-graph\">{\"@context\":\"https:\\\/\\\/schema.org\",\"@graph\":[{\"@type\":\"NewsArticle\",\"@id\":\"https:\\\/\\\/lamarina.bj\\\/index.php\\\/2026\\\/04\\\/28\\\/a-pretoria-le-sort-de-kemi-seba-suspendu-a-trois-inconnues-judiciaires\\\/#article\",\"isPartOf\":{\"@id\":\"https:\\\/\\\/lamarina.bj\\\/index.php\\\/2026\\\/04\\\/28\\\/a-pretoria-le-sort-de-kemi-seba-suspendu-a-trois-inconnues-judiciaires\\\/\"},\"author\":{\"name\":\"La Marina Bj\",\"@id\":\"https:\\\/\\\/lamarina.bj\\\/#\\\/schema\\\/person\\\/aacfa21f9b2b53872c106c72803ca3fe\"},\"headline\":\"\u00c0 Pretoria, le sort de Kemi Seba suspendu \u00e0 trois inconnues judiciaires\",\"datePublished\":\"2026-04-28T15:38:05+00:00\",\"dateModified\":\"2026-04-28T15:40:34+00:00\",\"mainEntityOfPage\":{\"@id\":\"https:\\\/\\\/lamarina.bj\\\/index.php\\\/2026\\\/04\\\/28\\\/a-pretoria-le-sort-de-kemi-seba-suspendu-a-trois-inconnues-judiciaires\\\/\"},\"wordCount\":960,\"commentCount\":0,\"image\":{\"@id\":\"https:\\\/\\\/lamarina.bj\\\/index.php\\\/2026\\\/04\\\/28\\\/a-pretoria-le-sort-de-kemi-seba-suspendu-a-trois-inconnues-judiciaires\\\/#primaryimage\"},\"thumbnailUrl\":\"https:\\\/\\\/lamarina.bj\\\/wp-content\\\/uploads\\\/2026\\\/04\\\/1777383070148.jpg\",\"keywords\":[\"Afrique du Sud\",\"B\u00e9nin\",\"CRIET\",\"Kemi Seba\"],\"articleSection\":[\"INTERNATIONAL\",\"L'\u00c9V\u00c9NEMENT\"],\"inLanguage\":\"fr-FR\",\"potentialAction\":[{\"@type\":\"CommentAction\",\"name\":\"Comment\",\"target\":[\"https:\\\/\\\/lamarina.bj\\\/index.php\\\/2026\\\/04\\\/28\\\/a-pretoria-le-sort-de-kemi-seba-suspendu-a-trois-inconnues-judiciaires\\\/#respond\"]}]},{\"@type\":[\"WebPage\",\"SearchResultsPage\"],\"@id\":\"https:\\\/\\\/lamarina.bj\\\/index.php\\\/2026\\\/04\\\/28\\\/a-pretoria-le-sort-de-kemi-seba-suspendu-a-trois-inconnues-judiciaires\\\/\",\"url\":\"https:\\\/\\\/lamarina.bj\\\/index.php\\\/2026\\\/04\\\/28\\\/a-pretoria-le-sort-de-kemi-seba-suspendu-a-trois-inconnues-judiciaires\\\/\",\"name\":\"\u00c0 Pretoria, le sort de Kemi Seba suspendu \u00e0 trois inconnues judiciaires - LA MARINA BJ\",\"isPartOf\":{\"@id\":\"https:\\\/\\\/lamarina.bj\\\/#website\"},\"primaryImageOfPage\":{\"@id\":\"https:\\\/\\\/lamarina.bj\\\/index.php\\\/2026\\\/04\\\/28\\\/a-pretoria-le-sort-de-kemi-seba-suspendu-a-trois-inconnues-judiciaires\\\/#primaryimage\"},\"image\":{\"@id\":\"https:\\\/\\\/lamarina.bj\\\/index.php\\\/2026\\\/04\\\/28\\\/a-pretoria-le-sort-de-kemi-seba-suspendu-a-trois-inconnues-judiciaires\\\/#primaryimage\"},\"thumbnailUrl\":\"https:\\\/\\\/lamarina.bj\\\/wp-content\\\/uploads\\\/2026\\\/04\\\/1777383070148.jpg\",\"datePublished\":\"2026-04-28T15:38:05+00:00\",\"dateModified\":\"2026-04-28T15:40:34+00:00\",\"author\":{\"@id\":\"https:\\\/\\\/lamarina.bj\\\/#\\\/schema\\\/person\\\/aacfa21f9b2b53872c106c72803ca3fe\"},\"description\":\"\u00c0 la veille de l'audience du 29 avril 2026 devant le tribunal de Pretoria, l'\u00e9tau judiciaire se resserre autour de Stellio Gilles Robert Capo Chichi. Si ce dernier et son entourage esp\u00e8rent que le militant panafricaniste va recouvrer sa libert\u00e9, son destin reste tributaire d'un enchev\u00eatrement juridique o\u00f9 s'entrechoquent souverainet\u00e9 nationale, coop\u00e9ration internationale et strat\u00e9gie de d\u00e9fense.\",\"breadcrumb\":{\"@id\":\"https:\\\/\\\/lamarina.bj\\\/index.php\\\/2026\\\/04\\\/28\\\/a-pretoria-le-sort-de-kemi-seba-suspendu-a-trois-inconnues-judiciaires\\\/#breadcrumb\"},\"inLanguage\":\"fr-FR\",\"potentialAction\":[{\"@type\":\"ReadAction\",\"target\":[\"https:\\\/\\\/lamarina.bj\\\/index.php\\\/2026\\\/04\\\/28\\\/a-pretoria-le-sort-de-kemi-seba-suspendu-a-trois-inconnues-judiciaires\\\/\"]}]},{\"@type\":\"ImageObject\",\"inLanguage\":\"fr-FR\",\"@id\":\"https:\\\/\\\/lamarina.bj\\\/index.php\\\/2026\\\/04\\\/28\\\/a-pretoria-le-sort-de-kemi-seba-suspendu-a-trois-inconnues-judiciaires\\\/#primaryimage\",\"url\":\"https:\\\/\\\/lamarina.bj\\\/wp-content\\\/uploads\\\/2026\\\/04\\\/1777383070148.jpg\",\"contentUrl\":\"https:\\\/\\\/lamarina.bj\\\/wp-content\\\/uploads\\\/2026\\\/04\\\/1777383070148.jpg\",\"width\":1200,\"height\":896},{\"@type\":\"BreadcrumbList\",\"@id\":\"https:\\\/\\\/lamarina.bj\\\/index.php\\\/2026\\\/04\\\/28\\\/a-pretoria-le-sort-de-kemi-seba-suspendu-a-trois-inconnues-judiciaires\\\/#breadcrumb\",\"itemListElement\":[{\"@type\":\"ListItem\",\"position\":1,\"name\":\"Accueil\",\"item\":\"https:\\\/\\\/darkslategrey-quetzal-980263.hostingersite.com\\\/\"},{\"@type\":\"ListItem\",\"position\":2,\"name\":\"\u00c0 Pretoria, le sort de Kemi Seba suspendu \u00e0 trois inconnues judiciaires\"}]},{\"@type\":\"WebSite\",\"@id\":\"https:\\\/\\\/lamarina.bj\\\/#website\",\"url\":\"https:\\\/\\\/lamarina.bj\\\/\",\"name\":\"LA MARINA BJ\",\"description\":\"Votre portail vers l&#039;information strat\u00e9gique au B\u00e9nin, en Afrique et au-del\u00e0\",\"potentialAction\":[{\"@type\":\"SearchAction\",\"target\":{\"@type\":\"EntryPoint\",\"urlTemplate\":\"https:\\\/\\\/lamarina.bj\\\/?s={search_term_string}\"},\"query-input\":{\"@type\":\"PropertyValueSpecification\",\"valueRequired\":true,\"valueName\":\"search_term_string\"}}],\"inLanguage\":\"fr-FR\"},{\"@type\":\"Person\",\"@id\":\"https:\\\/\\\/lamarina.bj\\\/#\\\/schema\\\/person\\\/aacfa21f9b2b53872c106c72803ca3fe\",\"name\":\"La Marina Bj\",\"image\":{\"@type\":\"ImageObject\",\"inLanguage\":\"fr-FR\",\"@id\":\"https:\\\/\\\/secure.gravatar.com\\\/avatar\\\/6ef884b7fb1dab6e8672f19e68299568fe069dc761d88506e39bee8464c70e4a?s=96&d=mm&r=g\",\"url\":\"https:\\\/\\\/secure.gravatar.com\\\/avatar\\\/6ef884b7fb1dab6e8672f19e68299568fe069dc761d88506e39bee8464c70e4a?s=96&d=mm&r=g\",\"contentUrl\":\"https:\\\/\\\/secure.gravatar.com\\\/avatar\\\/6ef884b7fb1dab6e8672f19e68299568fe069dc761d88506e39bee8464c70e4a?s=96&d=mm&r=g\",\"caption\":\"La Marina Bj\"},\"url\":\"https:\\\/\\\/lamarina.bj\\\/index.php\\\/author\\\/la-marina-bj\\\/\"}]}<\/script>\n<!-- \/ Yoast SEO plugin. -->","yoast_head_json":{"title":"\u00c0 Pretoria, le sort de Kemi Seba suspendu \u00e0 trois inconnues judiciaires - LA MARINA BJ","description":"\u00c0 la veille de l'audience du 29 avril 2026 devant le tribunal de Pretoria, l'\u00e9tau judiciaire se resserre autour de Stellio Gilles Robert Capo Chichi. Si ce dernier et son entourage esp\u00e8rent que le militant panafricaniste va recouvrer sa libert\u00e9, son destin reste tributaire d'un enchev\u00eatrement juridique o\u00f9 s'entrechoquent souverainet\u00e9 nationale, coop\u00e9ration internationale et strat\u00e9gie de d\u00e9fense.","robots":{"index":"index","follow":"follow","max-snippet":"max-snippet:-1","max-image-preview":"max-image-preview:large","max-video-preview":"max-video-preview:-1"},"canonical":"https:\/\/lamarina.bj\/index.php\/2026\/04\/28\/a-pretoria-le-sort-de-kemi-seba-suspendu-a-trois-inconnues-judiciaires\/","og_locale":"fr_FR","og_type":"article","og_title":"\u00c0 Pretoria, le sort de Kemi Seba suspendu \u00e0 trois inconnues judiciaires - LA MARINA BJ","og_description":"\u00c0 la veille de l'audience du 29 avril 2026 devant le tribunal de Pretoria, l'\u00e9tau judiciaire se resserre autour de Stellio Gilles Robert Capo Chichi. Si ce dernier et son entourage esp\u00e8rent que le militant panafricaniste va recouvrer sa libert\u00e9, son destin reste tributaire d'un enchev\u00eatrement juridique o\u00f9 s'entrechoquent souverainet\u00e9 nationale, coop\u00e9ration internationale et strat\u00e9gie de d\u00e9fense.","og_url":"https:\/\/lamarina.bj\/index.php\/2026\/04\/28\/a-pretoria-le-sort-de-kemi-seba-suspendu-a-trois-inconnues-judiciaires\/","og_site_name":"LA MARINA BJ","article_published_time":"2026-04-28T15:38:05+00:00","article_modified_time":"2026-04-28T15:40:34+00:00","og_image":[{"width":1200,"height":896,"url":"https:\/\/lamarina.bj\/wp-content\/uploads\/2026\/04\/1777383070148.jpg","type":"image\/jpeg"}],"author":"La Marina Bj","twitter_card":"summary_large_image","twitter_misc":{"\u00c9crit par":"La Marina Bj","Dur\u00e9e de lecture estim\u00e9e":"5 minutes"},"schema":{"@context":"https:\/\/schema.org","@graph":[{"@type":"NewsArticle","@id":"https:\/\/lamarina.bj\/index.php\/2026\/04\/28\/a-pretoria-le-sort-de-kemi-seba-suspendu-a-trois-inconnues-judiciaires\/#article","isPartOf":{"@id":"https:\/\/lamarina.bj\/index.php\/2026\/04\/28\/a-pretoria-le-sort-de-kemi-seba-suspendu-a-trois-inconnues-judiciaires\/"},"author":{"name":"La Marina Bj","@id":"https:\/\/lamarina.bj\/#\/schema\/person\/aacfa21f9b2b53872c106c72803ca3fe"},"headline":"\u00c0 Pretoria, le sort de Kemi Seba suspendu \u00e0 trois inconnues judiciaires","datePublished":"2026-04-28T15:38:05+00:00","dateModified":"2026-04-28T15:40:34+00:00","mainEntityOfPage":{"@id":"https:\/\/lamarina.bj\/index.php\/2026\/04\/28\/a-pretoria-le-sort-de-kemi-seba-suspendu-a-trois-inconnues-judiciaires\/"},"wordCount":960,"commentCount":0,"image":{"@id":"https:\/\/lamarina.bj\/index.php\/2026\/04\/28\/a-pretoria-le-sort-de-kemi-seba-suspendu-a-trois-inconnues-judiciaires\/#primaryimage"},"thumbnailUrl":"https:\/\/lamarina.bj\/wp-content\/uploads\/2026\/04\/1777383070148.jpg","keywords":["Afrique du Sud","B\u00e9nin","CRIET","Kemi Seba"],"articleSection":["INTERNATIONAL","L'\u00c9V\u00c9NEMENT"],"inLanguage":"fr-FR","potentialAction":[{"@type":"CommentAction","name":"Comment","target":["https:\/\/lamarina.bj\/index.php\/2026\/04\/28\/a-pretoria-le-sort-de-kemi-seba-suspendu-a-trois-inconnues-judiciaires\/#respond"]}]},{"@type":["WebPage","SearchResultsPage"],"@id":"https:\/\/lamarina.bj\/index.php\/2026\/04\/28\/a-pretoria-le-sort-de-kemi-seba-suspendu-a-trois-inconnues-judiciaires\/","url":"https:\/\/lamarina.bj\/index.php\/2026\/04\/28\/a-pretoria-le-sort-de-kemi-seba-suspendu-a-trois-inconnues-judiciaires\/","name":"\u00c0 Pretoria, le sort de Kemi Seba suspendu \u00e0 trois inconnues judiciaires - LA MARINA BJ","isPartOf":{"@id":"https:\/\/lamarina.bj\/#website"},"primaryImageOfPage":{"@id":"https:\/\/lamarina.bj\/index.php\/2026\/04\/28\/a-pretoria-le-sort-de-kemi-seba-suspendu-a-trois-inconnues-judiciaires\/#primaryimage"},"image":{"@id":"https:\/\/lamarina.bj\/index.php\/2026\/04\/28\/a-pretoria-le-sort-de-kemi-seba-suspendu-a-trois-inconnues-judiciaires\/#primaryimage"},"thumbnailUrl":"https:\/\/lamarina.bj\/wp-content\/uploads\/2026\/04\/1777383070148.jpg","datePublished":"2026-04-28T15:38:05+00:00","dateModified":"2026-04-28T15:40:34+00:00","author":{"@id":"https:\/\/lamarina.bj\/#\/schema\/person\/aacfa21f9b2b53872c106c72803ca3fe"},"description":"\u00c0 la veille de l'audience du 29 avril 2026 devant le tribunal de Pretoria, l'\u00e9tau judiciaire se resserre autour de Stellio Gilles Robert Capo Chichi. Si ce dernier et son entourage esp\u00e8rent que le militant panafricaniste va recouvrer sa libert\u00e9, son destin reste tributaire d'un enchev\u00eatrement juridique o\u00f9 s'entrechoquent souverainet\u00e9 nationale, coop\u00e9ration internationale et strat\u00e9gie de d\u00e9fense.","breadcrumb":{"@id":"https:\/\/lamarina.bj\/index.php\/2026\/04\/28\/a-pretoria-le-sort-de-kemi-seba-suspendu-a-trois-inconnues-judiciaires\/#breadcrumb"},"inLanguage":"fr-FR","potentialAction":[{"@type":"ReadAction","target":["https:\/\/lamarina.bj\/index.php\/2026\/04\/28\/a-pretoria-le-sort-de-kemi-seba-suspendu-a-trois-inconnues-judiciaires\/"]}]},{"@type":"ImageObject","inLanguage":"fr-FR","@id":"https:\/\/lamarina.bj\/index.php\/2026\/04\/28\/a-pretoria-le-sort-de-kemi-seba-suspendu-a-trois-inconnues-judiciaires\/#primaryimage","url":"https:\/\/lamarina.bj\/wp-content\/uploads\/2026\/04\/1777383070148.jpg","contentUrl":"https:\/\/lamarina.bj\/wp-content\/uploads\/2026\/04\/1777383070148.jpg","width":1200,"height":896},{"@type":"BreadcrumbList","@id":"https:\/\/lamarina.bj\/index.php\/2026\/04\/28\/a-pretoria-le-sort-de-kemi-seba-suspendu-a-trois-inconnues-judiciaires\/#breadcrumb","itemListElement":[{"@type":"ListItem","position":1,"name":"Accueil","item":"https:\/\/darkslategrey-quetzal-980263.hostingersite.com\/"},{"@type":"ListItem","position":2,"name":"\u00c0 Pretoria, le sort de Kemi Seba suspendu \u00e0 trois inconnues judiciaires"}]},{"@type":"WebSite","@id":"https:\/\/lamarina.bj\/#website","url":"https:\/\/lamarina.bj\/","name":"LA MARINA BJ","description":"Votre portail vers l&#039;information strat\u00e9gique au B\u00e9nin, en Afrique et au-del\u00e0","potentialAction":[{"@type":"SearchAction","target":{"@type":"EntryPoint","urlTemplate":"https:\/\/lamarina.bj\/?s={search_term_string}"},"query-input":{"@type":"PropertyValueSpecification","valueRequired":true,"valueName":"search_term_string"}}],"inLanguage":"fr-FR"},{"@type":"Person","@id":"https:\/\/lamarina.bj\/#\/schema\/person\/aacfa21f9b2b53872c106c72803ca3fe","name":"La Marina Bj","image":{"@type":"ImageObject","inLanguage":"fr-FR","@id":"https:\/\/secure.gravatar.com\/avatar\/6ef884b7fb1dab6e8672f19e68299568fe069dc761d88506e39bee8464c70e4a?s=96&d=mm&r=g","url":"https:\/\/secure.gravatar.com\/avatar\/6ef884b7fb1dab6e8672f19e68299568fe069dc761d88506e39bee8464c70e4a?s=96&d=mm&r=g","contentUrl":"https:\/\/secure.gravatar.com\/avatar\/6ef884b7fb1dab6e8672f19e68299568fe069dc761d88506e39bee8464c70e4a?s=96&d=mm&r=g","caption":"La Marina Bj"},"url":"https:\/\/lamarina.bj\/index.php\/author\/la-marina-bj\/"}]}},"_links":{"self":[{"href":"https:\/\/lamarina.bj\/index.php\/wp-json\/wp\/v2\/posts\/14861","targetHints":{"allow":["GET"]}}],"collection":[{"href":"https:\/\/lamarina.bj\/index.php\/wp-json\/wp\/v2\/posts"}],"about":[{"href":"https:\/\/lamarina.bj\/index.php\/wp-json\/wp\/v2\/types\/post"}],"author":[{"embeddable":true,"href":"https:\/\/lamarina.bj\/index.php\/wp-json\/wp\/v2\/users\/7"}],"replies":[{"embeddable":true,"href":"https:\/\/lamarina.bj\/index.php\/wp-json\/wp\/v2\/comments?post=14861"}],"version-history":[{"count":2,"href":"https:\/\/lamarina.bj\/index.php\/wp-json\/wp\/v2\/posts\/14861\/revisions"}],"predecessor-version":[{"id":14864,"href":"https:\/\/lamarina.bj\/index.php\/wp-json\/wp\/v2\/posts\/14861\/revisions\/14864"}],"wp:featuredmedia":[{"embeddable":true,"href":"https:\/\/lamarina.bj\/index.php\/wp-json\/wp\/v2\/media\/14862"}],"wp:attachment":[{"href":"https:\/\/lamarina.bj\/index.php\/wp-json\/wp\/v2\/media?parent=14861"}],"wp:term":[{"taxonomy":"category","embeddable":true,"href":"https:\/\/lamarina.bj\/index.php\/wp-json\/wp\/v2\/categories?post=14861"},{"taxonomy":"post_tag","embeddable":true,"href":"https:\/\/lamarina.bj\/index.php\/wp-json\/wp\/v2\/tags?post=14861"}],"curies":[{"name":"wp","href":"https:\/\/api.w.org\/{rel}","templated":true}]}}