{"id":14865,"date":"2026-04-29T08:07:55","date_gmt":"2026-04-29T07:07:55","guid":{"rendered":"https:\/\/lamarina.bj\/?p=14865"},"modified":"2026-04-29T08:07:57","modified_gmt":"2026-04-29T07:07:57","slug":"demission-de-paul-hounkpe-de-la-fcbe-retraite-anticipee-dun-futur-sage-ou-mise-en-rang","status":"publish","type":"post","link":"https:\/\/lamarina.bj\/index.php\/2026\/04\/29\/demission-de-paul-hounkpe-de-la-fcbe-retraite-anticipee-dun-futur-sage-ou-mise-en-rang\/","title":{"rendered":"D\u00e9mission de Paul Hounkp\u00e8 de la FCBE : Retraite anticip\u00e9e d&rsquo;un futur sage ou mise en rang ?"},"content":{"rendered":"\n<p><mark style=\"background-color:rgba(0, 0, 0, 0)\" class=\"has-inline-color has-red-color\"><strong>Politique, La Marina BJ<\/strong><\/mark> &#8211; <strong><em>Le paysage politique b\u00e9ninois vient d&rsquo;enregistrer un s\u00e9isme dont l&rsquo;\u00e9picentre se situe \u00e0 Abomey-Calavi. Par une lettre dat\u00e9e du 28 avril 2026, Paul Hounkp\u00e8 a officialis\u00e9 son d\u00e9part de la Force Cauris pour un B\u00e9nin \u00c9mergent (FCBE). Si l&rsquo;acte semble s&rsquo;inscrire dans une forme de courtoisie r\u00e9publicaine, il ouvre surtout le champ \u00e0 une interrogation cruciale sur l&rsquo;avenir de celui qui fut, pendant des ann\u00e9es, le visage d&rsquo;une opposition dite \u00ab mod\u00e9r\u00e9e \u00bb.<\/em><\/strong><\/p>\n\n\n\n<p>Entre le retrait d\u00e9finitif pour une introspection personnelle et peut \u00eatre une position de sage de la R\u00e9publique et l&rsquo;hypoth\u00e8se d&rsquo;un repositionnement vers le nouveau pouvoir de continuit\u00e9, l&rsquo;analyse des faits dessine une trajectoire \u00e0 la crois\u00e9e des chemins. D\u00e9cryptage.<\/p>\n\n\n\n<h2 id=\"une-sortie-par-le-haut\" class=\"wp-block-heading\"><mark style=\"background-color:rgba(0, 0, 0, 0)\" class=\"has-inline-color has-red-color\">Une sortie par le haut ?<\/mark><\/h2>\n\n\n\n<p>Pour comprendre ce d\u00e9part, il faut observer le bilan d\u2019un homme qui a port\u00e9 la FCBE dans les moments les plus sombres de son histoire. Depuis septembre 2019, Paul Hounkp\u00e8 a navigu\u00e9 entre les exigences d\u2019un ancrage dans l\u2019opposition et la r\u00e9alit\u00e9 des r\u00e9formes l\u00e9gislatives durcies. Sa d\u00e9mission survient au lendemain d&rsquo;une \u00e9lection pr\u00e9sidentielle o\u00f9 les r\u00e9sultats ont agi comme un verdict sans appel. Avec un score de 5,73 % des voix, l&rsquo;\u00e9chec n&rsquo;est pas seulement arithm\u00e9tique, il est structurel. En se retirant pour \u00ab r\u00e9fl\u00e9chir par rapport \u00e0 ce \u00e0 quoi il sera utile au groupe et \u00e0 la nation \u00bb, Paul Hounkp\u00e8 semble acter que le cadre de la FCBE est devenu trop \u00e9troit, voire inadapt\u00e9, pour la suite de son parcours politique.<\/p>\n\n\n\n<p>La premi\u00e8re lecture de cette d\u00e9mission est celle d\u2019une retraite anticip\u00e9e mais digne. Apr\u00e8s avoir occup\u00e9 les fonctions de maire, ministre et chef de file de l\u2019opposition, Paul Hounkp\u00e8 pourrait choisir le retrait pour \u00e9viter l\u2019usure de trop. Sa lettre mentionne explicitement avoir v\u00e9cu \u00ab des hauts et des bas, des succ\u00e8s et des \u00e9checs \u00bb. \u00c0 56 ans, le choix de se mettre en retrait afin de \u00ab r\u00e9fl\u00e9chir \u00bb pourrait \u00eatre le signe d\u2019un homme qui reconna\u00eet que son cycle au sein de la famille Cauris est achev\u00e9. Dans un contexte o\u00f9 la FCBE peine \u00e0 exister sans relais parlementaire ni local, ce d\u00e9part ressemble \u00e0 la conclusion logique d&rsquo;un mandat o\u00f9 la survie du parti a \u00e9t\u00e9 le seul v\u00e9ritable horizon.<\/p>\n\n\n\n<h2 id=\"la-tentation-du-repositionnement\" class=\"wp-block-heading\"><mark style=\"background-color:rgba(0, 0, 0, 0)\" class=\"has-inline-color has-red-color\">La tentation du repositionnement<\/mark><\/h2>\n\n\n\n<p>Cependant, dans le langage cod\u00e9 de la politique b\u00e9ninoise, les mots \u00ab utilit\u00e9 \u00e0 la nation \u00bb r\u00e9sonnent souvent comme un appel du pied au pouvoir ex\u00e9cutif. L\u2019hypoth\u00e8se d\u2019un saut vers la mouvance pr\u00e9sidentielle, en rejoignant \u00a0\u00bble rang\u00a0\u00bb n\u2019est pas \u00e0 exclure, tant la proximit\u00e9 technique observ\u00e9e lors des r\u00e9cents accords de parrainage avec la mouvance pr\u00e9sidentielle a brouill\u00e9 les lignes.<\/p>\n\n\n\n<p>Si Paul Hounkp\u00e8 quitte la \u00ab coquille vide \u00bb de la FCBE, c\u2019est peut-\u00eatre pour offrir ses services et son exp\u00e9rience de l\u2019appareil d\u2019\u00c9tat \u00e0 la nouvelle configuration politique issue du scrutin pr\u00e9sidentiel du 12 avril 2026. Son retrait imm\u00e9diat apr\u00e8s les \u00e9lections sugg\u00e8re une volont\u00e9 de se lib\u00e9rer des attaches partisanes pour devenir une personnalit\u00e9 \u00ab flottante \u00bb, pr\u00eate \u00e0 r\u00e9pondre \u00e0 l\u2019appel du nouveau pr\u00e9sident Romuald Wadagni pour des missions de haut niveau ou une int\u00e9gration dans un grand bloc de la majorit\u00e9.<\/p>\n\n\n\n<p>Qu\u2019il choisisse le repos du sage ou le ralliement strat\u00e9gique, son d\u00e9part marque la fin d&rsquo;une \u00e9poque pour la FCBE et lance le top d\u00e9part d&rsquo;une recomposition o\u00f9 les anciens adversaires d&rsquo;hier pourraient bien devenir les alli\u00e9s de demain. Le \u00ab retrait \u00bb n&rsquo;est sans doute qu&rsquo;une transition avant le d\u00e9voilement d&rsquo;une nouvelle carte sur l&rsquo;\u00e9chiquier national. Les prochains mois seront d\u00e9cisifs. Paul Hounkp\u00e8 rejoindra-t-il les rangs du projet \u00ab Plus loin, ensemble \u00bb d\u00e8s l&rsquo;investiture du 24 mai ? En tout cas la politique, comme la nature, a horreur du vide. Paul Hounkp\u00e8 semble d\u00e9j\u00e0 pr\u00eat \u00e0 le combler.<\/p>\n","protected":false},"excerpt":{"rendered":"Politique, La Marina BJ &#8211; Le paysage politique b\u00e9ninois vient d&rsquo;enregistrer un s\u00e9isme dont l&rsquo;\u00e9picentre se situe \u00e0&hellip;\n","protected":false},"author":9,"featured_media":14866,"comment_status":"open","ping_status":"open","sticky":false,"template":"elementor_theme","format":"standard","meta":{"csco_singular_sidebar":"","csco_page_header_type":"standard","csco_appearance_masonry":"","csco_page_load_nextpost":"","csco_post_video_location":[],"csco_post_video_location_hash":"","csco_post_video_url":"","csco_post_video_bg_start_time":0,"csco_post_video_bg_end_time":0,"footnotes":""},"categories":[239],"tags":[41,2162,1549,511],"class_list":{"0":"post-14865","1":"post","2":"type-post","3":"status-publish","4":"format-standard","5":"has-post-thumbnail","7":"category-levenement-2","8":"tag-benin","9":"tag-demission-paul-hounkpe","10":"tag-fcbe","11":"tag-romuald-wadagni","12":"cs-entry","13":"cs-video-wrap"},"yoast_head":"<!-- This site is optimized with the Yoast SEO plugin v27.4 - https:\/\/yoast.com\/product\/yoast-seo-wordpress\/ -->\n<title>D\u00e9mission de Paul Hounkp\u00e8 de la FCBE : Retraite anticip\u00e9e d&#039;un futur sage ou mise en rang ? - LA MARINA BJ<\/title>\n<meta name=\"description\" content=\"Le paysage politique b\u00e9ninois vient d&#039;enregistrer un s\u00e9isme dont l&#039;\u00e9picentre se situe \u00e0 Abomey-Calavi. Par une lettre dat\u00e9e du 28 avril 2026, Paul Hounkp\u00e8 a officialis\u00e9 son d\u00e9part de la Force Cauris pour un B\u00e9nin \u00c9mergent (FCBE). Si l&#039;acte semble s&#039;inscrire dans une forme de courtoisie r\u00e9publicaine, il ouvre surtout le champ \u00e0 une interrogation cruciale sur l&#039;avenir de celui qui fut, pendant des ann\u00e9es, le visage d&#039;une opposition dite \u00ab mod\u00e9r\u00e9e \u00bb.\" \/>\n<meta name=\"robots\" content=\"index, follow, max-snippet:-1, max-image-preview:large, max-video-preview:-1\" \/>\n<link rel=\"canonical\" href=\"https:\/\/lamarina.bj\/index.php\/2026\/04\/29\/demission-de-paul-hounkpe-de-la-fcbe-retraite-anticipee-dun-futur-sage-ou-mise-en-rang\/\" \/>\n<meta property=\"og:locale\" content=\"fr_FR\" \/>\n<meta property=\"og:type\" content=\"article\" \/>\n<meta property=\"og:title\" content=\"D\u00e9mission de Paul Hounkp\u00e8 de la FCBE : Retraite anticip\u00e9e d&#039;un futur sage ou mise en rang ? - LA MARINA BJ\" \/>\n<meta property=\"og:description\" content=\"Le paysage politique b\u00e9ninois vient d&#039;enregistrer un s\u00e9isme dont l&#039;\u00e9picentre se situe \u00e0 Abomey-Calavi. Par une lettre dat\u00e9e du 28 avril 2026, Paul Hounkp\u00e8 a officialis\u00e9 son d\u00e9part de la Force Cauris pour un B\u00e9nin \u00c9mergent (FCBE). Si l&#039;acte semble s&#039;inscrire dans une forme de courtoisie r\u00e9publicaine, il ouvre surtout le champ \u00e0 une interrogation cruciale sur l&#039;avenir de celui qui fut, pendant des ann\u00e9es, le visage d&#039;une opposition dite \u00ab mod\u00e9r\u00e9e \u00bb.\" \/>\n<meta property=\"og:url\" content=\"https:\/\/lamarina.bj\/index.php\/2026\/04\/29\/demission-de-paul-hounkpe-de-la-fcbe-retraite-anticipee-dun-futur-sage-ou-mise-en-rang\/\" \/>\n<meta property=\"og:site_name\" content=\"LA MARINA BJ\" \/>\n<meta property=\"article:published_time\" content=\"2026-04-29T07:07:55+00:00\" \/>\n<meta property=\"article:modified_time\" content=\"2026-04-29T07:07:57+00:00\" \/>\n<meta property=\"og:image\" content=\"https:\/\/lamarina.bj\/wp-content\/uploads\/2026\/04\/1777446071439.jpg\" \/>\n\t<meta property=\"og:image:width\" content=\"1120\" \/>\n\t<meta property=\"og:image:height\" content=\"958\" \/>\n\t<meta property=\"og:image:type\" content=\"image\/jpeg\" \/>\n<meta name=\"author\" content=\"La Marina BJ - Team Politique &amp; Gouvernance\" \/>\n<meta name=\"twitter:card\" content=\"summary_large_image\" \/>\n<meta name=\"twitter:label1\" content=\"\u00c9crit par\" \/>\n\t<meta name=\"twitter:data1\" content=\"La Marina BJ - Team Politique &amp; Gouvernance\" \/>\n\t<meta name=\"twitter:label2\" content=\"Dur\u00e9e de lecture estim\u00e9e\" \/>\n\t<meta name=\"twitter:data2\" content=\"4 minutes\" \/>\n<script type=\"application\/ld+json\" class=\"yoast-schema-graph\">{\"@context\":\"https:\\\/\\\/schema.org\",\"@graph\":[{\"@type\":\"NewsArticle\",\"@id\":\"https:\\\/\\\/lamarina.bj\\\/index.php\\\/2026\\\/04\\\/29\\\/demission-de-paul-hounkpe-de-la-fcbe-retraite-anticipee-dun-futur-sage-ou-mise-en-rang\\\/#article\",\"isPartOf\":{\"@id\":\"https:\\\/\\\/lamarina.bj\\\/index.php\\\/2026\\\/04\\\/29\\\/demission-de-paul-hounkpe-de-la-fcbe-retraite-anticipee-dun-futur-sage-ou-mise-en-rang\\\/\"},\"author\":{\"name\":\"La Marina BJ - Team Politique &amp; Gouvernance\",\"@id\":\"https:\\\/\\\/lamarina.bj\\\/#\\\/schema\\\/person\\\/27ef1e32815ead2e2ae424a8df0f3e01\"},\"headline\":\"D\u00e9mission de Paul Hounkp\u00e8 de la FCBE : Retraite anticip\u00e9e d&rsquo;un futur sage ou mise en rang ?\",\"datePublished\":\"2026-04-29T07:07:55+00:00\",\"dateModified\":\"2026-04-29T07:07:57+00:00\",\"mainEntityOfPage\":{\"@id\":\"https:\\\/\\\/lamarina.bj\\\/index.php\\\/2026\\\/04\\\/29\\\/demission-de-paul-hounkpe-de-la-fcbe-retraite-anticipee-dun-futur-sage-ou-mise-en-rang\\\/\"},\"wordCount\":697,\"commentCount\":0,\"image\":{\"@id\":\"https:\\\/\\\/lamarina.bj\\\/index.php\\\/2026\\\/04\\\/29\\\/demission-de-paul-hounkpe-de-la-fcbe-retraite-anticipee-dun-futur-sage-ou-mise-en-rang\\\/#primaryimage\"},\"thumbnailUrl\":\"https:\\\/\\\/lamarina.bj\\\/wp-content\\\/uploads\\\/2026\\\/04\\\/1777446071439.jpg\",\"keywords\":[\"B\u00e9nin\",\"d\u00e9mission Paul hounkp\u00e8\",\"FCBE\",\"Romuald wadagni\"],\"articleSection\":[\"L'\u00c9V\u00c9NEMENT\"],\"inLanguage\":\"fr-FR\",\"potentialAction\":[{\"@type\":\"CommentAction\",\"name\":\"Comment\",\"target\":[\"https:\\\/\\\/lamarina.bj\\\/index.php\\\/2026\\\/04\\\/29\\\/demission-de-paul-hounkpe-de-la-fcbe-retraite-anticipee-dun-futur-sage-ou-mise-en-rang\\\/#respond\"]}]},{\"@type\":[\"WebPage\",\"SearchResultsPage\"],\"@id\":\"https:\\\/\\\/lamarina.bj\\\/index.php\\\/2026\\\/04\\\/29\\\/demission-de-paul-hounkpe-de-la-fcbe-retraite-anticipee-dun-futur-sage-ou-mise-en-rang\\\/\",\"url\":\"https:\\\/\\\/lamarina.bj\\\/index.php\\\/2026\\\/04\\\/29\\\/demission-de-paul-hounkpe-de-la-fcbe-retraite-anticipee-dun-futur-sage-ou-mise-en-rang\\\/\",\"name\":\"D\u00e9mission de Paul Hounkp\u00e8 de la FCBE : Retraite anticip\u00e9e d'un futur sage ou mise en rang ? - LA MARINA BJ\",\"isPartOf\":{\"@id\":\"https:\\\/\\\/lamarina.bj\\\/#website\"},\"primaryImageOfPage\":{\"@id\":\"https:\\\/\\\/lamarina.bj\\\/index.php\\\/2026\\\/04\\\/29\\\/demission-de-paul-hounkpe-de-la-fcbe-retraite-anticipee-dun-futur-sage-ou-mise-en-rang\\\/#primaryimage\"},\"image\":{\"@id\":\"https:\\\/\\\/lamarina.bj\\\/index.php\\\/2026\\\/04\\\/29\\\/demission-de-paul-hounkpe-de-la-fcbe-retraite-anticipee-dun-futur-sage-ou-mise-en-rang\\\/#primaryimage\"},\"thumbnailUrl\":\"https:\\\/\\\/lamarina.bj\\\/wp-content\\\/uploads\\\/2026\\\/04\\\/1777446071439.jpg\",\"datePublished\":\"2026-04-29T07:07:55+00:00\",\"dateModified\":\"2026-04-29T07:07:57+00:00\",\"author\":{\"@id\":\"https:\\\/\\\/lamarina.bj\\\/#\\\/schema\\\/person\\\/27ef1e32815ead2e2ae424a8df0f3e01\"},\"description\":\"Le paysage politique b\u00e9ninois vient d'enregistrer un s\u00e9isme dont l'\u00e9picentre se situe \u00e0 Abomey-Calavi. Par une lettre dat\u00e9e du 28 avril 2026, Paul Hounkp\u00e8 a officialis\u00e9 son d\u00e9part de la Force Cauris pour un B\u00e9nin \u00c9mergent (FCBE). Si l'acte semble s'inscrire dans une forme de courtoisie r\u00e9publicaine, il ouvre surtout le champ \u00e0 une interrogation cruciale sur l'avenir de celui qui fut, pendant des ann\u00e9es, le visage d'une opposition dite \u00ab mod\u00e9r\u00e9e \u00bb.\",\"breadcrumb\":{\"@id\":\"https:\\\/\\\/lamarina.bj\\\/index.php\\\/2026\\\/04\\\/29\\\/demission-de-paul-hounkpe-de-la-fcbe-retraite-anticipee-dun-futur-sage-ou-mise-en-rang\\\/#breadcrumb\"},\"inLanguage\":\"fr-FR\",\"potentialAction\":[{\"@type\":\"ReadAction\",\"target\":[\"https:\\\/\\\/lamarina.bj\\\/index.php\\\/2026\\\/04\\\/29\\\/demission-de-paul-hounkpe-de-la-fcbe-retraite-anticipee-dun-futur-sage-ou-mise-en-rang\\\/\"]}]},{\"@type\":\"ImageObject\",\"inLanguage\":\"fr-FR\",\"@id\":\"https:\\\/\\\/lamarina.bj\\\/index.php\\\/2026\\\/04\\\/29\\\/demission-de-paul-hounkpe-de-la-fcbe-retraite-anticipee-dun-futur-sage-ou-mise-en-rang\\\/#primaryimage\",\"url\":\"https:\\\/\\\/lamarina.bj\\\/wp-content\\\/uploads\\\/2026\\\/04\\\/1777446071439.jpg\",\"contentUrl\":\"https:\\\/\\\/lamarina.bj\\\/wp-content\\\/uploads\\\/2026\\\/04\\\/1777446071439.jpg\",\"width\":1120,\"height\":958},{\"@type\":\"BreadcrumbList\",\"@id\":\"https:\\\/\\\/lamarina.bj\\\/index.php\\\/2026\\\/04\\\/29\\\/demission-de-paul-hounkpe-de-la-fcbe-retraite-anticipee-dun-futur-sage-ou-mise-en-rang\\\/#breadcrumb\",\"itemListElement\":[{\"@type\":\"ListItem\",\"position\":1,\"name\":\"Accueil\",\"item\":\"https:\\\/\\\/darkslategrey-quetzal-980263.hostingersite.com\\\/\"},{\"@type\":\"ListItem\",\"position\":2,\"name\":\"D\u00e9mission de Paul Hounkp\u00e8 de la FCBE : Retraite anticip\u00e9e d&rsquo;un futur sage ou mise en rang ?\"}]},{\"@type\":\"WebSite\",\"@id\":\"https:\\\/\\\/lamarina.bj\\\/#website\",\"url\":\"https:\\\/\\\/lamarina.bj\\\/\",\"name\":\"LA MARINA BJ\",\"description\":\"Votre portail vers l&#039;information strat\u00e9gique au B\u00e9nin, en Afrique et au-del\u00e0\",\"potentialAction\":[{\"@type\":\"SearchAction\",\"target\":{\"@type\":\"EntryPoint\",\"urlTemplate\":\"https:\\\/\\\/lamarina.bj\\\/?s={search_term_string}\"},\"query-input\":{\"@type\":\"PropertyValueSpecification\",\"valueRequired\":true,\"valueName\":\"search_term_string\"}}],\"inLanguage\":\"fr-FR\"},{\"@type\":\"Person\",\"@id\":\"https:\\\/\\\/lamarina.bj\\\/#\\\/schema\\\/person\\\/27ef1e32815ead2e2ae424a8df0f3e01\",\"name\":\"La Marina BJ - Team Politique &amp; Gouvernance\",\"image\":{\"@type\":\"ImageObject\",\"inLanguage\":\"fr-FR\",\"@id\":\"https:\\\/\\\/secure.gravatar.com\\\/avatar\\\/fd9545dd7863c2f40d7696b9bb5d085e4615baa276d5cd3e6a5a3bbc53bfae6e?s=96&d=mm&r=g\",\"url\":\"https:\\\/\\\/secure.gravatar.com\\\/avatar\\\/fd9545dd7863c2f40d7696b9bb5d085e4615baa276d5cd3e6a5a3bbc53bfae6e?s=96&d=mm&r=g\",\"contentUrl\":\"https:\\\/\\\/secure.gravatar.com\\\/avatar\\\/fd9545dd7863c2f40d7696b9bb5d085e4615baa276d5cd3e6a5a3bbc53bfae6e?s=96&d=mm&r=g\",\"caption\":\"La Marina BJ - Team Politique &amp; Gouvernance\"},\"description\":\"La Team Politique &amp; Gouvernance de La Marina BJ est au c\u0153ur de l\u2019analyse des enjeux politiques, institutionnels et de gouvernance au B\u00e9nin et en Afrique. Compos\u00e9e de journalistes sp\u00e9cialis\u00e9s en affaires publiques et en politique, cette \u00e9quipe s\u2019attache \u00e0 d\u00e9crypter les d\u00e9cisions politiques, \u00e0 suivre l\u2019\u00e9volution des r\u00e9formes institutionnelles, et \u00e0 analyser les dynamiques de pouvoir au sein des institutions nationales et internationales.\",\"url\":\"https:\\\/\\\/lamarina.bj\\\/index.php\\\/author\\\/adimi\\\/\"}]}<\/script>\n<!-- \/ Yoast SEO plugin. -->","yoast_head_json":{"title":"D\u00e9mission de Paul Hounkp\u00e8 de la FCBE : Retraite anticip\u00e9e d'un futur sage ou mise en rang ? - LA MARINA BJ","description":"Le paysage politique b\u00e9ninois vient d'enregistrer un s\u00e9isme dont l'\u00e9picentre se situe \u00e0 Abomey-Calavi. Par une lettre dat\u00e9e du 28 avril 2026, Paul Hounkp\u00e8 a officialis\u00e9 son d\u00e9part de la Force Cauris pour un B\u00e9nin \u00c9mergent (FCBE). Si l'acte semble s'inscrire dans une forme de courtoisie r\u00e9publicaine, il ouvre surtout le champ \u00e0 une interrogation cruciale sur l'avenir de celui qui fut, pendant des ann\u00e9es, le visage d'une opposition dite \u00ab mod\u00e9r\u00e9e \u00bb.","robots":{"index":"index","follow":"follow","max-snippet":"max-snippet:-1","max-image-preview":"max-image-preview:large","max-video-preview":"max-video-preview:-1"},"canonical":"https:\/\/lamarina.bj\/index.php\/2026\/04\/29\/demission-de-paul-hounkpe-de-la-fcbe-retraite-anticipee-dun-futur-sage-ou-mise-en-rang\/","og_locale":"fr_FR","og_type":"article","og_title":"D\u00e9mission de Paul Hounkp\u00e8 de la FCBE : Retraite anticip\u00e9e d'un futur sage ou mise en rang ? - LA MARINA BJ","og_description":"Le paysage politique b\u00e9ninois vient d'enregistrer un s\u00e9isme dont l'\u00e9picentre se situe \u00e0 Abomey-Calavi. Par une lettre dat\u00e9e du 28 avril 2026, Paul Hounkp\u00e8 a officialis\u00e9 son d\u00e9part de la Force Cauris pour un B\u00e9nin \u00c9mergent (FCBE). Si l'acte semble s'inscrire dans une forme de courtoisie r\u00e9publicaine, il ouvre surtout le champ \u00e0 une interrogation cruciale sur l'avenir de celui qui fut, pendant des ann\u00e9es, le visage d'une opposition dite \u00ab mod\u00e9r\u00e9e \u00bb.","og_url":"https:\/\/lamarina.bj\/index.php\/2026\/04\/29\/demission-de-paul-hounkpe-de-la-fcbe-retraite-anticipee-dun-futur-sage-ou-mise-en-rang\/","og_site_name":"LA MARINA BJ","article_published_time":"2026-04-29T07:07:55+00:00","article_modified_time":"2026-04-29T07:07:57+00:00","og_image":[{"width":1120,"height":958,"url":"https:\/\/lamarina.bj\/wp-content\/uploads\/2026\/04\/1777446071439.jpg","type":"image\/jpeg"}],"author":"La Marina BJ - Team Politique &amp; Gouvernance","twitter_card":"summary_large_image","twitter_misc":{"\u00c9crit par":"La Marina BJ - Team Politique &amp; Gouvernance","Dur\u00e9e de lecture estim\u00e9e":"4 minutes"},"schema":{"@context":"https:\/\/schema.org","@graph":[{"@type":"NewsArticle","@id":"https:\/\/lamarina.bj\/index.php\/2026\/04\/29\/demission-de-paul-hounkpe-de-la-fcbe-retraite-anticipee-dun-futur-sage-ou-mise-en-rang\/#article","isPartOf":{"@id":"https:\/\/lamarina.bj\/index.php\/2026\/04\/29\/demission-de-paul-hounkpe-de-la-fcbe-retraite-anticipee-dun-futur-sage-ou-mise-en-rang\/"},"author":{"name":"La Marina BJ - Team Politique &amp; Gouvernance","@id":"https:\/\/lamarina.bj\/#\/schema\/person\/27ef1e32815ead2e2ae424a8df0f3e01"},"headline":"D\u00e9mission de Paul Hounkp\u00e8 de la FCBE : Retraite anticip\u00e9e d&rsquo;un futur sage ou mise en rang ?","datePublished":"2026-04-29T07:07:55+00:00","dateModified":"2026-04-29T07:07:57+00:00","mainEntityOfPage":{"@id":"https:\/\/lamarina.bj\/index.php\/2026\/04\/29\/demission-de-paul-hounkpe-de-la-fcbe-retraite-anticipee-dun-futur-sage-ou-mise-en-rang\/"},"wordCount":697,"commentCount":0,"image":{"@id":"https:\/\/lamarina.bj\/index.php\/2026\/04\/29\/demission-de-paul-hounkpe-de-la-fcbe-retraite-anticipee-dun-futur-sage-ou-mise-en-rang\/#primaryimage"},"thumbnailUrl":"https:\/\/lamarina.bj\/wp-content\/uploads\/2026\/04\/1777446071439.jpg","keywords":["B\u00e9nin","d\u00e9mission Paul hounkp\u00e8","FCBE","Romuald wadagni"],"articleSection":["L'\u00c9V\u00c9NEMENT"],"inLanguage":"fr-FR","potentialAction":[{"@type":"CommentAction","name":"Comment","target":["https:\/\/lamarina.bj\/index.php\/2026\/04\/29\/demission-de-paul-hounkpe-de-la-fcbe-retraite-anticipee-dun-futur-sage-ou-mise-en-rang\/#respond"]}]},{"@type":["WebPage","SearchResultsPage"],"@id":"https:\/\/lamarina.bj\/index.php\/2026\/04\/29\/demission-de-paul-hounkpe-de-la-fcbe-retraite-anticipee-dun-futur-sage-ou-mise-en-rang\/","url":"https:\/\/lamarina.bj\/index.php\/2026\/04\/29\/demission-de-paul-hounkpe-de-la-fcbe-retraite-anticipee-dun-futur-sage-ou-mise-en-rang\/","name":"D\u00e9mission de Paul Hounkp\u00e8 de la FCBE : Retraite anticip\u00e9e d'un futur sage ou mise en rang ? - LA MARINA BJ","isPartOf":{"@id":"https:\/\/lamarina.bj\/#website"},"primaryImageOfPage":{"@id":"https:\/\/lamarina.bj\/index.php\/2026\/04\/29\/demission-de-paul-hounkpe-de-la-fcbe-retraite-anticipee-dun-futur-sage-ou-mise-en-rang\/#primaryimage"},"image":{"@id":"https:\/\/lamarina.bj\/index.php\/2026\/04\/29\/demission-de-paul-hounkpe-de-la-fcbe-retraite-anticipee-dun-futur-sage-ou-mise-en-rang\/#primaryimage"},"thumbnailUrl":"https:\/\/lamarina.bj\/wp-content\/uploads\/2026\/04\/1777446071439.jpg","datePublished":"2026-04-29T07:07:55+00:00","dateModified":"2026-04-29T07:07:57+00:00","author":{"@id":"https:\/\/lamarina.bj\/#\/schema\/person\/27ef1e32815ead2e2ae424a8df0f3e01"},"description":"Le paysage politique b\u00e9ninois vient d'enregistrer un s\u00e9isme dont l'\u00e9picentre se situe \u00e0 Abomey-Calavi. Par une lettre dat\u00e9e du 28 avril 2026, Paul Hounkp\u00e8 a officialis\u00e9 son d\u00e9part de la Force Cauris pour un B\u00e9nin \u00c9mergent (FCBE). Si l'acte semble s'inscrire dans une forme de courtoisie r\u00e9publicaine, il ouvre surtout le champ \u00e0 une interrogation cruciale sur l'avenir de celui qui fut, pendant des ann\u00e9es, le visage d'une opposition dite \u00ab mod\u00e9r\u00e9e \u00bb.","breadcrumb":{"@id":"https:\/\/lamarina.bj\/index.php\/2026\/04\/29\/demission-de-paul-hounkpe-de-la-fcbe-retraite-anticipee-dun-futur-sage-ou-mise-en-rang\/#breadcrumb"},"inLanguage":"fr-FR","potentialAction":[{"@type":"ReadAction","target":["https:\/\/lamarina.bj\/index.php\/2026\/04\/29\/demission-de-paul-hounkpe-de-la-fcbe-retraite-anticipee-dun-futur-sage-ou-mise-en-rang\/"]}]},{"@type":"ImageObject","inLanguage":"fr-FR","@id":"https:\/\/lamarina.bj\/index.php\/2026\/04\/29\/demission-de-paul-hounkpe-de-la-fcbe-retraite-anticipee-dun-futur-sage-ou-mise-en-rang\/#primaryimage","url":"https:\/\/lamarina.bj\/wp-content\/uploads\/2026\/04\/1777446071439.jpg","contentUrl":"https:\/\/lamarina.bj\/wp-content\/uploads\/2026\/04\/1777446071439.jpg","width":1120,"height":958},{"@type":"BreadcrumbList","@id":"https:\/\/lamarina.bj\/index.php\/2026\/04\/29\/demission-de-paul-hounkpe-de-la-fcbe-retraite-anticipee-dun-futur-sage-ou-mise-en-rang\/#breadcrumb","itemListElement":[{"@type":"ListItem","position":1,"name":"Accueil","item":"https:\/\/darkslategrey-quetzal-980263.hostingersite.com\/"},{"@type":"ListItem","position":2,"name":"D\u00e9mission de Paul Hounkp\u00e8 de la FCBE : Retraite anticip\u00e9e d&rsquo;un futur sage ou mise en rang ?"}]},{"@type":"WebSite","@id":"https:\/\/lamarina.bj\/#website","url":"https:\/\/lamarina.bj\/","name":"LA MARINA BJ","description":"Votre portail vers l&#039;information strat\u00e9gique au B\u00e9nin, en Afrique et au-del\u00e0","potentialAction":[{"@type":"SearchAction","target":{"@type":"EntryPoint","urlTemplate":"https:\/\/lamarina.bj\/?s={search_term_string}"},"query-input":{"@type":"PropertyValueSpecification","valueRequired":true,"valueName":"search_term_string"}}],"inLanguage":"fr-FR"},{"@type":"Person","@id":"https:\/\/lamarina.bj\/#\/schema\/person\/27ef1e32815ead2e2ae424a8df0f3e01","name":"La Marina BJ - Team Politique &amp; Gouvernance","image":{"@type":"ImageObject","inLanguage":"fr-FR","@id":"https:\/\/secure.gravatar.com\/avatar\/fd9545dd7863c2f40d7696b9bb5d085e4615baa276d5cd3e6a5a3bbc53bfae6e?s=96&d=mm&r=g","url":"https:\/\/secure.gravatar.com\/avatar\/fd9545dd7863c2f40d7696b9bb5d085e4615baa276d5cd3e6a5a3bbc53bfae6e?s=96&d=mm&r=g","contentUrl":"https:\/\/secure.gravatar.com\/avatar\/fd9545dd7863c2f40d7696b9bb5d085e4615baa276d5cd3e6a5a3bbc53bfae6e?s=96&d=mm&r=g","caption":"La Marina BJ - Team Politique &amp; Gouvernance"},"description":"La Team Politique &amp; Gouvernance de La Marina BJ est au c\u0153ur de l\u2019analyse des enjeux politiques, institutionnels et de gouvernance au B\u00e9nin et en Afrique. Compos\u00e9e de journalistes sp\u00e9cialis\u00e9s en affaires publiques et en politique, cette \u00e9quipe s\u2019attache \u00e0 d\u00e9crypter les d\u00e9cisions politiques, \u00e0 suivre l\u2019\u00e9volution des r\u00e9formes institutionnelles, et \u00e0 analyser les dynamiques de pouvoir au sein des institutions nationales et internationales.","url":"https:\/\/lamarina.bj\/index.php\/author\/adimi\/"}]}},"_links":{"self":[{"href":"https:\/\/lamarina.bj\/index.php\/wp-json\/wp\/v2\/posts\/14865","targetHints":{"allow":["GET"]}}],"collection":[{"href":"https:\/\/lamarina.bj\/index.php\/wp-json\/wp\/v2\/posts"}],"about":[{"href":"https:\/\/lamarina.bj\/index.php\/wp-json\/wp\/v2\/types\/post"}],"author":[{"embeddable":true,"href":"https:\/\/lamarina.bj\/index.php\/wp-json\/wp\/v2\/users\/9"}],"replies":[{"embeddable":true,"href":"https:\/\/lamarina.bj\/index.php\/wp-json\/wp\/v2\/comments?post=14865"}],"version-history":[{"count":1,"href":"https:\/\/lamarina.bj\/index.php\/wp-json\/wp\/v2\/posts\/14865\/revisions"}],"predecessor-version":[{"id":14867,"href":"https:\/\/lamarina.bj\/index.php\/wp-json\/wp\/v2\/posts\/14865\/revisions\/14867"}],"wp:featuredmedia":[{"embeddable":true,"href":"https:\/\/lamarina.bj\/index.php\/wp-json\/wp\/v2\/media\/14866"}],"wp:attachment":[{"href":"https:\/\/lamarina.bj\/index.php\/wp-json\/wp\/v2\/media?parent=14865"}],"wp:term":[{"taxonomy":"category","embeddable":true,"href":"https:\/\/lamarina.bj\/index.php\/wp-json\/wp\/v2\/categories?post=14865"},{"taxonomy":"post_tag","embeddable":true,"href":"https:\/\/lamarina.bj\/index.php\/wp-json\/wp\/v2\/tags?post=14865"}],"curies":[{"name":"wp","href":"https:\/\/api.w.org\/{rel}","templated":true}]}}