{"id":14872,"date":"2026-04-29T12:13:00","date_gmt":"2026-04-29T11:13:00","guid":{"rendered":"https:\/\/lamarina.bj\/?p=14872"},"modified":"2026-04-29T09:35:22","modified_gmt":"2026-04-29T08:35:22","slug":"brvm-actions-le-trio-beninois-en-harmonie-avec-le-marche-regional-saligne-dans-le-vert","status":"publish","type":"post","link":"https:\/\/lamarina.bj\/index.php\/2026\/04\/29\/brvm-actions-le-trio-beninois-en-harmonie-avec-le-marche-regional-saligne-dans-le-vert\/","title":{"rendered":"BRVM-ACTIONS : Le trio b\u00e9ninois en harmonie avec le march\u00e9 r\u00e9gional, s&rsquo;aligne dans le vert"},"content":{"rendered":"\n<p><mark style=\"background-color:rgba(0, 0, 0, 0)\" class=\"has-inline-color has-red-color\"><strong>Bourse, La Marina BJ <\/strong><\/mark>\u2014 <strong><em>La place boursi\u00e8re r\u00e9gionale a confirm\u00e9 sa vigueur ce mardi 28 avril 2026. Apr\u00e8s une entame de semaine marqu\u00e9e par une prudence l\u00e9gitime, les acheteurs ont repris la main, entra\u00eenant les indices dans un rebond g\u00e9n\u00e9ralis\u00e9. Dans ce sillage, le p\u00f4le b\u00e9ninois a offert un spectacle de coh\u00e9sion rare : pour la premi\u00e8re fois depuis l&rsquo;ouverture de cette 18\u00e8me semaine boursi\u00e8re, ses trois fleurons ont progress\u00e9 de concert, s&rsquo;alignant parfaitement sur la trajectoire verdoyante de la BRVM.<\/em><\/strong><\/p>\n\n\n\n<p>La s\u00e9ance de ce mardi a agi comme un puissant catalyseur. L&rsquo;indice BRVM Composite a repris de la hauteur pour s&rsquo;\u00e9tablir \u00e0 403,36 points (+0,24 %), tandis que le BRVM 30 a affich\u00e9 une progression de +0,81 %. Le compartiment BRVM Prestige, le plus chahut\u00e9 la veille, a lui aussi retrouv\u00e9 des couleurs en rebondissant de +0,78 %. Ce regain d&rsquo;optimisme s&rsquo;est traduit par une acc\u00e9l\u00e9ration spectaculaire de la participation, le volume d&rsquo;\u00e9changes bondissant de pr\u00e8s de 39 % en 24 heures pour atteindre 786 201 titres.<\/p>\n\n\n\n<h2 id=\"une-convergence-beninoise-exemplaire\" class=\"wp-block-heading\"><mark style=\"background-color:rgba(0, 0, 0, 0)\" class=\"has-inline-color has-red-color\">Une convergence b\u00e9ninoise exemplaire<\/mark><\/h2>\n\n\n\n<p>Le fait marquant de la deuxi\u00e8me journ\u00e9e de cotation de cette derni\u00e8re semaine du mois d&rsquo;avril pour les investisseurs des titres b\u00e9ninois r\u00e9side dans cette \u00ab\u00a0harmonie\u00a0\u00bb retrouv\u00e9e. Si la s\u00e9ance du lundi avait \u00e9t\u00e9 celle de la BOA B\u00e9nin, celle du mardi consacre un leadership collectif. La Bank of Africa B\u00e9nin (BOAB) poursuit son ascension avec une s\u00e9r\u00e9nit\u00e9 remarquable. En glanant encore +1,18 %, le titre se hisse \u00e0 8 600 FCFA, consolidant ses sommets historiques. Avec une performance annuelle qui fr\u00f4le d\u00e9sormais les +47 %, la banque b\u00e9ninoise s&rsquo;affirme comme l&rsquo;une des valeurs les plus rentables de toute la zone UEMOA depuis le d\u00e9but de l&rsquo;exercice.<\/p>\n\n\n\n<p>Plus significatif encore est le renversement de tendance op\u00e9r\u00e9 par la Loterie Nationale du B\u00e9nin (LNBB). Apr\u00e8s un lundi morose, la LNB a corrig\u00e9 le tir avec un gain de +1,92 %, ramenant son cours \u00e0 3 975 FCFA. Ce regain d&rsquo;int\u00e9r\u00eat s&rsquo;est accompagn\u00e9 d&rsquo;un bond de la valeur transig\u00e9e (15,1 millions de FCFA), signe que les investisseurs ont profit\u00e9 du repli de la veille pour renforcer leurs positions. La BIIC B\u00e9nin (BICB) compl\u00e8te ce tableau idyllique en amplifiant son mouvement de redressement entam\u00e9 la semaine pass\u00e9e. Le titre s&rsquo;adjuge +1,25 % pour cl\u00f4turer \u00e0 5 270 FCFA.<\/p>\n\n\n\n<h2 id=\"spectaculaire-rotation-sectorielle\" class=\"wp-block-heading\"><mark style=\"background-color:rgba(0, 0, 0, 0)\" class=\"has-inline-color has-red-color\">Spectaculaire rotation sectorielle <\/mark><\/h2>\n\n\n\n<p>Au-del\u00e0 du p\u00f4le b\u00e9ninois, la s\u00e9ance a \u00e9t\u00e9 le th\u00e9\u00e2tre d&rsquo;un arbitrage sectoriel massif. Les Services Publics ont litt\u00e9ralement explos\u00e9 de +6,40 %, port\u00e9s par les performances de SODE CI (+7,45 %) et CIE CI (+6,00 %). \u00c0 l&rsquo;inverse, le secteur de la Consommation de base a subi une correction s\u00e9v\u00e8re (-3,41 %), illustrant la volatilit\u00e9 actuelle de la cote o\u00f9 les investisseurs n&rsquo;h\u00e9sitent pas \u00e0 sortir rapidement des valeurs ayant fortement progress\u00e9.<\/p>\n\n\n\n<p>Dans ce paysage en mouvement, des titres comme NEI-CEDA (+7,37 %) et SAFCA CI (+7,20 %) continuent d&rsquo;afficher un momentum exceptionnel, la SAFCA r\u00e9alisant le doubl\u00e9 en dominant le palmar\u00e8s pour la deuxi\u00e8me s\u00e9ance cons\u00e9cutive. \u00c0 l&rsquo;autre extr\u00e9mit\u00e9 du spectre, Servair Abidjan (-7,41 %), suivi de Nestl\u00e9 CI ( -7,07 %) et Unilever CI (-6,86 %), enregistre le plus fort repli de la s\u00e9ance.<\/p>\n","protected":false},"excerpt":{"rendered":"Bourse, La Marina BJ \u2014 La place boursi\u00e8re r\u00e9gionale a confirm\u00e9 sa vigueur ce mardi 28 avril 2026.&hellip;\n","protected":false},"author":8,"featured_media":12777,"comment_status":"open","ping_status":"open","sticky":false,"template":"elementor_theme","format":"standard","meta":{"csco_singular_sidebar":"","csco_page_header_type":"standard","csco_appearance_masonry":"","csco_page_load_nextpost":"","csco_post_video_location":[],"csco_post_video_location_hash":"","csco_post_video_url":"","csco_post_video_bg_start_time":0,"csco_post_video_bg_end_time":0,"footnotes":""},"categories":[110],"tags":[41,1613,707,836,953],"class_list":{"0":"post-14872","1":"post","2":"type-post","3":"status-publish","4":"format-standard","5":"has-post-thumbnail","7":"category-business","8":"tag-benin","9":"tag-biic-benin","10":"tag-boa-benin","11":"tag-brvm","12":"tag-lnb","13":"cs-entry","14":"cs-video-wrap"},"yoast_head":"<!-- This site is optimized with the Yoast SEO plugin v27.4 - https:\/\/yoast.com\/product\/yoast-seo-wordpress\/ -->\n<title>BRVM-ACTIONS : Le trio b\u00e9ninois en harmonie avec le march\u00e9 r\u00e9gional, s&#039;aligne dans le vert - LA MARINA BJ<\/title>\n<meta name=\"description\" content=\"La place boursi\u00e8re r\u00e9gionale a confirm\u00e9 sa vigueur ce mardi 28 avril 2026. Apr\u00e8s une entame de semaine marqu\u00e9e par une prudence l\u00e9gitime, les acheteurs ont repris la main, entra\u00eenant les indices dans un rebond g\u00e9n\u00e9ralis\u00e9. Dans ce sillage, le p\u00f4le b\u00e9ninois a offert un spectacle de coh\u00e9sion rare : pour la premi\u00e8re fois depuis l&#039;ouverture de cette 18\u00e8me semaine boursi\u00e8re, ses trois fleurons ont progress\u00e9 de concert, s&#039;alignant parfaitement sur la trajectoire verdoyante de la BRVM.\" \/>\n<meta name=\"robots\" content=\"index, follow, max-snippet:-1, max-image-preview:large, max-video-preview:-1\" \/>\n<link rel=\"canonical\" href=\"https:\/\/lamarina.bj\/index.php\/2026\/04\/29\/brvm-actions-le-trio-beninois-en-harmonie-avec-le-marche-regional-saligne-dans-le-vert\/\" \/>\n<meta property=\"og:locale\" content=\"fr_FR\" \/>\n<meta property=\"og:type\" content=\"article\" \/>\n<meta property=\"og:title\" content=\"BRVM-ACTIONS : Le trio b\u00e9ninois en harmonie avec le march\u00e9 r\u00e9gional, s&#039;aligne dans le vert - LA MARINA BJ\" \/>\n<meta property=\"og:description\" content=\"La place boursi\u00e8re r\u00e9gionale a confirm\u00e9 sa vigueur ce mardi 28 avril 2026. Apr\u00e8s une entame de semaine marqu\u00e9e par une prudence l\u00e9gitime, les acheteurs ont repris la main, entra\u00eenant les indices dans un rebond g\u00e9n\u00e9ralis\u00e9. Dans ce sillage, le p\u00f4le b\u00e9ninois a offert un spectacle de coh\u00e9sion rare : pour la premi\u00e8re fois depuis l&#039;ouverture de cette 18\u00e8me semaine boursi\u00e8re, ses trois fleurons ont progress\u00e9 de concert, s&#039;alignant parfaitement sur la trajectoire verdoyante de la BRVM.\" \/>\n<meta property=\"og:url\" content=\"https:\/\/lamarina.bj\/index.php\/2026\/04\/29\/brvm-actions-le-trio-beninois-en-harmonie-avec-le-marche-regional-saligne-dans-le-vert\/\" \/>\n<meta property=\"og:site_name\" content=\"LA MARINA BJ\" \/>\n<meta property=\"article:published_time\" content=\"2026-04-29T11:13:00+00:00\" \/>\n<meta property=\"og:image\" content=\"https:\/\/lamarina.bj\/wp-content\/uploads\/2025\/11\/IMG-20251121-WA0014.jpg\" \/>\n\t<meta property=\"og:image:width\" content=\"1024\" \/>\n\t<meta property=\"og:image:height\" content=\"942\" \/>\n\t<meta property=\"og:image:type\" content=\"image\/jpeg\" \/>\n<meta name=\"author\" content=\"La Marina BJ - Team Business &amp; \u00c9conomie &amp; Finances\" \/>\n<meta name=\"twitter:card\" content=\"summary_large_image\" \/>\n<meta name=\"twitter:label1\" content=\"\u00c9crit par\" \/>\n\t<meta name=\"twitter:data1\" content=\"La Marina BJ - Team Business &amp; \u00c9conomie &amp; Finances\" \/>\n\t<meta name=\"twitter:label2\" content=\"Dur\u00e9e de lecture estim\u00e9e\" \/>\n\t<meta name=\"twitter:data2\" content=\"3 minutes\" \/>\n<script type=\"application\/ld+json\" class=\"yoast-schema-graph\">{\"@context\":\"https:\\\/\\\/schema.org\",\"@graph\":[{\"@type\":\"NewsArticle\",\"@id\":\"https:\\\/\\\/lamarina.bj\\\/index.php\\\/2026\\\/04\\\/29\\\/brvm-actions-le-trio-beninois-en-harmonie-avec-le-marche-regional-saligne-dans-le-vert\\\/#article\",\"isPartOf\":{\"@id\":\"https:\\\/\\\/lamarina.bj\\\/index.php\\\/2026\\\/04\\\/29\\\/brvm-actions-le-trio-beninois-en-harmonie-avec-le-marche-regional-saligne-dans-le-vert\\\/\"},\"author\":{\"name\":\"La Marina BJ - Team Business &amp; \u00c9conomie &amp; Finances\",\"@id\":\"https:\\\/\\\/lamarina.bj\\\/#\\\/schema\\\/person\\\/9dd6b44b1713cb125b25e070f3df8f9a\"},\"headline\":\"BRVM-ACTIONS : Le trio b\u00e9ninois en harmonie avec le march\u00e9 r\u00e9gional, s&rsquo;aligne dans le vert\",\"datePublished\":\"2026-04-29T11:13:00+00:00\",\"mainEntityOfPage\":{\"@id\":\"https:\\\/\\\/lamarina.bj\\\/index.php\\\/2026\\\/04\\\/29\\\/brvm-actions-le-trio-beninois-en-harmonie-avec-le-marche-regional-saligne-dans-le-vert\\\/\"},\"wordCount\":560,\"commentCount\":0,\"image\":{\"@id\":\"https:\\\/\\\/lamarina.bj\\\/index.php\\\/2026\\\/04\\\/29\\\/brvm-actions-le-trio-beninois-en-harmonie-avec-le-marche-regional-saligne-dans-le-vert\\\/#primaryimage\"},\"thumbnailUrl\":\"https:\\\/\\\/lamarina.bj\\\/wp-content\\\/uploads\\\/2025\\\/11\\\/IMG-20251121-WA0014.jpg\",\"keywords\":[\"B\u00e9nin\",\"BIIC B\u00e9nin\",\"Boa B\u00e9nin\",\"BRVM\",\"LNB\"],\"articleSection\":[\"BUSINESS\"],\"inLanguage\":\"fr-FR\",\"potentialAction\":[{\"@type\":\"CommentAction\",\"name\":\"Comment\",\"target\":[\"https:\\\/\\\/lamarina.bj\\\/index.php\\\/2026\\\/04\\\/29\\\/brvm-actions-le-trio-beninois-en-harmonie-avec-le-marche-regional-saligne-dans-le-vert\\\/#respond\"]}]},{\"@type\":[\"WebPage\",\"SearchResultsPage\"],\"@id\":\"https:\\\/\\\/lamarina.bj\\\/index.php\\\/2026\\\/04\\\/29\\\/brvm-actions-le-trio-beninois-en-harmonie-avec-le-marche-regional-saligne-dans-le-vert\\\/\",\"url\":\"https:\\\/\\\/lamarina.bj\\\/index.php\\\/2026\\\/04\\\/29\\\/brvm-actions-le-trio-beninois-en-harmonie-avec-le-marche-regional-saligne-dans-le-vert\\\/\",\"name\":\"BRVM-ACTIONS : Le trio b\u00e9ninois en harmonie avec le march\u00e9 r\u00e9gional, s'aligne dans le vert - LA MARINA BJ\",\"isPartOf\":{\"@id\":\"https:\\\/\\\/lamarina.bj\\\/#website\"},\"primaryImageOfPage\":{\"@id\":\"https:\\\/\\\/lamarina.bj\\\/index.php\\\/2026\\\/04\\\/29\\\/brvm-actions-le-trio-beninois-en-harmonie-avec-le-marche-regional-saligne-dans-le-vert\\\/#primaryimage\"},\"image\":{\"@id\":\"https:\\\/\\\/lamarina.bj\\\/index.php\\\/2026\\\/04\\\/29\\\/brvm-actions-le-trio-beninois-en-harmonie-avec-le-marche-regional-saligne-dans-le-vert\\\/#primaryimage\"},\"thumbnailUrl\":\"https:\\\/\\\/lamarina.bj\\\/wp-content\\\/uploads\\\/2025\\\/11\\\/IMG-20251121-WA0014.jpg\",\"datePublished\":\"2026-04-29T11:13:00+00:00\",\"author\":{\"@id\":\"https:\\\/\\\/lamarina.bj\\\/#\\\/schema\\\/person\\\/9dd6b44b1713cb125b25e070f3df8f9a\"},\"description\":\"La place boursi\u00e8re r\u00e9gionale a confirm\u00e9 sa vigueur ce mardi 28 avril 2026. Apr\u00e8s une entame de semaine marqu\u00e9e par une prudence l\u00e9gitime, les acheteurs ont repris la main, entra\u00eenant les indices dans un rebond g\u00e9n\u00e9ralis\u00e9. Dans ce sillage, le p\u00f4le b\u00e9ninois a offert un spectacle de coh\u00e9sion rare : pour la premi\u00e8re fois depuis l'ouverture de cette 18\u00e8me semaine boursi\u00e8re, ses trois fleurons ont progress\u00e9 de concert, s'alignant parfaitement sur la trajectoire verdoyante de la BRVM.\",\"breadcrumb\":{\"@id\":\"https:\\\/\\\/lamarina.bj\\\/index.php\\\/2026\\\/04\\\/29\\\/brvm-actions-le-trio-beninois-en-harmonie-avec-le-marche-regional-saligne-dans-le-vert\\\/#breadcrumb\"},\"inLanguage\":\"fr-FR\",\"potentialAction\":[{\"@type\":\"ReadAction\",\"target\":[\"https:\\\/\\\/lamarina.bj\\\/index.php\\\/2026\\\/04\\\/29\\\/brvm-actions-le-trio-beninois-en-harmonie-avec-le-marche-regional-saligne-dans-le-vert\\\/\"]}]},{\"@type\":\"ImageObject\",\"inLanguage\":\"fr-FR\",\"@id\":\"https:\\\/\\\/lamarina.bj\\\/index.php\\\/2026\\\/04\\\/29\\\/brvm-actions-le-trio-beninois-en-harmonie-avec-le-marche-regional-saligne-dans-le-vert\\\/#primaryimage\",\"url\":\"https:\\\/\\\/lamarina.bj\\\/wp-content\\\/uploads\\\/2025\\\/11\\\/IMG-20251121-WA0014.jpg\",\"contentUrl\":\"https:\\\/\\\/lamarina.bj\\\/wp-content\\\/uploads\\\/2025\\\/11\\\/IMG-20251121-WA0014.jpg\",\"width\":1024,\"height\":942},{\"@type\":\"BreadcrumbList\",\"@id\":\"https:\\\/\\\/lamarina.bj\\\/index.php\\\/2026\\\/04\\\/29\\\/brvm-actions-le-trio-beninois-en-harmonie-avec-le-marche-regional-saligne-dans-le-vert\\\/#breadcrumb\",\"itemListElement\":[{\"@type\":\"ListItem\",\"position\":1,\"name\":\"Accueil\",\"item\":\"https:\\\/\\\/darkslategrey-quetzal-980263.hostingersite.com\\\/\"},{\"@type\":\"ListItem\",\"position\":2,\"name\":\"BRVM-ACTIONS : Le trio b\u00e9ninois en harmonie avec le march\u00e9 r\u00e9gional, s&rsquo;aligne dans le vert\"}]},{\"@type\":\"WebSite\",\"@id\":\"https:\\\/\\\/lamarina.bj\\\/#website\",\"url\":\"https:\\\/\\\/lamarina.bj\\\/\",\"name\":\"LA MARINA BJ\",\"description\":\"Votre portail vers l&#039;information strat\u00e9gique au B\u00e9nin, en Afrique et au-del\u00e0\",\"potentialAction\":[{\"@type\":\"SearchAction\",\"target\":{\"@type\":\"EntryPoint\",\"urlTemplate\":\"https:\\\/\\\/lamarina.bj\\\/?s={search_term_string}\"},\"query-input\":{\"@type\":\"PropertyValueSpecification\",\"valueRequired\":true,\"valueName\":\"search_term_string\"}}],\"inLanguage\":\"fr-FR\"},{\"@type\":\"Person\",\"@id\":\"https:\\\/\\\/lamarina.bj\\\/#\\\/schema\\\/person\\\/9dd6b44b1713cb125b25e070f3df8f9a\",\"name\":\"La Marina BJ - Team Business &amp; \u00c9conomie &amp; Finances\",\"image\":{\"@type\":\"ImageObject\",\"inLanguage\":\"fr-FR\",\"@id\":\"https:\\\/\\\/secure.gravatar.com\\\/avatar\\\/007be62133093bb48d247a392503beff272bc6a9503872d32895035e0e72b4f7?s=96&d=mm&r=g\",\"url\":\"https:\\\/\\\/secure.gravatar.com\\\/avatar\\\/007be62133093bb48d247a392503beff272bc6a9503872d32895035e0e72b4f7?s=96&d=mm&r=g\",\"contentUrl\":\"https:\\\/\\\/secure.gravatar.com\\\/avatar\\\/007be62133093bb48d247a392503beff272bc6a9503872d32895035e0e72b4f7?s=96&d=mm&r=g\",\"caption\":\"La Marina BJ - Team Business &amp; \u00c9conomie &amp; Finances\"},\"description\":\"La Team \u00c9conomie &amp; Finances de La Marina BJ d\u00e9crypte les dynamiques \u00e9conomiques qui fa\u00e7onnent le B\u00e9nin, l\u2019Afrique et le monde. Compos\u00e9e de journalistes \u00e9conomiques, d\u2019analystes sectoriels et de veilleurs sp\u00e9cialis\u00e9s, elle s\u2019attache \u00e0 rendre lisibles les m\u00e9canismes financiers, les politiques budg\u00e9taires, les r\u00e9formes fiscales et les grandes orientations macro\u00e9conomiques. Son ambition : \u00e9clairer les choix, anticiper les tendances et outiller les d\u00e9cideurs \u2014 publics comme priv\u00e9s \u2014 dans un environnement \u00e9conomique en constante mutation.\",\"url\":\"https:\\\/\\\/lamarina.bj\\\/index.php\\\/author\\\/ernestine\\\/\"}]}<\/script>\n<!-- \/ Yoast SEO plugin. -->","yoast_head_json":{"title":"BRVM-ACTIONS : Le trio b\u00e9ninois en harmonie avec le march\u00e9 r\u00e9gional, s'aligne dans le vert - LA MARINA BJ","description":"La place boursi\u00e8re r\u00e9gionale a confirm\u00e9 sa vigueur ce mardi 28 avril 2026. Apr\u00e8s une entame de semaine marqu\u00e9e par une prudence l\u00e9gitime, les acheteurs ont repris la main, entra\u00eenant les indices dans un rebond g\u00e9n\u00e9ralis\u00e9. Dans ce sillage, le p\u00f4le b\u00e9ninois a offert un spectacle de coh\u00e9sion rare : pour la premi\u00e8re fois depuis l'ouverture de cette 18\u00e8me semaine boursi\u00e8re, ses trois fleurons ont progress\u00e9 de concert, s'alignant parfaitement sur la trajectoire verdoyante de la BRVM.","robots":{"index":"index","follow":"follow","max-snippet":"max-snippet:-1","max-image-preview":"max-image-preview:large","max-video-preview":"max-video-preview:-1"},"canonical":"https:\/\/lamarina.bj\/index.php\/2026\/04\/29\/brvm-actions-le-trio-beninois-en-harmonie-avec-le-marche-regional-saligne-dans-le-vert\/","og_locale":"fr_FR","og_type":"article","og_title":"BRVM-ACTIONS : Le trio b\u00e9ninois en harmonie avec le march\u00e9 r\u00e9gional, s'aligne dans le vert - LA MARINA BJ","og_description":"La place boursi\u00e8re r\u00e9gionale a confirm\u00e9 sa vigueur ce mardi 28 avril 2026. Apr\u00e8s une entame de semaine marqu\u00e9e par une prudence l\u00e9gitime, les acheteurs ont repris la main, entra\u00eenant les indices dans un rebond g\u00e9n\u00e9ralis\u00e9. Dans ce sillage, le p\u00f4le b\u00e9ninois a offert un spectacle de coh\u00e9sion rare : pour la premi\u00e8re fois depuis l'ouverture de cette 18\u00e8me semaine boursi\u00e8re, ses trois fleurons ont progress\u00e9 de concert, s'alignant parfaitement sur la trajectoire verdoyante de la BRVM.","og_url":"https:\/\/lamarina.bj\/index.php\/2026\/04\/29\/brvm-actions-le-trio-beninois-en-harmonie-avec-le-marche-regional-saligne-dans-le-vert\/","og_site_name":"LA MARINA BJ","article_published_time":"2026-04-29T11:13:00+00:00","og_image":[{"width":1024,"height":942,"url":"https:\/\/lamarina.bj\/wp-content\/uploads\/2025\/11\/IMG-20251121-WA0014.jpg","type":"image\/jpeg"}],"author":"La Marina BJ - Team Business &amp; \u00c9conomie &amp; Finances","twitter_card":"summary_large_image","twitter_misc":{"\u00c9crit par":"La Marina BJ - Team Business &amp; \u00c9conomie &amp; Finances","Dur\u00e9e de lecture estim\u00e9e":"3 minutes"},"schema":{"@context":"https:\/\/schema.org","@graph":[{"@type":"NewsArticle","@id":"https:\/\/lamarina.bj\/index.php\/2026\/04\/29\/brvm-actions-le-trio-beninois-en-harmonie-avec-le-marche-regional-saligne-dans-le-vert\/#article","isPartOf":{"@id":"https:\/\/lamarina.bj\/index.php\/2026\/04\/29\/brvm-actions-le-trio-beninois-en-harmonie-avec-le-marche-regional-saligne-dans-le-vert\/"},"author":{"name":"La Marina BJ - Team Business &amp; \u00c9conomie &amp; Finances","@id":"https:\/\/lamarina.bj\/#\/schema\/person\/9dd6b44b1713cb125b25e070f3df8f9a"},"headline":"BRVM-ACTIONS : Le trio b\u00e9ninois en harmonie avec le march\u00e9 r\u00e9gional, s&rsquo;aligne dans le vert","datePublished":"2026-04-29T11:13:00+00:00","mainEntityOfPage":{"@id":"https:\/\/lamarina.bj\/index.php\/2026\/04\/29\/brvm-actions-le-trio-beninois-en-harmonie-avec-le-marche-regional-saligne-dans-le-vert\/"},"wordCount":560,"commentCount":0,"image":{"@id":"https:\/\/lamarina.bj\/index.php\/2026\/04\/29\/brvm-actions-le-trio-beninois-en-harmonie-avec-le-marche-regional-saligne-dans-le-vert\/#primaryimage"},"thumbnailUrl":"https:\/\/lamarina.bj\/wp-content\/uploads\/2025\/11\/IMG-20251121-WA0014.jpg","keywords":["B\u00e9nin","BIIC B\u00e9nin","Boa B\u00e9nin","BRVM","LNB"],"articleSection":["BUSINESS"],"inLanguage":"fr-FR","potentialAction":[{"@type":"CommentAction","name":"Comment","target":["https:\/\/lamarina.bj\/index.php\/2026\/04\/29\/brvm-actions-le-trio-beninois-en-harmonie-avec-le-marche-regional-saligne-dans-le-vert\/#respond"]}]},{"@type":["WebPage","SearchResultsPage"],"@id":"https:\/\/lamarina.bj\/index.php\/2026\/04\/29\/brvm-actions-le-trio-beninois-en-harmonie-avec-le-marche-regional-saligne-dans-le-vert\/","url":"https:\/\/lamarina.bj\/index.php\/2026\/04\/29\/brvm-actions-le-trio-beninois-en-harmonie-avec-le-marche-regional-saligne-dans-le-vert\/","name":"BRVM-ACTIONS : Le trio b\u00e9ninois en harmonie avec le march\u00e9 r\u00e9gional, s'aligne dans le vert - LA MARINA BJ","isPartOf":{"@id":"https:\/\/lamarina.bj\/#website"},"primaryImageOfPage":{"@id":"https:\/\/lamarina.bj\/index.php\/2026\/04\/29\/brvm-actions-le-trio-beninois-en-harmonie-avec-le-marche-regional-saligne-dans-le-vert\/#primaryimage"},"image":{"@id":"https:\/\/lamarina.bj\/index.php\/2026\/04\/29\/brvm-actions-le-trio-beninois-en-harmonie-avec-le-marche-regional-saligne-dans-le-vert\/#primaryimage"},"thumbnailUrl":"https:\/\/lamarina.bj\/wp-content\/uploads\/2025\/11\/IMG-20251121-WA0014.jpg","datePublished":"2026-04-29T11:13:00+00:00","author":{"@id":"https:\/\/lamarina.bj\/#\/schema\/person\/9dd6b44b1713cb125b25e070f3df8f9a"},"description":"La place boursi\u00e8re r\u00e9gionale a confirm\u00e9 sa vigueur ce mardi 28 avril 2026. Apr\u00e8s une entame de semaine marqu\u00e9e par une prudence l\u00e9gitime, les acheteurs ont repris la main, entra\u00eenant les indices dans un rebond g\u00e9n\u00e9ralis\u00e9. Dans ce sillage, le p\u00f4le b\u00e9ninois a offert un spectacle de coh\u00e9sion rare : pour la premi\u00e8re fois depuis l'ouverture de cette 18\u00e8me semaine boursi\u00e8re, ses trois fleurons ont progress\u00e9 de concert, s'alignant parfaitement sur la trajectoire verdoyante de la BRVM.","breadcrumb":{"@id":"https:\/\/lamarina.bj\/index.php\/2026\/04\/29\/brvm-actions-le-trio-beninois-en-harmonie-avec-le-marche-regional-saligne-dans-le-vert\/#breadcrumb"},"inLanguage":"fr-FR","potentialAction":[{"@type":"ReadAction","target":["https:\/\/lamarina.bj\/index.php\/2026\/04\/29\/brvm-actions-le-trio-beninois-en-harmonie-avec-le-marche-regional-saligne-dans-le-vert\/"]}]},{"@type":"ImageObject","inLanguage":"fr-FR","@id":"https:\/\/lamarina.bj\/index.php\/2026\/04\/29\/brvm-actions-le-trio-beninois-en-harmonie-avec-le-marche-regional-saligne-dans-le-vert\/#primaryimage","url":"https:\/\/lamarina.bj\/wp-content\/uploads\/2025\/11\/IMG-20251121-WA0014.jpg","contentUrl":"https:\/\/lamarina.bj\/wp-content\/uploads\/2025\/11\/IMG-20251121-WA0014.jpg","width":1024,"height":942},{"@type":"BreadcrumbList","@id":"https:\/\/lamarina.bj\/index.php\/2026\/04\/29\/brvm-actions-le-trio-beninois-en-harmonie-avec-le-marche-regional-saligne-dans-le-vert\/#breadcrumb","itemListElement":[{"@type":"ListItem","position":1,"name":"Accueil","item":"https:\/\/darkslategrey-quetzal-980263.hostingersite.com\/"},{"@type":"ListItem","position":2,"name":"BRVM-ACTIONS : Le trio b\u00e9ninois en harmonie avec le march\u00e9 r\u00e9gional, s&rsquo;aligne dans le vert"}]},{"@type":"WebSite","@id":"https:\/\/lamarina.bj\/#website","url":"https:\/\/lamarina.bj\/","name":"LA MARINA BJ","description":"Votre portail vers l&#039;information strat\u00e9gique au B\u00e9nin, en Afrique et au-del\u00e0","potentialAction":[{"@type":"SearchAction","target":{"@type":"EntryPoint","urlTemplate":"https:\/\/lamarina.bj\/?s={search_term_string}"},"query-input":{"@type":"PropertyValueSpecification","valueRequired":true,"valueName":"search_term_string"}}],"inLanguage":"fr-FR"},{"@type":"Person","@id":"https:\/\/lamarina.bj\/#\/schema\/person\/9dd6b44b1713cb125b25e070f3df8f9a","name":"La Marina BJ - Team Business &amp; \u00c9conomie &amp; Finances","image":{"@type":"ImageObject","inLanguage":"fr-FR","@id":"https:\/\/secure.gravatar.com\/avatar\/007be62133093bb48d247a392503beff272bc6a9503872d32895035e0e72b4f7?s=96&d=mm&r=g","url":"https:\/\/secure.gravatar.com\/avatar\/007be62133093bb48d247a392503beff272bc6a9503872d32895035e0e72b4f7?s=96&d=mm&r=g","contentUrl":"https:\/\/secure.gravatar.com\/avatar\/007be62133093bb48d247a392503beff272bc6a9503872d32895035e0e72b4f7?s=96&d=mm&r=g","caption":"La Marina BJ - Team Business &amp; \u00c9conomie &amp; Finances"},"description":"La Team \u00c9conomie &amp; Finances de La Marina BJ d\u00e9crypte les dynamiques \u00e9conomiques qui fa\u00e7onnent le B\u00e9nin, l\u2019Afrique et le monde. Compos\u00e9e de journalistes \u00e9conomiques, d\u2019analystes sectoriels et de veilleurs sp\u00e9cialis\u00e9s, elle s\u2019attache \u00e0 rendre lisibles les m\u00e9canismes financiers, les politiques budg\u00e9taires, les r\u00e9formes fiscales et les grandes orientations macro\u00e9conomiques. Son ambition : \u00e9clairer les choix, anticiper les tendances et outiller les d\u00e9cideurs \u2014 publics comme priv\u00e9s \u2014 dans un environnement \u00e9conomique en constante mutation.","url":"https:\/\/lamarina.bj\/index.php\/author\/ernestine\/"}]}},"_links":{"self":[{"href":"https:\/\/lamarina.bj\/index.php\/wp-json\/wp\/v2\/posts\/14872","targetHints":{"allow":["GET"]}}],"collection":[{"href":"https:\/\/lamarina.bj\/index.php\/wp-json\/wp\/v2\/posts"}],"about":[{"href":"https:\/\/lamarina.bj\/index.php\/wp-json\/wp\/v2\/types\/post"}],"author":[{"embeddable":true,"href":"https:\/\/lamarina.bj\/index.php\/wp-json\/wp\/v2\/users\/8"}],"replies":[{"embeddable":true,"href":"https:\/\/lamarina.bj\/index.php\/wp-json\/wp\/v2\/comments?post=14872"}],"version-history":[{"count":1,"href":"https:\/\/lamarina.bj\/index.php\/wp-json\/wp\/v2\/posts\/14872\/revisions"}],"predecessor-version":[{"id":14873,"href":"https:\/\/lamarina.bj\/index.php\/wp-json\/wp\/v2\/posts\/14872\/revisions\/14873"}],"wp:featuredmedia":[{"embeddable":true,"href":"https:\/\/lamarina.bj\/index.php\/wp-json\/wp\/v2\/media\/12777"}],"wp:attachment":[{"href":"https:\/\/lamarina.bj\/index.php\/wp-json\/wp\/v2\/media?parent=14872"}],"wp:term":[{"taxonomy":"category","embeddable":true,"href":"https:\/\/lamarina.bj\/index.php\/wp-json\/wp\/v2\/categories?post=14872"},{"taxonomy":"post_tag","embeddable":true,"href":"https:\/\/lamarina.bj\/index.php\/wp-json\/wp\/v2\/tags?post=14872"}],"curies":[{"name":"wp","href":"https:\/\/api.w.org\/{rel}","templated":true}]}}