{"id":14879,"date":"2026-04-29T13:00:07","date_gmt":"2026-04-29T12:00:07","guid":{"rendered":"https:\/\/lamarina.bj\/?p=14879"},"modified":"2026-04-29T13:15:49","modified_gmt":"2026-04-29T12:15:49","slug":"affaire-kemi-seba-la-justice-sud-africaine-rejette-la-demande-de-mise-en-liberte-provisoire","status":"publish","type":"post","link":"https:\/\/lamarina.bj\/index.php\/2026\/04\/29\/affaire-kemi-seba-la-justice-sud-africaine-rejette-la-demande-de-mise-en-liberte-provisoire\/","title":{"rendered":"Affaire Kemi Seba : La justice sud-africaine rejette la demande de mise en libert\u00e9 provisoire"},"content":{"rendered":"\n<p><strong><mark style=\"background-color:rgba(0, 0, 0, 0)\" class=\"has-inline-color has-red-color\">Justice, La Marina BJ<\/mark><\/strong> \u2014 <strong><em>Nouveau revers pour Stellio Gilles Robert Capo Chichi \u00e0 Pretoria. Selon nos informations, ce mercredi 29 avril 2026, la juridiction sud-africaine a oppos\u00e9 une fin de non-recevoir \u00e0 la demande de mise en libert\u00e9 sous caution introduite par l&rsquo;activiste panafricaniste. Kemi Seba demeure ainsi maintenu sous \u00e9crou avec une nouvelle audience d\u00e9sormais fix\u00e9e au 11 mai prochain<\/em><\/strong>.<\/p>\n\n\n\n<p>L&rsquo;audience de ce matin \u00e9tait particuli\u00e8rement attendue. Apr\u00e8s neuf jours de v\u00e9rifications techniques men\u00e9es par l&rsquo;unit\u00e9 d&rsquo;\u00e9lite des Hawks, le parquet a finalement suivi les r\u00e9quisitions de la procureure en charge du dossier, estimant que les conditions garantissant une lib\u00e9ration provisoire n&rsquo;\u00e9taient pas r\u00e9unies.<\/p>\n\n\n\n<p>Les premi\u00e8res indiscr\u00e9tions judiciaires sugg\u00e8rent que le risque de soustraction \u00e0 la justice a pes\u00e9 lourd dans la balance. L\u2019incertitude persistante sur le statut migratoire de l\u2019int\u00e9ress\u00e9, qui circulait avec un passeport diplomatique nig\u00e9rien, et l&rsquo;absence de garanties de repr\u00e9sentation suffisantes sur le sol sud-africain auraient convaincu la juridiction de maintenir la d\u00e9tention. Pour rappel, la saisie d&rsquo;importantes sommes en devises lors de son interpellation initiale constituait d\u00e9j\u00e0, aux yeux de l&rsquo;accusation, un indicateur de mobilit\u00e9 pr\u00e9occupant.<\/p>\n\n\n\n<h2 id=\"une-fenetre-de-tir-pour-la-criet\" class=\"wp-block-heading\"><mark style=\"background-color:rgba(0, 0, 0, 0)\" class=\"has-inline-color has-red-color\">Une fen\u00eatre de tir pour la CRIET<\/mark><\/h2>\n\n\n\n<p>Ce maintien en d\u00e9tention agit comme une bouff\u00e9e d&rsquo;oxyg\u00e8ne pour la strat\u00e9gie de l&rsquo;ex\u00e9cutif b\u00e9ninois. Comme nous l&rsquo;analysions pr\u00e9c\u00e9demment (<a href=\"https:\/\/lamarina.bj\/index.php\/2026\/04\/28\/a-pretoria-le-sort-de-kemi-seba-suspendu-a-trois-inconnues-judiciaires\/\" type=\"post\" id=\"14861\"><mark style=\"background-color:rgba(0, 0, 0, 0)\" class=\"has-inline-color has-red-color\"><strong>Lire LMBJ du 28\/04\/2026<\/strong><\/mark><\/a>), le Procureur sp\u00e9cial pr\u00e8s la CRIET, Elonm Mario Metonou, avait confirm\u00e9 la pr\u00e9paration active d&rsquo;une demande formelle d&rsquo;extradition fond\u00e9e sur des mandats d&rsquo;arr\u00eat pour \u00ab blanchiment de capitaux \u00bb et \u00ab apologie de crime \u00bb. En gardant Kemi Seba sous la main de la justice \u00e0 Pretoria, la juridiction sud-africaine laisse le champ libre \u00e0 la justice b\u00e9ninoise pour finaliser le traitement de son dossier. Ce rejet du \u00ab Bail \u00bb neutralise, pour l&rsquo;heure, tout espoir de d\u00e9part pr\u00e9cipit\u00e9 vers une autre destination, notamment le Niger.<\/p>\n\n\n\n<p>L&rsquo;activiste et ses conseils, qui d\u00e9mentaient r\u00e9cemment toute demande d&rsquo;asile politique pour privil\u00e9gier une bataille sur le terrain du droit commun, voient leur marge de man\u0153uvre se r\u00e9duire. Kemi Seba reste donc en prison. Son sort est d\u00e9sormais suspendu \u00e0 cette date charni\u00e8re du 11 mai. \u00c0 suivre.<\/p>\n","protected":false},"excerpt":{"rendered":"Justice, La Marina BJ \u2014 Nouveau revers pour Stellio Gilles Robert Capo Chichi \u00e0 Pretoria. Selon nos informations,&hellip;\n","protected":false},"author":7,"featured_media":14880,"comment_status":"open","ping_status":"open","sticky":false,"template":"elementor_theme","format":"standard","meta":{"csco_singular_sidebar":"","csco_page_header_type":"standard","csco_appearance_masonry":"","csco_page_load_nextpost":"","csco_post_video_location":[],"csco_post_video_location_hash":"","csco_post_video_url":"","csco_post_video_bg_start_time":0,"csco_post_video_bg_end_time":0,"footnotes":""},"categories":[239],"tags":[159,41,1016],"class_list":{"0":"post-14879","1":"post","2":"type-post","3":"status-publish","4":"format-standard","5":"has-post-thumbnail","7":"category-levenement-2","8":"tag-afrique-du-sud","9":"tag-benin","10":"tag-kemi-seba","11":"cs-entry","12":"cs-video-wrap"},"yoast_head":"<!-- This site is optimized with the Yoast SEO plugin v27.4 - https:\/\/yoast.com\/product\/yoast-seo-wordpress\/ -->\n<title>Affaire Kemi Seba : La justice sud-africaine rejette la demande de mise en libert\u00e9 provisoire - LA MARINA BJ<\/title>\n<meta name=\"description\" content=\"Nouveau revers pour Stellio Gilles Robert Capo Chichi \u00e0 Pretoria. Selon nos informations, ce mercredi 29 avril 2026, la juridiction sud-africaine a oppos\u00e9 une fin de non-recevoir \u00e0 la demande de mise en libert\u00e9 sous caution introduite par l&#039;activiste panafricaniste. Kemi Seba demeure ainsi maintenu sous \u00e9crou \u00e9crou.\" \/>\n<meta name=\"robots\" content=\"index, follow, max-snippet:-1, max-image-preview:large, max-video-preview:-1\" \/>\n<link rel=\"canonical\" href=\"https:\/\/lamarina.bj\/index.php\/2026\/04\/29\/affaire-kemi-seba-la-justice-sud-africaine-rejette-la-demande-de-mise-en-liberte-provisoire\/\" \/>\n<meta property=\"og:locale\" content=\"fr_FR\" \/>\n<meta property=\"og:type\" content=\"article\" \/>\n<meta property=\"og:title\" content=\"Affaire Kemi Seba : La justice sud-africaine rejette la demande de mise en libert\u00e9 provisoire - LA MARINA BJ\" \/>\n<meta property=\"og:description\" content=\"Nouveau revers pour Stellio Gilles Robert Capo Chichi \u00e0 Pretoria. Selon nos informations, ce mercredi 29 avril 2026, la juridiction sud-africaine a oppos\u00e9 une fin de non-recevoir \u00e0 la demande de mise en libert\u00e9 sous caution introduite par l&#039;activiste panafricaniste. Kemi Seba demeure ainsi maintenu sous \u00e9crou \u00e9crou.\" \/>\n<meta property=\"og:url\" content=\"https:\/\/lamarina.bj\/index.php\/2026\/04\/29\/affaire-kemi-seba-la-justice-sud-africaine-rejette-la-demande-de-mise-en-liberte-provisoire\/\" \/>\n<meta property=\"og:site_name\" content=\"LA MARINA BJ\" \/>\n<meta property=\"article:published_time\" content=\"2026-04-29T12:00:07+00:00\" \/>\n<meta property=\"article:modified_time\" content=\"2026-04-29T12:15:49+00:00\" \/>\n<meta property=\"og:image\" content=\"https:\/\/lamarina.bj\/wp-content\/uploads\/2026\/04\/IMG-20260429-WA0103.jpg\" \/>\n\t<meta property=\"og:image:width\" content=\"806\" \/>\n\t<meta property=\"og:image:height\" content=\"827\" \/>\n\t<meta property=\"og:image:type\" content=\"image\/jpeg\" \/>\n<meta name=\"author\" content=\"La Marina Bj\" \/>\n<meta name=\"twitter:card\" content=\"summary_large_image\" \/>\n<meta name=\"twitter:label1\" content=\"\u00c9crit par\" \/>\n\t<meta name=\"twitter:data1\" content=\"La Marina Bj\" \/>\n\t<meta name=\"twitter:label2\" content=\"Dur\u00e9e de lecture estim\u00e9e\" \/>\n\t<meta name=\"twitter:data2\" content=\"2 minutes\" \/>\n<script type=\"application\/ld+json\" class=\"yoast-schema-graph\">{\"@context\":\"https:\\\/\\\/schema.org\",\"@graph\":[{\"@type\":\"NewsArticle\",\"@id\":\"https:\\\/\\\/lamarina.bj\\\/index.php\\\/2026\\\/04\\\/29\\\/affaire-kemi-seba-la-justice-sud-africaine-rejette-la-demande-de-mise-en-liberte-provisoire\\\/#article\",\"isPartOf\":{\"@id\":\"https:\\\/\\\/lamarina.bj\\\/index.php\\\/2026\\\/04\\\/29\\\/affaire-kemi-seba-la-justice-sud-africaine-rejette-la-demande-de-mise-en-liberte-provisoire\\\/\"},\"author\":{\"name\":\"La Marina Bj\",\"@id\":\"https:\\\/\\\/lamarina.bj\\\/#\\\/schema\\\/person\\\/aacfa21f9b2b53872c106c72803ca3fe\"},\"headline\":\"Affaire Kemi Seba : La justice sud-africaine rejette la demande de mise en libert\u00e9 provisoire\",\"datePublished\":\"2026-04-29T12:00:07+00:00\",\"dateModified\":\"2026-04-29T12:15:49+00:00\",\"mainEntityOfPage\":{\"@id\":\"https:\\\/\\\/lamarina.bj\\\/index.php\\\/2026\\\/04\\\/29\\\/affaire-kemi-seba-la-justice-sud-africaine-rejette-la-demande-de-mise-en-liberte-provisoire\\\/\"},\"wordCount\":403,\"commentCount\":0,\"image\":{\"@id\":\"https:\\\/\\\/lamarina.bj\\\/index.php\\\/2026\\\/04\\\/29\\\/affaire-kemi-seba-la-justice-sud-africaine-rejette-la-demande-de-mise-en-liberte-provisoire\\\/#primaryimage\"},\"thumbnailUrl\":\"https:\\\/\\\/lamarina.bj\\\/wp-content\\\/uploads\\\/2026\\\/04\\\/IMG-20260429-WA0103.jpg\",\"keywords\":[\"Afrique du Sud\",\"B\u00e9nin\",\"Kemi Seba\"],\"articleSection\":[\"L'\u00c9V\u00c9NEMENT\"],\"inLanguage\":\"fr-FR\",\"potentialAction\":[{\"@type\":\"CommentAction\",\"name\":\"Comment\",\"target\":[\"https:\\\/\\\/lamarina.bj\\\/index.php\\\/2026\\\/04\\\/29\\\/affaire-kemi-seba-la-justice-sud-africaine-rejette-la-demande-de-mise-en-liberte-provisoire\\\/#respond\"]}]},{\"@type\":[\"WebPage\",\"SearchResultsPage\"],\"@id\":\"https:\\\/\\\/lamarina.bj\\\/index.php\\\/2026\\\/04\\\/29\\\/affaire-kemi-seba-la-justice-sud-africaine-rejette-la-demande-de-mise-en-liberte-provisoire\\\/\",\"url\":\"https:\\\/\\\/lamarina.bj\\\/index.php\\\/2026\\\/04\\\/29\\\/affaire-kemi-seba-la-justice-sud-africaine-rejette-la-demande-de-mise-en-liberte-provisoire\\\/\",\"name\":\"Affaire Kemi Seba : La justice sud-africaine rejette la demande de mise en libert\u00e9 provisoire - LA MARINA BJ\",\"isPartOf\":{\"@id\":\"https:\\\/\\\/lamarina.bj\\\/#website\"},\"primaryImageOfPage\":{\"@id\":\"https:\\\/\\\/lamarina.bj\\\/index.php\\\/2026\\\/04\\\/29\\\/affaire-kemi-seba-la-justice-sud-africaine-rejette-la-demande-de-mise-en-liberte-provisoire\\\/#primaryimage\"},\"image\":{\"@id\":\"https:\\\/\\\/lamarina.bj\\\/index.php\\\/2026\\\/04\\\/29\\\/affaire-kemi-seba-la-justice-sud-africaine-rejette-la-demande-de-mise-en-liberte-provisoire\\\/#primaryimage\"},\"thumbnailUrl\":\"https:\\\/\\\/lamarina.bj\\\/wp-content\\\/uploads\\\/2026\\\/04\\\/IMG-20260429-WA0103.jpg\",\"datePublished\":\"2026-04-29T12:00:07+00:00\",\"dateModified\":\"2026-04-29T12:15:49+00:00\",\"author\":{\"@id\":\"https:\\\/\\\/lamarina.bj\\\/#\\\/schema\\\/person\\\/aacfa21f9b2b53872c106c72803ca3fe\"},\"description\":\"Nouveau revers pour Stellio Gilles Robert Capo Chichi \u00e0 Pretoria. Selon nos informations, ce mercredi 29 avril 2026, la juridiction sud-africaine a oppos\u00e9 une fin de non-recevoir \u00e0 la demande de mise en libert\u00e9 sous caution introduite par l'activiste panafricaniste. Kemi Seba demeure ainsi maintenu sous \u00e9crou \u00e9crou.\",\"breadcrumb\":{\"@id\":\"https:\\\/\\\/lamarina.bj\\\/index.php\\\/2026\\\/04\\\/29\\\/affaire-kemi-seba-la-justice-sud-africaine-rejette-la-demande-de-mise-en-liberte-provisoire\\\/#breadcrumb\"},\"inLanguage\":\"fr-FR\",\"potentialAction\":[{\"@type\":\"ReadAction\",\"target\":[\"https:\\\/\\\/lamarina.bj\\\/index.php\\\/2026\\\/04\\\/29\\\/affaire-kemi-seba-la-justice-sud-africaine-rejette-la-demande-de-mise-en-liberte-provisoire\\\/\"]}]},{\"@type\":\"ImageObject\",\"inLanguage\":\"fr-FR\",\"@id\":\"https:\\\/\\\/lamarina.bj\\\/index.php\\\/2026\\\/04\\\/29\\\/affaire-kemi-seba-la-justice-sud-africaine-rejette-la-demande-de-mise-en-liberte-provisoire\\\/#primaryimage\",\"url\":\"https:\\\/\\\/lamarina.bj\\\/wp-content\\\/uploads\\\/2026\\\/04\\\/IMG-20260429-WA0103.jpg\",\"contentUrl\":\"https:\\\/\\\/lamarina.bj\\\/wp-content\\\/uploads\\\/2026\\\/04\\\/IMG-20260429-WA0103.jpg\",\"width\":806,\"height\":827},{\"@type\":\"BreadcrumbList\",\"@id\":\"https:\\\/\\\/lamarina.bj\\\/index.php\\\/2026\\\/04\\\/29\\\/affaire-kemi-seba-la-justice-sud-africaine-rejette-la-demande-de-mise-en-liberte-provisoire\\\/#breadcrumb\",\"itemListElement\":[{\"@type\":\"ListItem\",\"position\":1,\"name\":\"Accueil\",\"item\":\"https:\\\/\\\/darkslategrey-quetzal-980263.hostingersite.com\\\/\"},{\"@type\":\"ListItem\",\"position\":2,\"name\":\"Affaire Kemi Seba : La justice sud-africaine rejette la demande de mise en libert\u00e9 provisoire\"}]},{\"@type\":\"WebSite\",\"@id\":\"https:\\\/\\\/lamarina.bj\\\/#website\",\"url\":\"https:\\\/\\\/lamarina.bj\\\/\",\"name\":\"LA MARINA BJ\",\"description\":\"Votre portail vers l&#039;information strat\u00e9gique au B\u00e9nin, en Afrique et au-del\u00e0\",\"potentialAction\":[{\"@type\":\"SearchAction\",\"target\":{\"@type\":\"EntryPoint\",\"urlTemplate\":\"https:\\\/\\\/lamarina.bj\\\/?s={search_term_string}\"},\"query-input\":{\"@type\":\"PropertyValueSpecification\",\"valueRequired\":true,\"valueName\":\"search_term_string\"}}],\"inLanguage\":\"fr-FR\"},{\"@type\":\"Person\",\"@id\":\"https:\\\/\\\/lamarina.bj\\\/#\\\/schema\\\/person\\\/aacfa21f9b2b53872c106c72803ca3fe\",\"name\":\"La Marina Bj\",\"image\":{\"@type\":\"ImageObject\",\"inLanguage\":\"fr-FR\",\"@id\":\"https:\\\/\\\/secure.gravatar.com\\\/avatar\\\/6ef884b7fb1dab6e8672f19e68299568fe069dc761d88506e39bee8464c70e4a?s=96&d=mm&r=g\",\"url\":\"https:\\\/\\\/secure.gravatar.com\\\/avatar\\\/6ef884b7fb1dab6e8672f19e68299568fe069dc761d88506e39bee8464c70e4a?s=96&d=mm&r=g\",\"contentUrl\":\"https:\\\/\\\/secure.gravatar.com\\\/avatar\\\/6ef884b7fb1dab6e8672f19e68299568fe069dc761d88506e39bee8464c70e4a?s=96&d=mm&r=g\",\"caption\":\"La Marina Bj\"},\"url\":\"https:\\\/\\\/lamarina.bj\\\/index.php\\\/author\\\/la-marina-bj\\\/\"}]}<\/script>\n<!-- \/ Yoast SEO plugin. -->","yoast_head_json":{"title":"Affaire Kemi Seba : La justice sud-africaine rejette la demande de mise en libert\u00e9 provisoire - LA MARINA BJ","description":"Nouveau revers pour Stellio Gilles Robert Capo Chichi \u00e0 Pretoria. Selon nos informations, ce mercredi 29 avril 2026, la juridiction sud-africaine a oppos\u00e9 une fin de non-recevoir \u00e0 la demande de mise en libert\u00e9 sous caution introduite par l'activiste panafricaniste. Kemi Seba demeure ainsi maintenu sous \u00e9crou \u00e9crou.","robots":{"index":"index","follow":"follow","max-snippet":"max-snippet:-1","max-image-preview":"max-image-preview:large","max-video-preview":"max-video-preview:-1"},"canonical":"https:\/\/lamarina.bj\/index.php\/2026\/04\/29\/affaire-kemi-seba-la-justice-sud-africaine-rejette-la-demande-de-mise-en-liberte-provisoire\/","og_locale":"fr_FR","og_type":"article","og_title":"Affaire Kemi Seba : La justice sud-africaine rejette la demande de mise en libert\u00e9 provisoire - LA MARINA BJ","og_description":"Nouveau revers pour Stellio Gilles Robert Capo Chichi \u00e0 Pretoria. Selon nos informations, ce mercredi 29 avril 2026, la juridiction sud-africaine a oppos\u00e9 une fin de non-recevoir \u00e0 la demande de mise en libert\u00e9 sous caution introduite par l'activiste panafricaniste. Kemi Seba demeure ainsi maintenu sous \u00e9crou \u00e9crou.","og_url":"https:\/\/lamarina.bj\/index.php\/2026\/04\/29\/affaire-kemi-seba-la-justice-sud-africaine-rejette-la-demande-de-mise-en-liberte-provisoire\/","og_site_name":"LA MARINA BJ","article_published_time":"2026-04-29T12:00:07+00:00","article_modified_time":"2026-04-29T12:15:49+00:00","og_image":[{"width":806,"height":827,"url":"https:\/\/lamarina.bj\/wp-content\/uploads\/2026\/04\/IMG-20260429-WA0103.jpg","type":"image\/jpeg"}],"author":"La Marina Bj","twitter_card":"summary_large_image","twitter_misc":{"\u00c9crit par":"La Marina Bj","Dur\u00e9e de lecture estim\u00e9e":"2 minutes"},"schema":{"@context":"https:\/\/schema.org","@graph":[{"@type":"NewsArticle","@id":"https:\/\/lamarina.bj\/index.php\/2026\/04\/29\/affaire-kemi-seba-la-justice-sud-africaine-rejette-la-demande-de-mise-en-liberte-provisoire\/#article","isPartOf":{"@id":"https:\/\/lamarina.bj\/index.php\/2026\/04\/29\/affaire-kemi-seba-la-justice-sud-africaine-rejette-la-demande-de-mise-en-liberte-provisoire\/"},"author":{"name":"La Marina Bj","@id":"https:\/\/lamarina.bj\/#\/schema\/person\/aacfa21f9b2b53872c106c72803ca3fe"},"headline":"Affaire Kemi Seba : La justice sud-africaine rejette la demande de mise en libert\u00e9 provisoire","datePublished":"2026-04-29T12:00:07+00:00","dateModified":"2026-04-29T12:15:49+00:00","mainEntityOfPage":{"@id":"https:\/\/lamarina.bj\/index.php\/2026\/04\/29\/affaire-kemi-seba-la-justice-sud-africaine-rejette-la-demande-de-mise-en-liberte-provisoire\/"},"wordCount":403,"commentCount":0,"image":{"@id":"https:\/\/lamarina.bj\/index.php\/2026\/04\/29\/affaire-kemi-seba-la-justice-sud-africaine-rejette-la-demande-de-mise-en-liberte-provisoire\/#primaryimage"},"thumbnailUrl":"https:\/\/lamarina.bj\/wp-content\/uploads\/2026\/04\/IMG-20260429-WA0103.jpg","keywords":["Afrique du Sud","B\u00e9nin","Kemi Seba"],"articleSection":["L'\u00c9V\u00c9NEMENT"],"inLanguage":"fr-FR","potentialAction":[{"@type":"CommentAction","name":"Comment","target":["https:\/\/lamarina.bj\/index.php\/2026\/04\/29\/affaire-kemi-seba-la-justice-sud-africaine-rejette-la-demande-de-mise-en-liberte-provisoire\/#respond"]}]},{"@type":["WebPage","SearchResultsPage"],"@id":"https:\/\/lamarina.bj\/index.php\/2026\/04\/29\/affaire-kemi-seba-la-justice-sud-africaine-rejette-la-demande-de-mise-en-liberte-provisoire\/","url":"https:\/\/lamarina.bj\/index.php\/2026\/04\/29\/affaire-kemi-seba-la-justice-sud-africaine-rejette-la-demande-de-mise-en-liberte-provisoire\/","name":"Affaire Kemi Seba : La justice sud-africaine rejette la demande de mise en libert\u00e9 provisoire - LA MARINA BJ","isPartOf":{"@id":"https:\/\/lamarina.bj\/#website"},"primaryImageOfPage":{"@id":"https:\/\/lamarina.bj\/index.php\/2026\/04\/29\/affaire-kemi-seba-la-justice-sud-africaine-rejette-la-demande-de-mise-en-liberte-provisoire\/#primaryimage"},"image":{"@id":"https:\/\/lamarina.bj\/index.php\/2026\/04\/29\/affaire-kemi-seba-la-justice-sud-africaine-rejette-la-demande-de-mise-en-liberte-provisoire\/#primaryimage"},"thumbnailUrl":"https:\/\/lamarina.bj\/wp-content\/uploads\/2026\/04\/IMG-20260429-WA0103.jpg","datePublished":"2026-04-29T12:00:07+00:00","dateModified":"2026-04-29T12:15:49+00:00","author":{"@id":"https:\/\/lamarina.bj\/#\/schema\/person\/aacfa21f9b2b53872c106c72803ca3fe"},"description":"Nouveau revers pour Stellio Gilles Robert Capo Chichi \u00e0 Pretoria. Selon nos informations, ce mercredi 29 avril 2026, la juridiction sud-africaine a oppos\u00e9 une fin de non-recevoir \u00e0 la demande de mise en libert\u00e9 sous caution introduite par l'activiste panafricaniste. Kemi Seba demeure ainsi maintenu sous \u00e9crou \u00e9crou.","breadcrumb":{"@id":"https:\/\/lamarina.bj\/index.php\/2026\/04\/29\/affaire-kemi-seba-la-justice-sud-africaine-rejette-la-demande-de-mise-en-liberte-provisoire\/#breadcrumb"},"inLanguage":"fr-FR","potentialAction":[{"@type":"ReadAction","target":["https:\/\/lamarina.bj\/index.php\/2026\/04\/29\/affaire-kemi-seba-la-justice-sud-africaine-rejette-la-demande-de-mise-en-liberte-provisoire\/"]}]},{"@type":"ImageObject","inLanguage":"fr-FR","@id":"https:\/\/lamarina.bj\/index.php\/2026\/04\/29\/affaire-kemi-seba-la-justice-sud-africaine-rejette-la-demande-de-mise-en-liberte-provisoire\/#primaryimage","url":"https:\/\/lamarina.bj\/wp-content\/uploads\/2026\/04\/IMG-20260429-WA0103.jpg","contentUrl":"https:\/\/lamarina.bj\/wp-content\/uploads\/2026\/04\/IMG-20260429-WA0103.jpg","width":806,"height":827},{"@type":"BreadcrumbList","@id":"https:\/\/lamarina.bj\/index.php\/2026\/04\/29\/affaire-kemi-seba-la-justice-sud-africaine-rejette-la-demande-de-mise-en-liberte-provisoire\/#breadcrumb","itemListElement":[{"@type":"ListItem","position":1,"name":"Accueil","item":"https:\/\/darkslategrey-quetzal-980263.hostingersite.com\/"},{"@type":"ListItem","position":2,"name":"Affaire Kemi Seba : La justice sud-africaine rejette la demande de mise en libert\u00e9 provisoire"}]},{"@type":"WebSite","@id":"https:\/\/lamarina.bj\/#website","url":"https:\/\/lamarina.bj\/","name":"LA MARINA BJ","description":"Votre portail vers l&#039;information strat\u00e9gique au B\u00e9nin, en Afrique et au-del\u00e0","potentialAction":[{"@type":"SearchAction","target":{"@type":"EntryPoint","urlTemplate":"https:\/\/lamarina.bj\/?s={search_term_string}"},"query-input":{"@type":"PropertyValueSpecification","valueRequired":true,"valueName":"search_term_string"}}],"inLanguage":"fr-FR"},{"@type":"Person","@id":"https:\/\/lamarina.bj\/#\/schema\/person\/aacfa21f9b2b53872c106c72803ca3fe","name":"La Marina Bj","image":{"@type":"ImageObject","inLanguage":"fr-FR","@id":"https:\/\/secure.gravatar.com\/avatar\/6ef884b7fb1dab6e8672f19e68299568fe069dc761d88506e39bee8464c70e4a?s=96&d=mm&r=g","url":"https:\/\/secure.gravatar.com\/avatar\/6ef884b7fb1dab6e8672f19e68299568fe069dc761d88506e39bee8464c70e4a?s=96&d=mm&r=g","contentUrl":"https:\/\/secure.gravatar.com\/avatar\/6ef884b7fb1dab6e8672f19e68299568fe069dc761d88506e39bee8464c70e4a?s=96&d=mm&r=g","caption":"La Marina Bj"},"url":"https:\/\/lamarina.bj\/index.php\/author\/la-marina-bj\/"}]}},"_links":{"self":[{"href":"https:\/\/lamarina.bj\/index.php\/wp-json\/wp\/v2\/posts\/14879","targetHints":{"allow":["GET"]}}],"collection":[{"href":"https:\/\/lamarina.bj\/index.php\/wp-json\/wp\/v2\/posts"}],"about":[{"href":"https:\/\/lamarina.bj\/index.php\/wp-json\/wp\/v2\/types\/post"}],"author":[{"embeddable":true,"href":"https:\/\/lamarina.bj\/index.php\/wp-json\/wp\/v2\/users\/7"}],"replies":[{"embeddable":true,"href":"https:\/\/lamarina.bj\/index.php\/wp-json\/wp\/v2\/comments?post=14879"}],"version-history":[{"count":5,"href":"https:\/\/lamarina.bj\/index.php\/wp-json\/wp\/v2\/posts\/14879\/revisions"}],"predecessor-version":[{"id":14887,"href":"https:\/\/lamarina.bj\/index.php\/wp-json\/wp\/v2\/posts\/14879\/revisions\/14887"}],"wp:featuredmedia":[{"embeddable":true,"href":"https:\/\/lamarina.bj\/index.php\/wp-json\/wp\/v2\/media\/14880"}],"wp:attachment":[{"href":"https:\/\/lamarina.bj\/index.php\/wp-json\/wp\/v2\/media?parent=14879"}],"wp:term":[{"taxonomy":"category","embeddable":true,"href":"https:\/\/lamarina.bj\/index.php\/wp-json\/wp\/v2\/categories?post=14879"},{"taxonomy":"post_tag","embeddable":true,"href":"https:\/\/lamarina.bj\/index.php\/wp-json\/wp\/v2\/tags?post=14879"}],"curies":[{"name":"wp","href":"https:\/\/api.w.org\/{rel}","templated":true}]}}