{"id":14892,"date":"2026-04-30T07:12:22","date_gmt":"2026-04-30T06:12:22","guid":{"rendered":"https:\/\/lamarina.bj\/?p=14892"},"modified":"2026-04-30T07:12:24","modified_gmt":"2026-04-30T06:12:24","slug":"canal-benin-sept-chaines-du-groupe-tf1-lci-tmc-tf1-series-films-disparaissent-des-bouquets-ce-30-avril","status":"publish","type":"post","link":"https:\/\/lamarina.bj\/index.php\/2026\/04\/30\/canal-benin-sept-chaines-du-groupe-tf1-lci-tmc-tf1-series-films-disparaissent-des-bouquets-ce-30-avril\/","title":{"rendered":"Canal+ B\u00e9nin : sept cha\u00eenes du groupe TF1 (LCI, TMC, TF1 S\u00e9ries Films\u2026) disparaissent des bouquets ce 30 avril"},"content":{"rendered":"\n<p><mark style=\"background-color:rgba(0, 0, 0, 0)\" class=\"has-inline-color has-red-color\"><strong>Business, La Marina BJ<\/strong><\/mark> \u2014<strong><em> L\u2019\u00e9ch\u00e9ance d\u2019un contrat de distribution entre les deux colosses de l\u2019audiovisuel fran\u00e7ais prive, d\u00e8s ce jeudi 30 avril 2026, des millions de foyers africains de leurs programmes favoris. Au B\u00e9nin, le rideau tombe sur sept cha\u00eenes embl\u00e9matiques, laissant les abonn\u00e9s face \u00e0 une offre r\u00e9duite au m\u00eame prix.<\/em><\/strong><\/p>\n\n\n\n<p>C\u2019est une rupture act\u00e9e dans la discr\u00e9tion des bureaux de Boulogne et de Puteaux, mais dont l\u2019onde de choc est imm\u00e9diate dans les salons b\u00e9ninois. Un document interne, estampill\u00e9 \u00ab confidentiel \u00bb et consult\u00e9 par La Marina BJ, confirme le s\u00e9isme, \u00ab la diffusion des sept cha\u00eenes du groupe TF1 actuellement incluses dans notre bouquet en Afrique, prendra fin le 30 avril 2026.\u00bb Si le retrait de Ushua\u00efa TV et Histoire TV \u00e9tait pressenti, l\u2019ampleur du d\u00e9sengagement est en r\u00e9alit\u00e9 bien plus vaste. Ce sont sept antennes lin\u00e9aires, \u00e0 savoir TF1, TMC, TFX, TF1 S\u00e9ries Films, LCI, Histoire TV et Ushua\u00efa TV, qui disparaissent purement et simplement des bouquets.<\/p>\n\n\n\n<h2 id=\"un-bras-de-fer-contractuel-au-detriment-de-labonne\" class=\"wp-block-heading\"><mark style=\"background-color:rgba(0, 0, 0, 0)\" class=\"has-inline-color has-red-color\">Un bras de fer contractuel au d\u00e9triment de l&rsquo;abonn\u00e9<\/mark><\/h2>\n\n\n\n<p>La raison officielle de ce retrait est une banale fin de contrat arriv\u00e9e \u00e0 \u00e9ch\u00e9ance. Derri\u00e8re la s\u00e9mantique administrative se cache pourtant une guerre des prix qui dure depuis des ann\u00e9es entre les deux groupes. D\u00e9j\u00e0 en 2018 et 2022, les deux g\u00e9ants s&rsquo;\u00e9taient affront\u00e9s sur le terrain de la r\u00e9mun\u00e9ration, Canal+ jugeant alors les exigences de TF1 totalement d\u00e9raisonnables. Cette fois, aucune issue de secours n&rsquo;a \u00e9t\u00e9 trouv\u00e9e pour maintenir la diffusion. Pour l&rsquo;abonn\u00e9, le constat est amer puisque le tarif de l&rsquo;abonnement reste inchang\u00e9, malgr\u00e9 un catalogue qui s&rsquo;appauvrit consid\u00e9rablement.<\/p>\n\n\n\n<p>Pour tenter d\u2019\u00e9teindre l\u2019incendie, la filiale b\u00e9ninoise du groupe Vivendi a d\u00e9ploy\u00e9 un argumentaire de r\u00e9assurance pr\u00e9cis aupr\u00e8s de son r\u00e9seau de distribution. Selon nos informations, l&rsquo;id\u00e9e centrale consiste \u00e0 minimiser la perte en mettant en avant la richesse du catalogue restant ainsi que l&rsquo;arriv\u00e9e de nouvelles th\u00e9matiques. Cependant, ce pari pr\u00e9sente un paradoxe majeur : l&rsquo;op\u00e9rateur tente de remplacer la puissance g\u00e9n\u00e9raliste de TF1 ou la rigueur informative de LCI par des offres de niche. L&rsquo;annonce d&rsquo;une nouvelle promotion \u00e0 la m\u00eame date risque de peiner \u00e0 convaincre le public b\u00e9ninois. Ce dernier reste tr\u00e8s attach\u00e9 aux grands rendez-vous d&rsquo;information et aux divertissements de prime-time fran\u00e7ais qui constituaient le socle de son exp\u00e9rience t\u00e9l\u00e9visuelle.<\/p>\n\n\n\n<h2 id=\"lequilibre-fragile-de-canal\" class=\"wp-block-heading\"><mark style=\"background-color:rgba(0, 0, 0, 0)\" class=\"has-inline-color has-red-color\">L&rsquo;\u00e9quilibre fragile de Canal+<\/mark><\/h2>\n\n\n\n<p>Pour notre sp\u00e9cialiste \u00e0 la r\u00e9daction, la situation devient de plus en plus complexe pour le groupe Canal+. En plus de ne plus pouvoir proposer, comme par le pass\u00e9, certains \u00e9v\u00e9nements majeurs tels que la Ligue des Champions, l&rsquo;op\u00e9rateur a r\u00e9cemment modifi\u00e9 la dur\u00e9e de validit\u00e9 de son offre, passant d&rsquo;un mois calendaire \u00e0 une p\u00e9riode stricte de 30 jours (<a href=\"https:\/\/lamarina.bj\/index.php\/2026\/03\/24\/abonnement-tele-moins-de-jours-au-meme-prix-comment-canal-benin-augmente-ses-marges-en-toute-discretion\/\" type=\"post\" id=\"14326\"><mark style=\"background-color:rgba(0, 0, 0, 0)\" class=\"has-inline-color has-red-color\"><strong>Lire LMBJ du 24\/03\/2026<\/strong><\/mark><\/a>).<\/p>\n\n\n\n<p>Face \u00e0 l&rsquo;essor des offres IPTV de plus en plus en vogue et accessibles, ce nouveau coup dur port\u00e9 aux abonn\u00e9s Canal+ risque de cristalliser davantage les m\u00e9contentements et d&rsquo;acc\u00e9l\u00e9rer l&rsquo;\u00e9rosion de sa base de clients au profit de solutions num\u00e9riques alternatives.<\/p>\n\n\n\n<p><\/p>\n","protected":false},"excerpt":{"rendered":"Business, La Marina BJ \u2014 L\u2019\u00e9ch\u00e9ance d\u2019un contrat de distribution entre les deux colosses de l\u2019audiovisuel fran\u00e7ais prive,&hellip;\n","protected":false},"author":8,"featured_media":14893,"comment_status":"open","ping_status":"open","sticky":false,"template":"elementor_theme","format":"standard","meta":{"csco_singular_sidebar":"","csco_page_header_type":"standard","csco_appearance_masonry":"","csco_page_load_nextpost":"","csco_post_video_location":[],"csco_post_video_location_hash":"","csco_post_video_url":"","csco_post_video_bg_start_time":0,"csco_post_video_bg_end_time":0,"footnotes":""},"categories":[110],"tags":[41,843],"class_list":{"0":"post-14892","1":"post","2":"type-post","3":"status-publish","4":"format-standard","5":"has-post-thumbnail","7":"category-business","8":"tag-benin","9":"tag-canal-plus","10":"cs-entry","11":"cs-video-wrap"},"yoast_head":"<!-- This site is optimized with the Yoast SEO plugin v27.4 - https:\/\/yoast.com\/product\/yoast-seo-wordpress\/ -->\n<title>Canal+ B\u00e9nin : sept cha\u00eenes du groupe TF1 (LCI, TMC, TF1 S\u00e9ries Films\u2026) disparaissent des bouquets ce 30 avril - LA MARINA BJ<\/title>\n<meta name=\"description\" content=\"L\u2019\u00e9ch\u00e9ance d\u2019un contrat de distribution entre les deux colosses de l\u2019audiovisuel fran\u00e7ais prive, d\u00e8s ce jeudi 30 avril 2026, des millions de foyers africains de leurs programmes favoris. Au B\u00e9nin, le rideau tombe sur sept cha\u00eenes embl\u00e9matiques, laissant les abonn\u00e9s face \u00e0 une offre r\u00e9duite au m\u00eame prix.\" \/>\n<meta name=\"robots\" content=\"index, follow, max-snippet:-1, max-image-preview:large, max-video-preview:-1\" \/>\n<link rel=\"canonical\" href=\"https:\/\/lamarina.bj\/index.php\/2026\/04\/30\/canal-benin-sept-chaines-du-groupe-tf1-lci-tmc-tf1-series-films-disparaissent-des-bouquets-ce-30-avril\/\" \/>\n<meta property=\"og:locale\" content=\"fr_FR\" \/>\n<meta property=\"og:type\" content=\"article\" \/>\n<meta property=\"og:title\" content=\"Canal+ B\u00e9nin : sept cha\u00eenes du groupe TF1 (LCI, TMC, TF1 S\u00e9ries Films\u2026) disparaissent des bouquets ce 30 avril - LA MARINA BJ\" \/>\n<meta property=\"og:description\" content=\"L\u2019\u00e9ch\u00e9ance d\u2019un contrat de distribution entre les deux colosses de l\u2019audiovisuel fran\u00e7ais prive, d\u00e8s ce jeudi 30 avril 2026, des millions de foyers africains de leurs programmes favoris. Au B\u00e9nin, le rideau tombe sur sept cha\u00eenes embl\u00e9matiques, laissant les abonn\u00e9s face \u00e0 une offre r\u00e9duite au m\u00eame prix.\" \/>\n<meta property=\"og:url\" content=\"https:\/\/lamarina.bj\/index.php\/2026\/04\/30\/canal-benin-sept-chaines-du-groupe-tf1-lci-tmc-tf1-series-films-disparaissent-des-bouquets-ce-30-avril\/\" \/>\n<meta property=\"og:site_name\" content=\"LA MARINA BJ\" \/>\n<meta property=\"article:published_time\" content=\"2026-04-30T06:12:22+00:00\" \/>\n<meta property=\"article:modified_time\" content=\"2026-04-30T06:12:24+00:00\" \/>\n<meta property=\"og:image\" content=\"https:\/\/lamarina.bj\/wp-content\/uploads\/2026\/04\/1777529087890.jpg\" \/>\n\t<meta property=\"og:image:width\" content=\"1024\" \/>\n\t<meta property=\"og:image:height\" content=\"1024\" \/>\n\t<meta property=\"og:image:type\" content=\"image\/jpeg\" \/>\n<meta name=\"author\" content=\"La Marina BJ - Team Business &amp; \u00c9conomie &amp; Finances\" \/>\n<meta name=\"twitter:card\" content=\"summary_large_image\" \/>\n<meta name=\"twitter:label1\" content=\"\u00c9crit par\" \/>\n\t<meta name=\"twitter:data1\" content=\"La Marina BJ - Team Business &amp; \u00c9conomie &amp; Finances\" \/>\n\t<meta name=\"twitter:label2\" content=\"Dur\u00e9e de lecture estim\u00e9e\" \/>\n\t<meta name=\"twitter:data2\" content=\"3 minutes\" \/>\n<script type=\"application\/ld+json\" class=\"yoast-schema-graph\">{\"@context\":\"https:\\\/\\\/schema.org\",\"@graph\":[{\"@type\":\"NewsArticle\",\"@id\":\"https:\\\/\\\/lamarina.bj\\\/index.php\\\/2026\\\/04\\\/30\\\/canal-benin-sept-chaines-du-groupe-tf1-lci-tmc-tf1-series-films-disparaissent-des-bouquets-ce-30-avril\\\/#article\",\"isPartOf\":{\"@id\":\"https:\\\/\\\/lamarina.bj\\\/index.php\\\/2026\\\/04\\\/30\\\/canal-benin-sept-chaines-du-groupe-tf1-lci-tmc-tf1-series-films-disparaissent-des-bouquets-ce-30-avril\\\/\"},\"author\":{\"name\":\"La Marina BJ - Team Business &amp; \u00c9conomie &amp; Finances\",\"@id\":\"https:\\\/\\\/lamarina.bj\\\/#\\\/schema\\\/person\\\/9dd6b44b1713cb125b25e070f3df8f9a\"},\"headline\":\"Canal+ B\u00e9nin : sept cha\u00eenes du groupe TF1 (LCI, TMC, TF1 S\u00e9ries Films\u2026) disparaissent des bouquets ce 30 avril\",\"datePublished\":\"2026-04-30T06:12:22+00:00\",\"dateModified\":\"2026-04-30T06:12:24+00:00\",\"mainEntityOfPage\":{\"@id\":\"https:\\\/\\\/lamarina.bj\\\/index.php\\\/2026\\\/04\\\/30\\\/canal-benin-sept-chaines-du-groupe-tf1-lci-tmc-tf1-series-films-disparaissent-des-bouquets-ce-30-avril\\\/\"},\"wordCount\":579,\"commentCount\":0,\"image\":{\"@id\":\"https:\\\/\\\/lamarina.bj\\\/index.php\\\/2026\\\/04\\\/30\\\/canal-benin-sept-chaines-du-groupe-tf1-lci-tmc-tf1-series-films-disparaissent-des-bouquets-ce-30-avril\\\/#primaryimage\"},\"thumbnailUrl\":\"https:\\\/\\\/lamarina.bj\\\/wp-content\\\/uploads\\\/2026\\\/04\\\/1777529087890.jpg\",\"keywords\":[\"B\u00e9nin\",\"Canal plus\"],\"articleSection\":[\"BUSINESS\"],\"inLanguage\":\"fr-FR\",\"potentialAction\":[{\"@type\":\"CommentAction\",\"name\":\"Comment\",\"target\":[\"https:\\\/\\\/lamarina.bj\\\/index.php\\\/2026\\\/04\\\/30\\\/canal-benin-sept-chaines-du-groupe-tf1-lci-tmc-tf1-series-films-disparaissent-des-bouquets-ce-30-avril\\\/#respond\"]}]},{\"@type\":[\"WebPage\",\"SearchResultsPage\"],\"@id\":\"https:\\\/\\\/lamarina.bj\\\/index.php\\\/2026\\\/04\\\/30\\\/canal-benin-sept-chaines-du-groupe-tf1-lci-tmc-tf1-series-films-disparaissent-des-bouquets-ce-30-avril\\\/\",\"url\":\"https:\\\/\\\/lamarina.bj\\\/index.php\\\/2026\\\/04\\\/30\\\/canal-benin-sept-chaines-du-groupe-tf1-lci-tmc-tf1-series-films-disparaissent-des-bouquets-ce-30-avril\\\/\",\"name\":\"Canal+ B\u00e9nin : sept cha\u00eenes du groupe TF1 (LCI, TMC, TF1 S\u00e9ries Films\u2026) disparaissent des bouquets ce 30 avril - LA MARINA BJ\",\"isPartOf\":{\"@id\":\"https:\\\/\\\/lamarina.bj\\\/#website\"},\"primaryImageOfPage\":{\"@id\":\"https:\\\/\\\/lamarina.bj\\\/index.php\\\/2026\\\/04\\\/30\\\/canal-benin-sept-chaines-du-groupe-tf1-lci-tmc-tf1-series-films-disparaissent-des-bouquets-ce-30-avril\\\/#primaryimage\"},\"image\":{\"@id\":\"https:\\\/\\\/lamarina.bj\\\/index.php\\\/2026\\\/04\\\/30\\\/canal-benin-sept-chaines-du-groupe-tf1-lci-tmc-tf1-series-films-disparaissent-des-bouquets-ce-30-avril\\\/#primaryimage\"},\"thumbnailUrl\":\"https:\\\/\\\/lamarina.bj\\\/wp-content\\\/uploads\\\/2026\\\/04\\\/1777529087890.jpg\",\"datePublished\":\"2026-04-30T06:12:22+00:00\",\"dateModified\":\"2026-04-30T06:12:24+00:00\",\"author\":{\"@id\":\"https:\\\/\\\/lamarina.bj\\\/#\\\/schema\\\/person\\\/9dd6b44b1713cb125b25e070f3df8f9a\"},\"description\":\"L\u2019\u00e9ch\u00e9ance d\u2019un contrat de distribution entre les deux colosses de l\u2019audiovisuel fran\u00e7ais prive, d\u00e8s ce jeudi 30 avril 2026, des millions de foyers africains de leurs programmes favoris. Au B\u00e9nin, le rideau tombe sur sept cha\u00eenes embl\u00e9matiques, laissant les abonn\u00e9s face \u00e0 une offre r\u00e9duite au m\u00eame prix.\",\"breadcrumb\":{\"@id\":\"https:\\\/\\\/lamarina.bj\\\/index.php\\\/2026\\\/04\\\/30\\\/canal-benin-sept-chaines-du-groupe-tf1-lci-tmc-tf1-series-films-disparaissent-des-bouquets-ce-30-avril\\\/#breadcrumb\"},\"inLanguage\":\"fr-FR\",\"potentialAction\":[{\"@type\":\"ReadAction\",\"target\":[\"https:\\\/\\\/lamarina.bj\\\/index.php\\\/2026\\\/04\\\/30\\\/canal-benin-sept-chaines-du-groupe-tf1-lci-tmc-tf1-series-films-disparaissent-des-bouquets-ce-30-avril\\\/\"]}]},{\"@type\":\"ImageObject\",\"inLanguage\":\"fr-FR\",\"@id\":\"https:\\\/\\\/lamarina.bj\\\/index.php\\\/2026\\\/04\\\/30\\\/canal-benin-sept-chaines-du-groupe-tf1-lci-tmc-tf1-series-films-disparaissent-des-bouquets-ce-30-avril\\\/#primaryimage\",\"url\":\"https:\\\/\\\/lamarina.bj\\\/wp-content\\\/uploads\\\/2026\\\/04\\\/1777529087890.jpg\",\"contentUrl\":\"https:\\\/\\\/lamarina.bj\\\/wp-content\\\/uploads\\\/2026\\\/04\\\/1777529087890.jpg\",\"width\":1024,\"height\":1024},{\"@type\":\"BreadcrumbList\",\"@id\":\"https:\\\/\\\/lamarina.bj\\\/index.php\\\/2026\\\/04\\\/30\\\/canal-benin-sept-chaines-du-groupe-tf1-lci-tmc-tf1-series-films-disparaissent-des-bouquets-ce-30-avril\\\/#breadcrumb\",\"itemListElement\":[{\"@type\":\"ListItem\",\"position\":1,\"name\":\"Accueil\",\"item\":\"https:\\\/\\\/darkslategrey-quetzal-980263.hostingersite.com\\\/\"},{\"@type\":\"ListItem\",\"position\":2,\"name\":\"Canal+ B\u00e9nin : sept cha\u00eenes du groupe TF1 (LCI, TMC, TF1 S\u00e9ries Films\u2026) disparaissent des bouquets ce 30 avril\"}]},{\"@type\":\"WebSite\",\"@id\":\"https:\\\/\\\/lamarina.bj\\\/#website\",\"url\":\"https:\\\/\\\/lamarina.bj\\\/\",\"name\":\"LA MARINA BJ\",\"description\":\"Votre portail vers l&#039;information strat\u00e9gique au B\u00e9nin, en Afrique et au-del\u00e0\",\"potentialAction\":[{\"@type\":\"SearchAction\",\"target\":{\"@type\":\"EntryPoint\",\"urlTemplate\":\"https:\\\/\\\/lamarina.bj\\\/?s={search_term_string}\"},\"query-input\":{\"@type\":\"PropertyValueSpecification\",\"valueRequired\":true,\"valueName\":\"search_term_string\"}}],\"inLanguage\":\"fr-FR\"},{\"@type\":\"Person\",\"@id\":\"https:\\\/\\\/lamarina.bj\\\/#\\\/schema\\\/person\\\/9dd6b44b1713cb125b25e070f3df8f9a\",\"name\":\"La Marina BJ - Team Business &amp; \u00c9conomie &amp; Finances\",\"image\":{\"@type\":\"ImageObject\",\"inLanguage\":\"fr-FR\",\"@id\":\"https:\\\/\\\/secure.gravatar.com\\\/avatar\\\/007be62133093bb48d247a392503beff272bc6a9503872d32895035e0e72b4f7?s=96&d=mm&r=g\",\"url\":\"https:\\\/\\\/secure.gravatar.com\\\/avatar\\\/007be62133093bb48d247a392503beff272bc6a9503872d32895035e0e72b4f7?s=96&d=mm&r=g\",\"contentUrl\":\"https:\\\/\\\/secure.gravatar.com\\\/avatar\\\/007be62133093bb48d247a392503beff272bc6a9503872d32895035e0e72b4f7?s=96&d=mm&r=g\",\"caption\":\"La Marina BJ - Team Business &amp; \u00c9conomie &amp; Finances\"},\"description\":\"La Team \u00c9conomie &amp; Finances de La Marina BJ d\u00e9crypte les dynamiques \u00e9conomiques qui fa\u00e7onnent le B\u00e9nin, l\u2019Afrique et le monde. Compos\u00e9e de journalistes \u00e9conomiques, d\u2019analystes sectoriels et de veilleurs sp\u00e9cialis\u00e9s, elle s\u2019attache \u00e0 rendre lisibles les m\u00e9canismes financiers, les politiques budg\u00e9taires, les r\u00e9formes fiscales et les grandes orientations macro\u00e9conomiques. Son ambition : \u00e9clairer les choix, anticiper les tendances et outiller les d\u00e9cideurs \u2014 publics comme priv\u00e9s \u2014 dans un environnement \u00e9conomique en constante mutation.\",\"url\":\"https:\\\/\\\/lamarina.bj\\\/index.php\\\/author\\\/ernestine\\\/\"}]}<\/script>\n<!-- \/ Yoast SEO plugin. -->","yoast_head_json":{"title":"Canal+ B\u00e9nin : sept cha\u00eenes du groupe TF1 (LCI, TMC, TF1 S\u00e9ries Films\u2026) disparaissent des bouquets ce 30 avril - LA MARINA BJ","description":"L\u2019\u00e9ch\u00e9ance d\u2019un contrat de distribution entre les deux colosses de l\u2019audiovisuel fran\u00e7ais prive, d\u00e8s ce jeudi 30 avril 2026, des millions de foyers africains de leurs programmes favoris. Au B\u00e9nin, le rideau tombe sur sept cha\u00eenes embl\u00e9matiques, laissant les abonn\u00e9s face \u00e0 une offre r\u00e9duite au m\u00eame prix.","robots":{"index":"index","follow":"follow","max-snippet":"max-snippet:-1","max-image-preview":"max-image-preview:large","max-video-preview":"max-video-preview:-1"},"canonical":"https:\/\/lamarina.bj\/index.php\/2026\/04\/30\/canal-benin-sept-chaines-du-groupe-tf1-lci-tmc-tf1-series-films-disparaissent-des-bouquets-ce-30-avril\/","og_locale":"fr_FR","og_type":"article","og_title":"Canal+ B\u00e9nin : sept cha\u00eenes du groupe TF1 (LCI, TMC, TF1 S\u00e9ries Films\u2026) disparaissent des bouquets ce 30 avril - LA MARINA BJ","og_description":"L\u2019\u00e9ch\u00e9ance d\u2019un contrat de distribution entre les deux colosses de l\u2019audiovisuel fran\u00e7ais prive, d\u00e8s ce jeudi 30 avril 2026, des millions de foyers africains de leurs programmes favoris. Au B\u00e9nin, le rideau tombe sur sept cha\u00eenes embl\u00e9matiques, laissant les abonn\u00e9s face \u00e0 une offre r\u00e9duite au m\u00eame prix.","og_url":"https:\/\/lamarina.bj\/index.php\/2026\/04\/30\/canal-benin-sept-chaines-du-groupe-tf1-lci-tmc-tf1-series-films-disparaissent-des-bouquets-ce-30-avril\/","og_site_name":"LA MARINA BJ","article_published_time":"2026-04-30T06:12:22+00:00","article_modified_time":"2026-04-30T06:12:24+00:00","og_image":[{"width":1024,"height":1024,"url":"https:\/\/lamarina.bj\/wp-content\/uploads\/2026\/04\/1777529087890.jpg","type":"image\/jpeg"}],"author":"La Marina BJ - Team Business &amp; \u00c9conomie &amp; Finances","twitter_card":"summary_large_image","twitter_misc":{"\u00c9crit par":"La Marina BJ - Team Business &amp; \u00c9conomie &amp; Finances","Dur\u00e9e de lecture estim\u00e9e":"3 minutes"},"schema":{"@context":"https:\/\/schema.org","@graph":[{"@type":"NewsArticle","@id":"https:\/\/lamarina.bj\/index.php\/2026\/04\/30\/canal-benin-sept-chaines-du-groupe-tf1-lci-tmc-tf1-series-films-disparaissent-des-bouquets-ce-30-avril\/#article","isPartOf":{"@id":"https:\/\/lamarina.bj\/index.php\/2026\/04\/30\/canal-benin-sept-chaines-du-groupe-tf1-lci-tmc-tf1-series-films-disparaissent-des-bouquets-ce-30-avril\/"},"author":{"name":"La Marina BJ - Team Business &amp; \u00c9conomie &amp; Finances","@id":"https:\/\/lamarina.bj\/#\/schema\/person\/9dd6b44b1713cb125b25e070f3df8f9a"},"headline":"Canal+ B\u00e9nin : sept cha\u00eenes du groupe TF1 (LCI, TMC, TF1 S\u00e9ries Films\u2026) disparaissent des bouquets ce 30 avril","datePublished":"2026-04-30T06:12:22+00:00","dateModified":"2026-04-30T06:12:24+00:00","mainEntityOfPage":{"@id":"https:\/\/lamarina.bj\/index.php\/2026\/04\/30\/canal-benin-sept-chaines-du-groupe-tf1-lci-tmc-tf1-series-films-disparaissent-des-bouquets-ce-30-avril\/"},"wordCount":579,"commentCount":0,"image":{"@id":"https:\/\/lamarina.bj\/index.php\/2026\/04\/30\/canal-benin-sept-chaines-du-groupe-tf1-lci-tmc-tf1-series-films-disparaissent-des-bouquets-ce-30-avril\/#primaryimage"},"thumbnailUrl":"https:\/\/lamarina.bj\/wp-content\/uploads\/2026\/04\/1777529087890.jpg","keywords":["B\u00e9nin","Canal plus"],"articleSection":["BUSINESS"],"inLanguage":"fr-FR","potentialAction":[{"@type":"CommentAction","name":"Comment","target":["https:\/\/lamarina.bj\/index.php\/2026\/04\/30\/canal-benin-sept-chaines-du-groupe-tf1-lci-tmc-tf1-series-films-disparaissent-des-bouquets-ce-30-avril\/#respond"]}]},{"@type":["WebPage","SearchResultsPage"],"@id":"https:\/\/lamarina.bj\/index.php\/2026\/04\/30\/canal-benin-sept-chaines-du-groupe-tf1-lci-tmc-tf1-series-films-disparaissent-des-bouquets-ce-30-avril\/","url":"https:\/\/lamarina.bj\/index.php\/2026\/04\/30\/canal-benin-sept-chaines-du-groupe-tf1-lci-tmc-tf1-series-films-disparaissent-des-bouquets-ce-30-avril\/","name":"Canal+ B\u00e9nin : sept cha\u00eenes du groupe TF1 (LCI, TMC, TF1 S\u00e9ries Films\u2026) disparaissent des bouquets ce 30 avril - LA MARINA BJ","isPartOf":{"@id":"https:\/\/lamarina.bj\/#website"},"primaryImageOfPage":{"@id":"https:\/\/lamarina.bj\/index.php\/2026\/04\/30\/canal-benin-sept-chaines-du-groupe-tf1-lci-tmc-tf1-series-films-disparaissent-des-bouquets-ce-30-avril\/#primaryimage"},"image":{"@id":"https:\/\/lamarina.bj\/index.php\/2026\/04\/30\/canal-benin-sept-chaines-du-groupe-tf1-lci-tmc-tf1-series-films-disparaissent-des-bouquets-ce-30-avril\/#primaryimage"},"thumbnailUrl":"https:\/\/lamarina.bj\/wp-content\/uploads\/2026\/04\/1777529087890.jpg","datePublished":"2026-04-30T06:12:22+00:00","dateModified":"2026-04-30T06:12:24+00:00","author":{"@id":"https:\/\/lamarina.bj\/#\/schema\/person\/9dd6b44b1713cb125b25e070f3df8f9a"},"description":"L\u2019\u00e9ch\u00e9ance d\u2019un contrat de distribution entre les deux colosses de l\u2019audiovisuel fran\u00e7ais prive, d\u00e8s ce jeudi 30 avril 2026, des millions de foyers africains de leurs programmes favoris. Au B\u00e9nin, le rideau tombe sur sept cha\u00eenes embl\u00e9matiques, laissant les abonn\u00e9s face \u00e0 une offre r\u00e9duite au m\u00eame prix.","breadcrumb":{"@id":"https:\/\/lamarina.bj\/index.php\/2026\/04\/30\/canal-benin-sept-chaines-du-groupe-tf1-lci-tmc-tf1-series-films-disparaissent-des-bouquets-ce-30-avril\/#breadcrumb"},"inLanguage":"fr-FR","potentialAction":[{"@type":"ReadAction","target":["https:\/\/lamarina.bj\/index.php\/2026\/04\/30\/canal-benin-sept-chaines-du-groupe-tf1-lci-tmc-tf1-series-films-disparaissent-des-bouquets-ce-30-avril\/"]}]},{"@type":"ImageObject","inLanguage":"fr-FR","@id":"https:\/\/lamarina.bj\/index.php\/2026\/04\/30\/canal-benin-sept-chaines-du-groupe-tf1-lci-tmc-tf1-series-films-disparaissent-des-bouquets-ce-30-avril\/#primaryimage","url":"https:\/\/lamarina.bj\/wp-content\/uploads\/2026\/04\/1777529087890.jpg","contentUrl":"https:\/\/lamarina.bj\/wp-content\/uploads\/2026\/04\/1777529087890.jpg","width":1024,"height":1024},{"@type":"BreadcrumbList","@id":"https:\/\/lamarina.bj\/index.php\/2026\/04\/30\/canal-benin-sept-chaines-du-groupe-tf1-lci-tmc-tf1-series-films-disparaissent-des-bouquets-ce-30-avril\/#breadcrumb","itemListElement":[{"@type":"ListItem","position":1,"name":"Accueil","item":"https:\/\/darkslategrey-quetzal-980263.hostingersite.com\/"},{"@type":"ListItem","position":2,"name":"Canal+ B\u00e9nin : sept cha\u00eenes du groupe TF1 (LCI, TMC, TF1 S\u00e9ries Films\u2026) disparaissent des bouquets ce 30 avril"}]},{"@type":"WebSite","@id":"https:\/\/lamarina.bj\/#website","url":"https:\/\/lamarina.bj\/","name":"LA MARINA BJ","description":"Votre portail vers l&#039;information strat\u00e9gique au B\u00e9nin, en Afrique et au-del\u00e0","potentialAction":[{"@type":"SearchAction","target":{"@type":"EntryPoint","urlTemplate":"https:\/\/lamarina.bj\/?s={search_term_string}"},"query-input":{"@type":"PropertyValueSpecification","valueRequired":true,"valueName":"search_term_string"}}],"inLanguage":"fr-FR"},{"@type":"Person","@id":"https:\/\/lamarina.bj\/#\/schema\/person\/9dd6b44b1713cb125b25e070f3df8f9a","name":"La Marina BJ - Team Business &amp; \u00c9conomie &amp; Finances","image":{"@type":"ImageObject","inLanguage":"fr-FR","@id":"https:\/\/secure.gravatar.com\/avatar\/007be62133093bb48d247a392503beff272bc6a9503872d32895035e0e72b4f7?s=96&d=mm&r=g","url":"https:\/\/secure.gravatar.com\/avatar\/007be62133093bb48d247a392503beff272bc6a9503872d32895035e0e72b4f7?s=96&d=mm&r=g","contentUrl":"https:\/\/secure.gravatar.com\/avatar\/007be62133093bb48d247a392503beff272bc6a9503872d32895035e0e72b4f7?s=96&d=mm&r=g","caption":"La Marina BJ - Team Business &amp; \u00c9conomie &amp; Finances"},"description":"La Team \u00c9conomie &amp; Finances de La Marina BJ d\u00e9crypte les dynamiques \u00e9conomiques qui fa\u00e7onnent le B\u00e9nin, l\u2019Afrique et le monde. Compos\u00e9e de journalistes \u00e9conomiques, d\u2019analystes sectoriels et de veilleurs sp\u00e9cialis\u00e9s, elle s\u2019attache \u00e0 rendre lisibles les m\u00e9canismes financiers, les politiques budg\u00e9taires, les r\u00e9formes fiscales et les grandes orientations macro\u00e9conomiques. Son ambition : \u00e9clairer les choix, anticiper les tendances et outiller les d\u00e9cideurs \u2014 publics comme priv\u00e9s \u2014 dans un environnement \u00e9conomique en constante mutation.","url":"https:\/\/lamarina.bj\/index.php\/author\/ernestine\/"}]}},"_links":{"self":[{"href":"https:\/\/lamarina.bj\/index.php\/wp-json\/wp\/v2\/posts\/14892","targetHints":{"allow":["GET"]}}],"collection":[{"href":"https:\/\/lamarina.bj\/index.php\/wp-json\/wp\/v2\/posts"}],"about":[{"href":"https:\/\/lamarina.bj\/index.php\/wp-json\/wp\/v2\/types\/post"}],"author":[{"embeddable":true,"href":"https:\/\/lamarina.bj\/index.php\/wp-json\/wp\/v2\/users\/8"}],"replies":[{"embeddable":true,"href":"https:\/\/lamarina.bj\/index.php\/wp-json\/wp\/v2\/comments?post=14892"}],"version-history":[{"count":1,"href":"https:\/\/lamarina.bj\/index.php\/wp-json\/wp\/v2\/posts\/14892\/revisions"}],"predecessor-version":[{"id":14894,"href":"https:\/\/lamarina.bj\/index.php\/wp-json\/wp\/v2\/posts\/14892\/revisions\/14894"}],"wp:featuredmedia":[{"embeddable":true,"href":"https:\/\/lamarina.bj\/index.php\/wp-json\/wp\/v2\/media\/14893"}],"wp:attachment":[{"href":"https:\/\/lamarina.bj\/index.php\/wp-json\/wp\/v2\/media?parent=14892"}],"wp:term":[{"taxonomy":"category","embeddable":true,"href":"https:\/\/lamarina.bj\/index.php\/wp-json\/wp\/v2\/categories?post=14892"},{"taxonomy":"post_tag","embeddable":true,"href":"https:\/\/lamarina.bj\/index.php\/wp-json\/wp\/v2\/tags?post=14892"}],"curies":[{"name":"wp","href":"https:\/\/api.w.org\/{rel}","templated":true}]}}