{"id":14903,"date":"2026-04-30T16:41:10","date_gmt":"2026-04-30T15:41:10","guid":{"rendered":"https:\/\/lamarina.bj\/?p=14903"},"modified":"2026-04-30T16:41:11","modified_gmt":"2026-04-30T15:41:11","slug":"liberte-de-la-presse-le-benin-en-chute-libre-au-classement-rsf-2026","status":"publish","type":"post","link":"https:\/\/lamarina.bj\/index.php\/2026\/04\/30\/liberte-de-la-presse-le-benin-en-chute-libre-au-classement-rsf-2026\/","title":{"rendered":"Libert\u00e9 de la presse : Le B\u00e9nin en chute libre au classement RSF 2026"},"content":{"rendered":"\n<p><mark style=\"background-color:rgba(0, 0, 0, 0)\" class=\"has-inline-color has-red-color\"><strong>M\u00e9dias, La Marina BJ<\/strong><\/mark> \u2014 <strong><em>L&rsquo;organisation Reporters Sans Fronti\u00e8res (RSF) a publi\u00e9 ce 30 avril son classement annuel mondial, o\u00f9 le B\u00e9nin figure d\u00e9sormais \u00e0 la 113e place avec un score de 47,39, en recul de vingt et une positions par rapport \u00e0 l&rsquo;\u00e9dition 2025 o\u00f9 le pays occupait le 92e rang avec un score de 54,60. Dans un contexte international marqu\u00e9 par une d\u00e9gradation g\u00e9n\u00e9ralis\u00e9e de la libert\u00e9 de la presse, RSF signalant cette ann\u00e9e le niveau mondial le plus bas depuis un quart de si\u00e8cle, ce r\u00e9sultat traduit une d\u00e9t\u00e9rioration mesurable de l&rsquo;environnement m\u00e9diatique b\u00e9ninois, au-del\u00e0 de la seule tendance globale.<\/em><\/strong><\/p>\n\n\n\n<p>L&rsquo;\u00e9valuation d\u00e9taill\u00e9e montre une quasi-stagnation de l&rsquo;indicateur politique, qui se maintient \u00e0 la 109e place mondiale avec un score de 39,81, contre 108e et 40,69 en 2025. Pour le reste, les donn\u00e9es r\u00e9v\u00e8lent une d\u00e9gradation plus marqu\u00e9e : l&rsquo;indicateur s\u00e9curitaire recule \u00e0 la 123e place, contre 97e l&rsquo;an dernier, soit la chute la plus significative de l&rsquo;\u00e9dition ; le cadre l\u00e9gal se situe \u00e0 la 114e place, contre 108e en 2025. Les volets \u00e9conomique et social compl\u00e8tent ce diagnostic avec respectivement les 126e et 84e rangs, contre 121e et 70e l&rsquo;ann\u00e9e pr\u00e9c\u00e9dente, illustrant l&rsquo;\u00e9tendue du recul constat\u00e9 sur l&rsquo;ensemble des variables du barom\u00e8tre mondial.<\/p>\n","protected":false},"excerpt":{"rendered":"M\u00e9dias, La Marina BJ \u2014 L&rsquo;organisation Reporters Sans Fronti\u00e8res (RSF) a publi\u00e9 ce 30 avril son classement annuel&hellip;\n","protected":false},"author":7,"featured_media":10411,"comment_status":"open","ping_status":"open","sticky":false,"template":"elementor_theme","format":"standard","meta":{"csco_singular_sidebar":"","csco_page_header_type":"standard","csco_appearance_masonry":"","csco_page_load_nextpost":"","csco_post_video_location":[],"csco_post_video_location_hash":"","csco_post_video_url":"","csco_post_video_bg_start_time":0,"csco_post_video_bg_end_time":0,"footnotes":""},"categories":[1457],"tags":[41,2168],"class_list":{"0":"post-14903","1":"post","2":"type-post","3":"status-publish","4":"format-standard","5":"has-post-thumbnail","7":"category-en-bref","8":"tag-benin","9":"tag-liberte-de-presse","10":"cs-entry","11":"cs-video-wrap"},"yoast_head":"<!-- This site is optimized with the Yoast SEO plugin v27.4 - https:\/\/yoast.com\/product\/yoast-seo-wordpress\/ -->\n<title>Libert\u00e9 de la presse : Le B\u00e9nin en chute libre au classement RSF 2026 - LA MARINA BJ<\/title>\n<meta name=\"description\" content=\"Dans un contexte international marqu\u00e9 par une d\u00e9gradation g\u00e9n\u00e9ralis\u00e9e de la libert\u00e9 de la presse, RSF signalant cette ann\u00e9e le niveau mondial le plus bas depuis un quart de si\u00e8cle, ce r\u00e9sultat traduit une d\u00e9t\u00e9rioration mesurable de l&#039;environnement m\u00e9diatique b\u00e9ninois, au-del\u00e0 de la seule tendance globale.\" \/>\n<meta name=\"robots\" content=\"index, follow, max-snippet:-1, max-image-preview:large, max-video-preview:-1\" \/>\n<link rel=\"canonical\" href=\"https:\/\/lamarina.bj\/index.php\/2026\/04\/30\/liberte-de-la-presse-le-benin-en-chute-libre-au-classement-rsf-2026\/\" \/>\n<meta property=\"og:locale\" content=\"fr_FR\" \/>\n<meta property=\"og:type\" content=\"article\" \/>\n<meta property=\"og:title\" content=\"Libert\u00e9 de la presse : Le B\u00e9nin en chute libre au classement RSF 2026 - LA MARINA BJ\" \/>\n<meta property=\"og:description\" content=\"Dans un contexte international marqu\u00e9 par une d\u00e9gradation g\u00e9n\u00e9ralis\u00e9e de la libert\u00e9 de la presse, RSF signalant cette ann\u00e9e le niveau mondial le plus bas depuis un quart de si\u00e8cle, ce r\u00e9sultat traduit une d\u00e9t\u00e9rioration mesurable de l&#039;environnement m\u00e9diatique b\u00e9ninois, au-del\u00e0 de la seule tendance globale.\" \/>\n<meta property=\"og:url\" content=\"https:\/\/lamarina.bj\/index.php\/2026\/04\/30\/liberte-de-la-presse-le-benin-en-chute-libre-au-classement-rsf-2026\/\" \/>\n<meta property=\"og:site_name\" content=\"LA MARINA BJ\" \/>\n<meta property=\"article:published_time\" content=\"2026-04-30T15:41:10+00:00\" \/>\n<meta property=\"article:modified_time\" content=\"2026-04-30T15:41:11+00:00\" \/>\n<meta property=\"og:image\" content=\"https:\/\/lamarina.bj\/wp-content\/uploads\/2025\/02\/SAVE_20250228_120514.jpg\" \/>\n\t<meta property=\"og:image:width\" content=\"2376\" \/>\n\t<meta property=\"og:image:height\" content=\"1247\" \/>\n\t<meta property=\"og:image:type\" content=\"image\/jpeg\" \/>\n<meta name=\"author\" content=\"La Marina Bj\" \/>\n<meta name=\"twitter:card\" content=\"summary_large_image\" \/>\n<meta name=\"twitter:label1\" content=\"\u00c9crit par\" \/>\n\t<meta name=\"twitter:data1\" content=\"La Marina Bj\" \/>\n\t<meta name=\"twitter:label2\" content=\"Dur\u00e9e de lecture estim\u00e9e\" \/>\n\t<meta name=\"twitter:data2\" content=\"2 minutes\" \/>\n<script type=\"application\/ld+json\" class=\"yoast-schema-graph\">{\"@context\":\"https:\\\/\\\/schema.org\",\"@graph\":[{\"@type\":\"NewsArticle\",\"@id\":\"https:\\\/\\\/lamarina.bj\\\/index.php\\\/2026\\\/04\\\/30\\\/liberte-de-la-presse-le-benin-en-chute-libre-au-classement-rsf-2026\\\/#article\",\"isPartOf\":{\"@id\":\"https:\\\/\\\/lamarina.bj\\\/index.php\\\/2026\\\/04\\\/30\\\/liberte-de-la-presse-le-benin-en-chute-libre-au-classement-rsf-2026\\\/\"},\"author\":{\"name\":\"La Marina Bj\",\"@id\":\"https:\\\/\\\/lamarina.bj\\\/#\\\/schema\\\/person\\\/aacfa21f9b2b53872c106c72803ca3fe\"},\"headline\":\"Libert\u00e9 de la presse : Le B\u00e9nin en chute libre au classement RSF 2026\",\"datePublished\":\"2026-04-30T15:41:10+00:00\",\"dateModified\":\"2026-04-30T15:41:11+00:00\",\"mainEntityOfPage\":{\"@id\":\"https:\\\/\\\/lamarina.bj\\\/index.php\\\/2026\\\/04\\\/30\\\/liberte-de-la-presse-le-benin-en-chute-libre-au-classement-rsf-2026\\\/\"},\"wordCount\":244,\"commentCount\":0,\"image\":{\"@id\":\"https:\\\/\\\/lamarina.bj\\\/index.php\\\/2026\\\/04\\\/30\\\/liberte-de-la-presse-le-benin-en-chute-libre-au-classement-rsf-2026\\\/#primaryimage\"},\"thumbnailUrl\":\"https:\\\/\\\/lamarina.bj\\\/wp-content\\\/uploads\\\/2025\\\/02\\\/SAVE_20250228_120514.jpg\",\"keywords\":[\"B\u00e9nin\",\"Libert\u00e9 de Presse\"],\"articleSection\":[\"EN BREF\"],\"inLanguage\":\"fr-FR\",\"potentialAction\":[{\"@type\":\"CommentAction\",\"name\":\"Comment\",\"target\":[\"https:\\\/\\\/lamarina.bj\\\/index.php\\\/2026\\\/04\\\/30\\\/liberte-de-la-presse-le-benin-en-chute-libre-au-classement-rsf-2026\\\/#respond\"]}]},{\"@type\":[\"WebPage\",\"SearchResultsPage\"],\"@id\":\"https:\\\/\\\/lamarina.bj\\\/index.php\\\/2026\\\/04\\\/30\\\/liberte-de-la-presse-le-benin-en-chute-libre-au-classement-rsf-2026\\\/\",\"url\":\"https:\\\/\\\/lamarina.bj\\\/index.php\\\/2026\\\/04\\\/30\\\/liberte-de-la-presse-le-benin-en-chute-libre-au-classement-rsf-2026\\\/\",\"name\":\"Libert\u00e9 de la presse : Le B\u00e9nin en chute libre au classement RSF 2026 - LA MARINA BJ\",\"isPartOf\":{\"@id\":\"https:\\\/\\\/lamarina.bj\\\/#website\"},\"primaryImageOfPage\":{\"@id\":\"https:\\\/\\\/lamarina.bj\\\/index.php\\\/2026\\\/04\\\/30\\\/liberte-de-la-presse-le-benin-en-chute-libre-au-classement-rsf-2026\\\/#primaryimage\"},\"image\":{\"@id\":\"https:\\\/\\\/lamarina.bj\\\/index.php\\\/2026\\\/04\\\/30\\\/liberte-de-la-presse-le-benin-en-chute-libre-au-classement-rsf-2026\\\/#primaryimage\"},\"thumbnailUrl\":\"https:\\\/\\\/lamarina.bj\\\/wp-content\\\/uploads\\\/2025\\\/02\\\/SAVE_20250228_120514.jpg\",\"datePublished\":\"2026-04-30T15:41:10+00:00\",\"dateModified\":\"2026-04-30T15:41:11+00:00\",\"author\":{\"@id\":\"https:\\\/\\\/lamarina.bj\\\/#\\\/schema\\\/person\\\/aacfa21f9b2b53872c106c72803ca3fe\"},\"description\":\"Dans un contexte international marqu\u00e9 par une d\u00e9gradation g\u00e9n\u00e9ralis\u00e9e de la libert\u00e9 de la presse, RSF signalant cette ann\u00e9e le niveau mondial le plus bas depuis un quart de si\u00e8cle, ce r\u00e9sultat traduit une d\u00e9t\u00e9rioration mesurable de l'environnement m\u00e9diatique b\u00e9ninois, au-del\u00e0 de la seule tendance globale.\",\"breadcrumb\":{\"@id\":\"https:\\\/\\\/lamarina.bj\\\/index.php\\\/2026\\\/04\\\/30\\\/liberte-de-la-presse-le-benin-en-chute-libre-au-classement-rsf-2026\\\/#breadcrumb\"},\"inLanguage\":\"fr-FR\",\"potentialAction\":[{\"@type\":\"ReadAction\",\"target\":[\"https:\\\/\\\/lamarina.bj\\\/index.php\\\/2026\\\/04\\\/30\\\/liberte-de-la-presse-le-benin-en-chute-libre-au-classement-rsf-2026\\\/\"]}]},{\"@type\":\"ImageObject\",\"inLanguage\":\"fr-FR\",\"@id\":\"https:\\\/\\\/lamarina.bj\\\/index.php\\\/2026\\\/04\\\/30\\\/liberte-de-la-presse-le-benin-en-chute-libre-au-classement-rsf-2026\\\/#primaryimage\",\"url\":\"https:\\\/\\\/lamarina.bj\\\/wp-content\\\/uploads\\\/2025\\\/02\\\/SAVE_20250228_120514.jpg\",\"contentUrl\":\"https:\\\/\\\/lamarina.bj\\\/wp-content\\\/uploads\\\/2025\\\/02\\\/SAVE_20250228_120514.jpg\",\"width\":2376,\"height\":1247},{\"@type\":\"BreadcrumbList\",\"@id\":\"https:\\\/\\\/lamarina.bj\\\/index.php\\\/2026\\\/04\\\/30\\\/liberte-de-la-presse-le-benin-en-chute-libre-au-classement-rsf-2026\\\/#breadcrumb\",\"itemListElement\":[{\"@type\":\"ListItem\",\"position\":1,\"name\":\"Accueil\",\"item\":\"https:\\\/\\\/darkslategrey-quetzal-980263.hostingersite.com\\\/\"},{\"@type\":\"ListItem\",\"position\":2,\"name\":\"Libert\u00e9 de la presse : Le B\u00e9nin en chute libre au classement RSF 2026\"}]},{\"@type\":\"WebSite\",\"@id\":\"https:\\\/\\\/lamarina.bj\\\/#website\",\"url\":\"https:\\\/\\\/lamarina.bj\\\/\",\"name\":\"LA MARINA BJ\",\"description\":\"Votre portail vers l&#039;information strat\u00e9gique au B\u00e9nin, en Afrique et au-del\u00e0\",\"potentialAction\":[{\"@type\":\"SearchAction\",\"target\":{\"@type\":\"EntryPoint\",\"urlTemplate\":\"https:\\\/\\\/lamarina.bj\\\/?s={search_term_string}\"},\"query-input\":{\"@type\":\"PropertyValueSpecification\",\"valueRequired\":true,\"valueName\":\"search_term_string\"}}],\"inLanguage\":\"fr-FR\"},{\"@type\":\"Person\",\"@id\":\"https:\\\/\\\/lamarina.bj\\\/#\\\/schema\\\/person\\\/aacfa21f9b2b53872c106c72803ca3fe\",\"name\":\"La Marina Bj\",\"image\":{\"@type\":\"ImageObject\",\"inLanguage\":\"fr-FR\",\"@id\":\"https:\\\/\\\/secure.gravatar.com\\\/avatar\\\/6ef884b7fb1dab6e8672f19e68299568fe069dc761d88506e39bee8464c70e4a?s=96&d=mm&r=g\",\"url\":\"https:\\\/\\\/secure.gravatar.com\\\/avatar\\\/6ef884b7fb1dab6e8672f19e68299568fe069dc761d88506e39bee8464c70e4a?s=96&d=mm&r=g\",\"contentUrl\":\"https:\\\/\\\/secure.gravatar.com\\\/avatar\\\/6ef884b7fb1dab6e8672f19e68299568fe069dc761d88506e39bee8464c70e4a?s=96&d=mm&r=g\",\"caption\":\"La Marina Bj\"},\"url\":\"https:\\\/\\\/lamarina.bj\\\/index.php\\\/author\\\/la-marina-bj\\\/\"}]}<\/script>\n<!-- \/ Yoast SEO plugin. -->","yoast_head_json":{"title":"Libert\u00e9 de la presse : Le B\u00e9nin en chute libre au classement RSF 2026 - LA MARINA BJ","description":"Dans un contexte international marqu\u00e9 par une d\u00e9gradation g\u00e9n\u00e9ralis\u00e9e de la libert\u00e9 de la presse, RSF signalant cette ann\u00e9e le niveau mondial le plus bas depuis un quart de si\u00e8cle, ce r\u00e9sultat traduit une d\u00e9t\u00e9rioration mesurable de l'environnement m\u00e9diatique b\u00e9ninois, au-del\u00e0 de la seule tendance globale.","robots":{"index":"index","follow":"follow","max-snippet":"max-snippet:-1","max-image-preview":"max-image-preview:large","max-video-preview":"max-video-preview:-1"},"canonical":"https:\/\/lamarina.bj\/index.php\/2026\/04\/30\/liberte-de-la-presse-le-benin-en-chute-libre-au-classement-rsf-2026\/","og_locale":"fr_FR","og_type":"article","og_title":"Libert\u00e9 de la presse : Le B\u00e9nin en chute libre au classement RSF 2026 - LA MARINA BJ","og_description":"Dans un contexte international marqu\u00e9 par une d\u00e9gradation g\u00e9n\u00e9ralis\u00e9e de la libert\u00e9 de la presse, RSF signalant cette ann\u00e9e le niveau mondial le plus bas depuis un quart de si\u00e8cle, ce r\u00e9sultat traduit une d\u00e9t\u00e9rioration mesurable de l'environnement m\u00e9diatique b\u00e9ninois, au-del\u00e0 de la seule tendance globale.","og_url":"https:\/\/lamarina.bj\/index.php\/2026\/04\/30\/liberte-de-la-presse-le-benin-en-chute-libre-au-classement-rsf-2026\/","og_site_name":"LA MARINA BJ","article_published_time":"2026-04-30T15:41:10+00:00","article_modified_time":"2026-04-30T15:41:11+00:00","og_image":[{"width":2376,"height":1247,"url":"https:\/\/lamarina.bj\/wp-content\/uploads\/2025\/02\/SAVE_20250228_120514.jpg","type":"image\/jpeg"}],"author":"La Marina Bj","twitter_card":"summary_large_image","twitter_misc":{"\u00c9crit par":"La Marina Bj","Dur\u00e9e de lecture estim\u00e9e":"2 minutes"},"schema":{"@context":"https:\/\/schema.org","@graph":[{"@type":"NewsArticle","@id":"https:\/\/lamarina.bj\/index.php\/2026\/04\/30\/liberte-de-la-presse-le-benin-en-chute-libre-au-classement-rsf-2026\/#article","isPartOf":{"@id":"https:\/\/lamarina.bj\/index.php\/2026\/04\/30\/liberte-de-la-presse-le-benin-en-chute-libre-au-classement-rsf-2026\/"},"author":{"name":"La Marina Bj","@id":"https:\/\/lamarina.bj\/#\/schema\/person\/aacfa21f9b2b53872c106c72803ca3fe"},"headline":"Libert\u00e9 de la presse : Le B\u00e9nin en chute libre au classement RSF 2026","datePublished":"2026-04-30T15:41:10+00:00","dateModified":"2026-04-30T15:41:11+00:00","mainEntityOfPage":{"@id":"https:\/\/lamarina.bj\/index.php\/2026\/04\/30\/liberte-de-la-presse-le-benin-en-chute-libre-au-classement-rsf-2026\/"},"wordCount":244,"commentCount":0,"image":{"@id":"https:\/\/lamarina.bj\/index.php\/2026\/04\/30\/liberte-de-la-presse-le-benin-en-chute-libre-au-classement-rsf-2026\/#primaryimage"},"thumbnailUrl":"https:\/\/lamarina.bj\/wp-content\/uploads\/2025\/02\/SAVE_20250228_120514.jpg","keywords":["B\u00e9nin","Libert\u00e9 de Presse"],"articleSection":["EN BREF"],"inLanguage":"fr-FR","potentialAction":[{"@type":"CommentAction","name":"Comment","target":["https:\/\/lamarina.bj\/index.php\/2026\/04\/30\/liberte-de-la-presse-le-benin-en-chute-libre-au-classement-rsf-2026\/#respond"]}]},{"@type":["WebPage","SearchResultsPage"],"@id":"https:\/\/lamarina.bj\/index.php\/2026\/04\/30\/liberte-de-la-presse-le-benin-en-chute-libre-au-classement-rsf-2026\/","url":"https:\/\/lamarina.bj\/index.php\/2026\/04\/30\/liberte-de-la-presse-le-benin-en-chute-libre-au-classement-rsf-2026\/","name":"Libert\u00e9 de la presse : Le B\u00e9nin en chute libre au classement RSF 2026 - LA MARINA BJ","isPartOf":{"@id":"https:\/\/lamarina.bj\/#website"},"primaryImageOfPage":{"@id":"https:\/\/lamarina.bj\/index.php\/2026\/04\/30\/liberte-de-la-presse-le-benin-en-chute-libre-au-classement-rsf-2026\/#primaryimage"},"image":{"@id":"https:\/\/lamarina.bj\/index.php\/2026\/04\/30\/liberte-de-la-presse-le-benin-en-chute-libre-au-classement-rsf-2026\/#primaryimage"},"thumbnailUrl":"https:\/\/lamarina.bj\/wp-content\/uploads\/2025\/02\/SAVE_20250228_120514.jpg","datePublished":"2026-04-30T15:41:10+00:00","dateModified":"2026-04-30T15:41:11+00:00","author":{"@id":"https:\/\/lamarina.bj\/#\/schema\/person\/aacfa21f9b2b53872c106c72803ca3fe"},"description":"Dans un contexte international marqu\u00e9 par une d\u00e9gradation g\u00e9n\u00e9ralis\u00e9e de la libert\u00e9 de la presse, RSF signalant cette ann\u00e9e le niveau mondial le plus bas depuis un quart de si\u00e8cle, ce r\u00e9sultat traduit une d\u00e9t\u00e9rioration mesurable de l'environnement m\u00e9diatique b\u00e9ninois, au-del\u00e0 de la seule tendance globale.","breadcrumb":{"@id":"https:\/\/lamarina.bj\/index.php\/2026\/04\/30\/liberte-de-la-presse-le-benin-en-chute-libre-au-classement-rsf-2026\/#breadcrumb"},"inLanguage":"fr-FR","potentialAction":[{"@type":"ReadAction","target":["https:\/\/lamarina.bj\/index.php\/2026\/04\/30\/liberte-de-la-presse-le-benin-en-chute-libre-au-classement-rsf-2026\/"]}]},{"@type":"ImageObject","inLanguage":"fr-FR","@id":"https:\/\/lamarina.bj\/index.php\/2026\/04\/30\/liberte-de-la-presse-le-benin-en-chute-libre-au-classement-rsf-2026\/#primaryimage","url":"https:\/\/lamarina.bj\/wp-content\/uploads\/2025\/02\/SAVE_20250228_120514.jpg","contentUrl":"https:\/\/lamarina.bj\/wp-content\/uploads\/2025\/02\/SAVE_20250228_120514.jpg","width":2376,"height":1247},{"@type":"BreadcrumbList","@id":"https:\/\/lamarina.bj\/index.php\/2026\/04\/30\/liberte-de-la-presse-le-benin-en-chute-libre-au-classement-rsf-2026\/#breadcrumb","itemListElement":[{"@type":"ListItem","position":1,"name":"Accueil","item":"https:\/\/darkslategrey-quetzal-980263.hostingersite.com\/"},{"@type":"ListItem","position":2,"name":"Libert\u00e9 de la presse : Le B\u00e9nin en chute libre au classement RSF 2026"}]},{"@type":"WebSite","@id":"https:\/\/lamarina.bj\/#website","url":"https:\/\/lamarina.bj\/","name":"LA MARINA BJ","description":"Votre portail vers l&#039;information strat\u00e9gique au B\u00e9nin, en Afrique et au-del\u00e0","potentialAction":[{"@type":"SearchAction","target":{"@type":"EntryPoint","urlTemplate":"https:\/\/lamarina.bj\/?s={search_term_string}"},"query-input":{"@type":"PropertyValueSpecification","valueRequired":true,"valueName":"search_term_string"}}],"inLanguage":"fr-FR"},{"@type":"Person","@id":"https:\/\/lamarina.bj\/#\/schema\/person\/aacfa21f9b2b53872c106c72803ca3fe","name":"La Marina Bj","image":{"@type":"ImageObject","inLanguage":"fr-FR","@id":"https:\/\/secure.gravatar.com\/avatar\/6ef884b7fb1dab6e8672f19e68299568fe069dc761d88506e39bee8464c70e4a?s=96&d=mm&r=g","url":"https:\/\/secure.gravatar.com\/avatar\/6ef884b7fb1dab6e8672f19e68299568fe069dc761d88506e39bee8464c70e4a?s=96&d=mm&r=g","contentUrl":"https:\/\/secure.gravatar.com\/avatar\/6ef884b7fb1dab6e8672f19e68299568fe069dc761d88506e39bee8464c70e4a?s=96&d=mm&r=g","caption":"La Marina Bj"},"url":"https:\/\/lamarina.bj\/index.php\/author\/la-marina-bj\/"}]}},"_links":{"self":[{"href":"https:\/\/lamarina.bj\/index.php\/wp-json\/wp\/v2\/posts\/14903","targetHints":{"allow":["GET"]}}],"collection":[{"href":"https:\/\/lamarina.bj\/index.php\/wp-json\/wp\/v2\/posts"}],"about":[{"href":"https:\/\/lamarina.bj\/index.php\/wp-json\/wp\/v2\/types\/post"}],"author":[{"embeddable":true,"href":"https:\/\/lamarina.bj\/index.php\/wp-json\/wp\/v2\/users\/7"}],"replies":[{"embeddable":true,"href":"https:\/\/lamarina.bj\/index.php\/wp-json\/wp\/v2\/comments?post=14903"}],"version-history":[{"count":1,"href":"https:\/\/lamarina.bj\/index.php\/wp-json\/wp\/v2\/posts\/14903\/revisions"}],"predecessor-version":[{"id":14904,"href":"https:\/\/lamarina.bj\/index.php\/wp-json\/wp\/v2\/posts\/14903\/revisions\/14904"}],"wp:featuredmedia":[{"embeddable":true,"href":"https:\/\/lamarina.bj\/index.php\/wp-json\/wp\/v2\/media\/10411"}],"wp:attachment":[{"href":"https:\/\/lamarina.bj\/index.php\/wp-json\/wp\/v2\/media?parent=14903"}],"wp:term":[{"taxonomy":"category","embeddable":true,"href":"https:\/\/lamarina.bj\/index.php\/wp-json\/wp\/v2\/categories?post=14903"},{"taxonomy":"post_tag","embeddable":true,"href":"https:\/\/lamarina.bj\/index.php\/wp-json\/wp\/v2\/tags?post=14903"}],"curies":[{"name":"wp","href":"https:\/\/api.w.org\/{rel}","templated":true}]}}