{"id":14918,"date":"2026-05-01T16:42:58","date_gmt":"2026-05-01T15:42:58","guid":{"rendered":"https:\/\/lamarina.bj\/?p=14918"},"modified":"2026-05-01T16:44:47","modified_gmt":"2026-05-01T15:44:47","slug":"cooperation-transfrontaliere-labcf-fait-sa-mue-a-savalou-pour-le-quinquennat-2026-2031","status":"publish","type":"post","link":"https:\/\/lamarina.bj\/index.php\/2026\/05\/01\/cooperation-transfrontaliere-labcf-fait-sa-mue-a-savalou-pour-le-quinquennat-2026-2031\/","title":{"rendered":"Coop\u00e9ration transfrontali\u00e8re : L&rsquo;ABCF fait sa mue \u00e0 Savalou pour le quinquennat 2026-2031"},"content":{"rendered":"\n<p><mark style=\"background-color:rgba(0, 0, 0, 0)\" class=\"has-inline-color has-red-color\"><strong>Gouvernance locale &amp; S\u00e9curit\u00e9<\/strong><\/mark> \u2014 <strong><em>C\u2019est dans la s\u00e9r\u00e9nit\u00e9 de Savalou, loin des soubresauts s\u00e9curitaires de l\u2019extr\u00eame-nord, que l\u2019Association B\u00e9ninoise des Communes Frontali\u00e8res (ABCF) a tenu son troisi\u00e8me congr\u00e8s ordinaire le 28 avril 2026. Ce rendez-vous statutaire a abouti au renouvellement des instances dirigeantes pour la mandature 2026-2031, marquant le d\u00e9but d&rsquo;un cycle d\u00e9cisif pour la stabilit\u00e9 du territoire.<\/em><\/strong><\/p>\n\n\n\n<p>La nouvelle \u00e9quipe dirigeante issue de ce congr\u00e8s dessine une v\u00e9ritable carte strat\u00e9gique du B\u00e9nin. \u00c0 sa t\u00eate, Igouma Dourhaman, maire de Karimama, succ\u00e8de aux pr\u00e9c\u00e9dentes mandatures dans un choix hautement symbolique. Confier les r\u00eanes de l\u2019ABCF \u00e0 l\u2019\u00e9lu d\u2019une commune situ\u00e9e au c\u0153ur du corridor le plus sensible, frontalier du Niger et du Burkina Faso, confirme la volont\u00e9 continue de l&rsquo;association de parler depuis le front de la crise s\u00e9curitaire. L&rsquo;architecture du bureau assure par ailleurs une repr\u00e9sentativit\u00e9 rigoureuse des trois arcs frontaliers du pays. <\/p>\n\n\n\n<p>La pr\u00e9sidence est ainsi assur\u00e9e par le Nord avec Karimama, tandis que la vice-pr\u00e9sidence est exerc\u00e9e \u00e0 deux niveaux : M. Lafia Joseph Gounou Roland, maire de Nikki, commune du Borgou frontali\u00e8re du Nigeria, occupe le premier rang, tandis que M. Ayikpe Carlos Yao, maire de Grand-Popo sur la fronti\u00e8re togolaise et maritime, assure la deuxi\u00e8me vice-pr\u00e9sidence. Le secr\u00e9tariat g\u00e9n\u00e9ral \u00e9choit \u00e0 Challa Rafiou de Sav\u00e8, second\u00e9 par Aguemon Dossou Anselme d&rsquo;Ifangni. Enfin, la gestion des finances revient \u00e0 Wanvoegbe Germain d&rsquo;Adjarra, \u00e9lu Tr\u00e9sorier g\u00e9n\u00e9ral, avec Tassou Zakari Filikibirou de Bassila comme adjoint.<\/p>\n\n\n\n<h2 id=\"le-defi-de-lagenda-securitaire\" class=\"wp-block-heading\"><mark style=\"background-color:rgba(0, 0, 0, 0)\" class=\"has-inline-color has-red-color\">Le d\u00e9fi de l&rsquo;agenda s\u00e9curitaire<\/mark><\/h2>\n\n\n\n<p>Pour r\u00e9pondre aux d\u00e9fis de l&rsquo;heure, le bureau s&rsquo;est dot\u00e9 de p\u00f4les d&rsquo;expertise pointus organis\u00e9s autour de figures cl\u00e9s de la gouvernance locale. Katakenon Comlan Martin de la commune de Djidja prend en charge la coop\u00e9ration transfrontali\u00e8re tandis qu&rsquo;Ako Dodji Maturin de Dogbo assure la responsabilit\u00e9 des infrastructures et de la s\u00e9curit\u00e9. Le renforcement des capacit\u00e9s et la formation sont confi\u00e9s au maire de Cobly, Gnayati Boni Alphonse. Un portefeuille particuli\u00e8rement strat\u00e9gique, celui de la diplomatie pr\u00e9ventive et des relations avec la soci\u00e9t\u00e9 civile, a \u00e9t\u00e9 attribu\u00e9 \u00e0 la seule femme du bureau, Me Adegnika Titilola Ang\u00e9lique (Maire de Ketou). Son r\u00f4le sera crucial dans la lutte contre la radicalisation via le dialogue communautaire et la gestion des fragilit\u00e9s sociales en zone frontali\u00e8re.<\/p>\n\n\n\n<p>Le nouveau bureau h\u00e9rite d&rsquo;un contexte de paix arm\u00e9e marqu\u00e9 par la pression constante de groupes affili\u00e9s \u00e0 Al-Qa\u00efda et \u00e0 l&rsquo;\u00c9tat islamique depuis 2019. Dans cette configuration, l\u2019ABCF d\u00e9passe le simple cadre de la coop\u00e9ration intercommunale pour devenir un acteur de premier plan dans la d\u00e9tection des vuln\u00e9rabilit\u00e9s socio-\u00e9conomiques. Les communes constituent le premier rempart contre la menace car si l&rsquo;\u00c9tat central coordonne les op\u00e9rations, le maire frontalier reste l&rsquo;acteur de terrain capable de briser les cycles de recrutement des groupes arm\u00e9s. L&rsquo;accent mis sur la diplomatie pr\u00e9ventive locale souligne l&rsquo;urgence de g\u00e9rer les conflits agriculteurs-\u00e9leveurs et de renforcer la liaison avec les autorit\u00e9s coutumi\u00e8res pour pallier la porosit\u00e9 des fronti\u00e8res dans les pays du Golfe de Guin\u00e9e.<\/p>\n\n\n\n<p>Ce renouvellement intervient alors que le B\u00e9nin amorce un virage majeur dans sa politique de d\u00e9centralisation comme levier de s\u00e9curit\u00e9 nationale. Le pr\u00e9sident \u00e9lu Romuald Wadagni a plac\u00e9 la s\u00e9curit\u00e9 territoriale au c\u0153ur de son programme de septennat, notamment avec la cr\u00e9ation annonc\u00e9e de polices municipales compos\u00e9es de jeunes issus des localit\u00e9s concern\u00e9es. Avec un budget de d\u00e9fense en hausse constante et le d\u00e9ploiement du Programme de R\u00e9silience et de Pr\u00e9vention, le nouveau bureau de l\u2019ABCF devra naviguer avec agilit\u00e9. Son d\u00e9fi pour les cinq prochaines ann\u00e9es sera de r\u00e9ussir \u00e0 exister entre les pr\u00e9rogatives r\u00e9galiennes de l&rsquo;\u00c9tat et les besoins imm\u00e9diats des populations. La mandature 2026-2031 sera celle de la preuve afin de d\u00e9montrer que les maires ne sont pas de simples relais administratifs, mais les v\u00e9ritables artisans d&rsquo;une paix durable par le d\u00e9veloppement.<\/p>\n\n\n\n<p><\/p>\n","protected":false},"excerpt":{"rendered":"Gouvernance locale &amp; S\u00e9curit\u00e9 \u2014 C\u2019est dans la s\u00e9r\u00e9nit\u00e9 de Savalou, loin des soubresauts s\u00e9curitaires de l\u2019extr\u00eame-nord, que&hellip;\n","protected":false},"author":7,"featured_media":14919,"comment_status":"open","ping_status":"open","sticky":false,"template":"elementor_theme","format":"standard","meta":{"csco_singular_sidebar":"","csco_page_header_type":"standard","csco_appearance_masonry":"","csco_page_load_nextpost":"","csco_post_video_location":[],"csco_post_video_location_hash":"","csco_post_video_url":"","csco_post_video_bg_start_time":0,"csco_post_video_bg_end_time":0,"footnotes":""},"categories":[239],"tags":[2171,41,2170],"class_list":{"0":"post-14918","1":"post","2":"type-post","3":"status-publish","4":"format-standard","5":"has-post-thumbnail","7":"category-levenement-2","8":"tag-association-beninoise-des-communes-frontalieres","9":"tag-benin","10":"tag-cooperation-transfrontaliere","11":"cs-entry","12":"cs-video-wrap"},"yoast_head":"<!-- This site is optimized with the Yoast SEO plugin v27.4 - https:\/\/yoast.com\/product\/yoast-seo-wordpress\/ -->\n<title>Coop\u00e9ration transfrontali\u00e8re : L&#039;ABCF fait sa mue \u00e0 Savalou pour le quinquennat 2026-2031 - LA MARINA BJ<\/title>\n<meta name=\"description\" content=\"C\u2019est dans la s\u00e9r\u00e9nit\u00e9 de Savalou, loin des soubresauts s\u00e9curitaires de l\u2019extr\u00eame-nord, que l\u2019Association B\u00e9ninoise des Communes Frontali\u00e8res (ABCF) a tenu son troisi\u00e8me congr\u00e8s ordinaire le 28 avril 2026. Ce rendez-vous statutaire a abouti au renouvellement des instances dirigeantes pour la mandature 2026-2031, marquant le d\u00e9but d&#039;un cycle d\u00e9cisif pour la stabilit\u00e9 du territoire.\" \/>\n<meta name=\"robots\" content=\"index, follow, max-snippet:-1, max-image-preview:large, max-video-preview:-1\" \/>\n<link rel=\"canonical\" href=\"https:\/\/lamarina.bj\/index.php\/2026\/05\/01\/cooperation-transfrontaliere-labcf-fait-sa-mue-a-savalou-pour-le-quinquennat-2026-2031\/\" \/>\n<meta property=\"og:locale\" content=\"fr_FR\" \/>\n<meta property=\"og:type\" content=\"article\" \/>\n<meta property=\"og:title\" content=\"Coop\u00e9ration transfrontali\u00e8re : L&#039;ABCF fait sa mue \u00e0 Savalou pour le quinquennat 2026-2031 - LA MARINA BJ\" \/>\n<meta property=\"og:description\" content=\"C\u2019est dans la s\u00e9r\u00e9nit\u00e9 de Savalou, loin des soubresauts s\u00e9curitaires de l\u2019extr\u00eame-nord, que l\u2019Association B\u00e9ninoise des Communes Frontali\u00e8res (ABCF) a tenu son troisi\u00e8me congr\u00e8s ordinaire le 28 avril 2026. Ce rendez-vous statutaire a abouti au renouvellement des instances dirigeantes pour la mandature 2026-2031, marquant le d\u00e9but d&#039;un cycle d\u00e9cisif pour la stabilit\u00e9 du territoire.\" \/>\n<meta property=\"og:url\" content=\"https:\/\/lamarina.bj\/index.php\/2026\/05\/01\/cooperation-transfrontaliere-labcf-fait-sa-mue-a-savalou-pour-le-quinquennat-2026-2031\/\" \/>\n<meta property=\"og:site_name\" content=\"LA MARINA BJ\" \/>\n<meta property=\"article:published_time\" content=\"2026-05-01T15:42:58+00:00\" \/>\n<meta property=\"article:modified_time\" content=\"2026-05-01T15:44:47+00:00\" \/>\n<meta property=\"og:image\" content=\"https:\/\/lamarina.bj\/wp-content\/uploads\/2026\/05\/La-Marina-BJ-_20260501_162258_0000.jpg\" \/>\n\t<meta property=\"og:image:width\" content=\"1080\" \/>\n\t<meta property=\"og:image:height\" content=\"1080\" \/>\n\t<meta property=\"og:image:type\" content=\"image\/jpeg\" \/>\n<meta name=\"author\" content=\"La Marina Bj\" \/>\n<meta name=\"twitter:card\" content=\"summary_large_image\" \/>\n<meta name=\"twitter:label1\" content=\"\u00c9crit par\" \/>\n\t<meta name=\"twitter:data1\" content=\"La Marina Bj\" \/>\n\t<meta name=\"twitter:label2\" content=\"Dur\u00e9e de lecture estim\u00e9e\" \/>\n\t<meta name=\"twitter:data2\" content=\"4 minutes\" \/>\n<script type=\"application\/ld+json\" class=\"yoast-schema-graph\">{\"@context\":\"https:\\\/\\\/schema.org\",\"@graph\":[{\"@type\":\"NewsArticle\",\"@id\":\"https:\\\/\\\/lamarina.bj\\\/index.php\\\/2026\\\/05\\\/01\\\/cooperation-transfrontaliere-labcf-fait-sa-mue-a-savalou-pour-le-quinquennat-2026-2031\\\/#article\",\"isPartOf\":{\"@id\":\"https:\\\/\\\/lamarina.bj\\\/index.php\\\/2026\\\/05\\\/01\\\/cooperation-transfrontaliere-labcf-fait-sa-mue-a-savalou-pour-le-quinquennat-2026-2031\\\/\"},\"author\":{\"name\":\"La Marina Bj\",\"@id\":\"https:\\\/\\\/lamarina.bj\\\/#\\\/schema\\\/person\\\/aacfa21f9b2b53872c106c72803ca3fe\"},\"headline\":\"Coop\u00e9ration transfrontali\u00e8re : L&rsquo;ABCF fait sa mue \u00e0 Savalou pour le quinquennat 2026-2031\",\"datePublished\":\"2026-05-01T15:42:58+00:00\",\"dateModified\":\"2026-05-01T15:44:47+00:00\",\"mainEntityOfPage\":{\"@id\":\"https:\\\/\\\/lamarina.bj\\\/index.php\\\/2026\\\/05\\\/01\\\/cooperation-transfrontaliere-labcf-fait-sa-mue-a-savalou-pour-le-quinquennat-2026-2031\\\/\"},\"wordCount\":747,\"commentCount\":0,\"image\":{\"@id\":\"https:\\\/\\\/lamarina.bj\\\/index.php\\\/2026\\\/05\\\/01\\\/cooperation-transfrontaliere-labcf-fait-sa-mue-a-savalou-pour-le-quinquennat-2026-2031\\\/#primaryimage\"},\"thumbnailUrl\":\"https:\\\/\\\/lamarina.bj\\\/wp-content\\\/uploads\\\/2026\\\/05\\\/La-Marina-BJ-_20260501_162258_0000.jpg\",\"keywords\":[\"Association B\u00e9ninoise des Communes Frontali\u00e8res\",\"B\u00e9nin\",\"Coop\u00e9ration transfrontali\u00e8re\"],\"articleSection\":[\"L'\u00c9V\u00c9NEMENT\"],\"inLanguage\":\"fr-FR\",\"potentialAction\":[{\"@type\":\"CommentAction\",\"name\":\"Comment\",\"target\":[\"https:\\\/\\\/lamarina.bj\\\/index.php\\\/2026\\\/05\\\/01\\\/cooperation-transfrontaliere-labcf-fait-sa-mue-a-savalou-pour-le-quinquennat-2026-2031\\\/#respond\"]}]},{\"@type\":[\"WebPage\",\"SearchResultsPage\"],\"@id\":\"https:\\\/\\\/lamarina.bj\\\/index.php\\\/2026\\\/05\\\/01\\\/cooperation-transfrontaliere-labcf-fait-sa-mue-a-savalou-pour-le-quinquennat-2026-2031\\\/\",\"url\":\"https:\\\/\\\/lamarina.bj\\\/index.php\\\/2026\\\/05\\\/01\\\/cooperation-transfrontaliere-labcf-fait-sa-mue-a-savalou-pour-le-quinquennat-2026-2031\\\/\",\"name\":\"Coop\u00e9ration transfrontali\u00e8re : L'ABCF fait sa mue \u00e0 Savalou pour le quinquennat 2026-2031 - LA MARINA BJ\",\"isPartOf\":{\"@id\":\"https:\\\/\\\/lamarina.bj\\\/#website\"},\"primaryImageOfPage\":{\"@id\":\"https:\\\/\\\/lamarina.bj\\\/index.php\\\/2026\\\/05\\\/01\\\/cooperation-transfrontaliere-labcf-fait-sa-mue-a-savalou-pour-le-quinquennat-2026-2031\\\/#primaryimage\"},\"image\":{\"@id\":\"https:\\\/\\\/lamarina.bj\\\/index.php\\\/2026\\\/05\\\/01\\\/cooperation-transfrontaliere-labcf-fait-sa-mue-a-savalou-pour-le-quinquennat-2026-2031\\\/#primaryimage\"},\"thumbnailUrl\":\"https:\\\/\\\/lamarina.bj\\\/wp-content\\\/uploads\\\/2026\\\/05\\\/La-Marina-BJ-_20260501_162258_0000.jpg\",\"datePublished\":\"2026-05-01T15:42:58+00:00\",\"dateModified\":\"2026-05-01T15:44:47+00:00\",\"author\":{\"@id\":\"https:\\\/\\\/lamarina.bj\\\/#\\\/schema\\\/person\\\/aacfa21f9b2b53872c106c72803ca3fe\"},\"description\":\"C\u2019est dans la s\u00e9r\u00e9nit\u00e9 de Savalou, loin des soubresauts s\u00e9curitaires de l\u2019extr\u00eame-nord, que l\u2019Association B\u00e9ninoise des Communes Frontali\u00e8res (ABCF) a tenu son troisi\u00e8me congr\u00e8s ordinaire le 28 avril 2026. Ce rendez-vous statutaire a abouti au renouvellement des instances dirigeantes pour la mandature 2026-2031, marquant le d\u00e9but d'un cycle d\u00e9cisif pour la stabilit\u00e9 du territoire.\",\"breadcrumb\":{\"@id\":\"https:\\\/\\\/lamarina.bj\\\/index.php\\\/2026\\\/05\\\/01\\\/cooperation-transfrontaliere-labcf-fait-sa-mue-a-savalou-pour-le-quinquennat-2026-2031\\\/#breadcrumb\"},\"inLanguage\":\"fr-FR\",\"potentialAction\":[{\"@type\":\"ReadAction\",\"target\":[\"https:\\\/\\\/lamarina.bj\\\/index.php\\\/2026\\\/05\\\/01\\\/cooperation-transfrontaliere-labcf-fait-sa-mue-a-savalou-pour-le-quinquennat-2026-2031\\\/\"]}]},{\"@type\":\"ImageObject\",\"inLanguage\":\"fr-FR\",\"@id\":\"https:\\\/\\\/lamarina.bj\\\/index.php\\\/2026\\\/05\\\/01\\\/cooperation-transfrontaliere-labcf-fait-sa-mue-a-savalou-pour-le-quinquennat-2026-2031\\\/#primaryimage\",\"url\":\"https:\\\/\\\/lamarina.bj\\\/wp-content\\\/uploads\\\/2026\\\/05\\\/La-Marina-BJ-_20260501_162258_0000.jpg\",\"contentUrl\":\"https:\\\/\\\/lamarina.bj\\\/wp-content\\\/uploads\\\/2026\\\/05\\\/La-Marina-BJ-_20260501_162258_0000.jpg\",\"width\":1080,\"height\":1080},{\"@type\":\"BreadcrumbList\",\"@id\":\"https:\\\/\\\/lamarina.bj\\\/index.php\\\/2026\\\/05\\\/01\\\/cooperation-transfrontaliere-labcf-fait-sa-mue-a-savalou-pour-le-quinquennat-2026-2031\\\/#breadcrumb\",\"itemListElement\":[{\"@type\":\"ListItem\",\"position\":1,\"name\":\"Accueil\",\"item\":\"https:\\\/\\\/darkslategrey-quetzal-980263.hostingersite.com\\\/\"},{\"@type\":\"ListItem\",\"position\":2,\"name\":\"Coop\u00e9ration transfrontali\u00e8re : L&rsquo;ABCF fait sa mue \u00e0 Savalou pour le quinquennat 2026-2031\"}]},{\"@type\":\"WebSite\",\"@id\":\"https:\\\/\\\/lamarina.bj\\\/#website\",\"url\":\"https:\\\/\\\/lamarina.bj\\\/\",\"name\":\"LA MARINA BJ\",\"description\":\"Votre portail vers l&#039;information strat\u00e9gique au B\u00e9nin, en Afrique et au-del\u00e0\",\"potentialAction\":[{\"@type\":\"SearchAction\",\"target\":{\"@type\":\"EntryPoint\",\"urlTemplate\":\"https:\\\/\\\/lamarina.bj\\\/?s={search_term_string}\"},\"query-input\":{\"@type\":\"PropertyValueSpecification\",\"valueRequired\":true,\"valueName\":\"search_term_string\"}}],\"inLanguage\":\"fr-FR\"},{\"@type\":\"Person\",\"@id\":\"https:\\\/\\\/lamarina.bj\\\/#\\\/schema\\\/person\\\/aacfa21f9b2b53872c106c72803ca3fe\",\"name\":\"La Marina Bj\",\"image\":{\"@type\":\"ImageObject\",\"inLanguage\":\"fr-FR\",\"@id\":\"https:\\\/\\\/secure.gravatar.com\\\/avatar\\\/6ef884b7fb1dab6e8672f19e68299568fe069dc761d88506e39bee8464c70e4a?s=96&d=mm&r=g\",\"url\":\"https:\\\/\\\/secure.gravatar.com\\\/avatar\\\/6ef884b7fb1dab6e8672f19e68299568fe069dc761d88506e39bee8464c70e4a?s=96&d=mm&r=g\",\"contentUrl\":\"https:\\\/\\\/secure.gravatar.com\\\/avatar\\\/6ef884b7fb1dab6e8672f19e68299568fe069dc761d88506e39bee8464c70e4a?s=96&d=mm&r=g\",\"caption\":\"La Marina Bj\"},\"url\":\"https:\\\/\\\/lamarina.bj\\\/index.php\\\/author\\\/la-marina-bj\\\/\"}]}<\/script>\n<!-- \/ Yoast SEO plugin. -->","yoast_head_json":{"title":"Coop\u00e9ration transfrontali\u00e8re : L'ABCF fait sa mue \u00e0 Savalou pour le quinquennat 2026-2031 - LA MARINA BJ","description":"C\u2019est dans la s\u00e9r\u00e9nit\u00e9 de Savalou, loin des soubresauts s\u00e9curitaires de l\u2019extr\u00eame-nord, que l\u2019Association B\u00e9ninoise des Communes Frontali\u00e8res (ABCF) a tenu son troisi\u00e8me congr\u00e8s ordinaire le 28 avril 2026. Ce rendez-vous statutaire a abouti au renouvellement des instances dirigeantes pour la mandature 2026-2031, marquant le d\u00e9but d'un cycle d\u00e9cisif pour la stabilit\u00e9 du territoire.","robots":{"index":"index","follow":"follow","max-snippet":"max-snippet:-1","max-image-preview":"max-image-preview:large","max-video-preview":"max-video-preview:-1"},"canonical":"https:\/\/lamarina.bj\/index.php\/2026\/05\/01\/cooperation-transfrontaliere-labcf-fait-sa-mue-a-savalou-pour-le-quinquennat-2026-2031\/","og_locale":"fr_FR","og_type":"article","og_title":"Coop\u00e9ration transfrontali\u00e8re : L'ABCF fait sa mue \u00e0 Savalou pour le quinquennat 2026-2031 - LA MARINA BJ","og_description":"C\u2019est dans la s\u00e9r\u00e9nit\u00e9 de Savalou, loin des soubresauts s\u00e9curitaires de l\u2019extr\u00eame-nord, que l\u2019Association B\u00e9ninoise des Communes Frontali\u00e8res (ABCF) a tenu son troisi\u00e8me congr\u00e8s ordinaire le 28 avril 2026. Ce rendez-vous statutaire a abouti au renouvellement des instances dirigeantes pour la mandature 2026-2031, marquant le d\u00e9but d'un cycle d\u00e9cisif pour la stabilit\u00e9 du territoire.","og_url":"https:\/\/lamarina.bj\/index.php\/2026\/05\/01\/cooperation-transfrontaliere-labcf-fait-sa-mue-a-savalou-pour-le-quinquennat-2026-2031\/","og_site_name":"LA MARINA BJ","article_published_time":"2026-05-01T15:42:58+00:00","article_modified_time":"2026-05-01T15:44:47+00:00","og_image":[{"width":1080,"height":1080,"url":"https:\/\/lamarina.bj\/wp-content\/uploads\/2026\/05\/La-Marina-BJ-_20260501_162258_0000.jpg","type":"image\/jpeg"}],"author":"La Marina Bj","twitter_card":"summary_large_image","twitter_misc":{"\u00c9crit par":"La Marina Bj","Dur\u00e9e de lecture estim\u00e9e":"4 minutes"},"schema":{"@context":"https:\/\/schema.org","@graph":[{"@type":"NewsArticle","@id":"https:\/\/lamarina.bj\/index.php\/2026\/05\/01\/cooperation-transfrontaliere-labcf-fait-sa-mue-a-savalou-pour-le-quinquennat-2026-2031\/#article","isPartOf":{"@id":"https:\/\/lamarina.bj\/index.php\/2026\/05\/01\/cooperation-transfrontaliere-labcf-fait-sa-mue-a-savalou-pour-le-quinquennat-2026-2031\/"},"author":{"name":"La Marina Bj","@id":"https:\/\/lamarina.bj\/#\/schema\/person\/aacfa21f9b2b53872c106c72803ca3fe"},"headline":"Coop\u00e9ration transfrontali\u00e8re : L&rsquo;ABCF fait sa mue \u00e0 Savalou pour le quinquennat 2026-2031","datePublished":"2026-05-01T15:42:58+00:00","dateModified":"2026-05-01T15:44:47+00:00","mainEntityOfPage":{"@id":"https:\/\/lamarina.bj\/index.php\/2026\/05\/01\/cooperation-transfrontaliere-labcf-fait-sa-mue-a-savalou-pour-le-quinquennat-2026-2031\/"},"wordCount":747,"commentCount":0,"image":{"@id":"https:\/\/lamarina.bj\/index.php\/2026\/05\/01\/cooperation-transfrontaliere-labcf-fait-sa-mue-a-savalou-pour-le-quinquennat-2026-2031\/#primaryimage"},"thumbnailUrl":"https:\/\/lamarina.bj\/wp-content\/uploads\/2026\/05\/La-Marina-BJ-_20260501_162258_0000.jpg","keywords":["Association B\u00e9ninoise des Communes Frontali\u00e8res","B\u00e9nin","Coop\u00e9ration transfrontali\u00e8re"],"articleSection":["L'\u00c9V\u00c9NEMENT"],"inLanguage":"fr-FR","potentialAction":[{"@type":"CommentAction","name":"Comment","target":["https:\/\/lamarina.bj\/index.php\/2026\/05\/01\/cooperation-transfrontaliere-labcf-fait-sa-mue-a-savalou-pour-le-quinquennat-2026-2031\/#respond"]}]},{"@type":["WebPage","SearchResultsPage"],"@id":"https:\/\/lamarina.bj\/index.php\/2026\/05\/01\/cooperation-transfrontaliere-labcf-fait-sa-mue-a-savalou-pour-le-quinquennat-2026-2031\/","url":"https:\/\/lamarina.bj\/index.php\/2026\/05\/01\/cooperation-transfrontaliere-labcf-fait-sa-mue-a-savalou-pour-le-quinquennat-2026-2031\/","name":"Coop\u00e9ration transfrontali\u00e8re : L'ABCF fait sa mue \u00e0 Savalou pour le quinquennat 2026-2031 - LA MARINA BJ","isPartOf":{"@id":"https:\/\/lamarina.bj\/#website"},"primaryImageOfPage":{"@id":"https:\/\/lamarina.bj\/index.php\/2026\/05\/01\/cooperation-transfrontaliere-labcf-fait-sa-mue-a-savalou-pour-le-quinquennat-2026-2031\/#primaryimage"},"image":{"@id":"https:\/\/lamarina.bj\/index.php\/2026\/05\/01\/cooperation-transfrontaliere-labcf-fait-sa-mue-a-savalou-pour-le-quinquennat-2026-2031\/#primaryimage"},"thumbnailUrl":"https:\/\/lamarina.bj\/wp-content\/uploads\/2026\/05\/La-Marina-BJ-_20260501_162258_0000.jpg","datePublished":"2026-05-01T15:42:58+00:00","dateModified":"2026-05-01T15:44:47+00:00","author":{"@id":"https:\/\/lamarina.bj\/#\/schema\/person\/aacfa21f9b2b53872c106c72803ca3fe"},"description":"C\u2019est dans la s\u00e9r\u00e9nit\u00e9 de Savalou, loin des soubresauts s\u00e9curitaires de l\u2019extr\u00eame-nord, que l\u2019Association B\u00e9ninoise des Communes Frontali\u00e8res (ABCF) a tenu son troisi\u00e8me congr\u00e8s ordinaire le 28 avril 2026. Ce rendez-vous statutaire a abouti au renouvellement des instances dirigeantes pour la mandature 2026-2031, marquant le d\u00e9but d'un cycle d\u00e9cisif pour la stabilit\u00e9 du territoire.","breadcrumb":{"@id":"https:\/\/lamarina.bj\/index.php\/2026\/05\/01\/cooperation-transfrontaliere-labcf-fait-sa-mue-a-savalou-pour-le-quinquennat-2026-2031\/#breadcrumb"},"inLanguage":"fr-FR","potentialAction":[{"@type":"ReadAction","target":["https:\/\/lamarina.bj\/index.php\/2026\/05\/01\/cooperation-transfrontaliere-labcf-fait-sa-mue-a-savalou-pour-le-quinquennat-2026-2031\/"]}]},{"@type":"ImageObject","inLanguage":"fr-FR","@id":"https:\/\/lamarina.bj\/index.php\/2026\/05\/01\/cooperation-transfrontaliere-labcf-fait-sa-mue-a-savalou-pour-le-quinquennat-2026-2031\/#primaryimage","url":"https:\/\/lamarina.bj\/wp-content\/uploads\/2026\/05\/La-Marina-BJ-_20260501_162258_0000.jpg","contentUrl":"https:\/\/lamarina.bj\/wp-content\/uploads\/2026\/05\/La-Marina-BJ-_20260501_162258_0000.jpg","width":1080,"height":1080},{"@type":"BreadcrumbList","@id":"https:\/\/lamarina.bj\/index.php\/2026\/05\/01\/cooperation-transfrontaliere-labcf-fait-sa-mue-a-savalou-pour-le-quinquennat-2026-2031\/#breadcrumb","itemListElement":[{"@type":"ListItem","position":1,"name":"Accueil","item":"https:\/\/darkslategrey-quetzal-980263.hostingersite.com\/"},{"@type":"ListItem","position":2,"name":"Coop\u00e9ration transfrontali\u00e8re : L&rsquo;ABCF fait sa mue \u00e0 Savalou pour le quinquennat 2026-2031"}]},{"@type":"WebSite","@id":"https:\/\/lamarina.bj\/#website","url":"https:\/\/lamarina.bj\/","name":"LA MARINA BJ","description":"Votre portail vers l&#039;information strat\u00e9gique au B\u00e9nin, en Afrique et au-del\u00e0","potentialAction":[{"@type":"SearchAction","target":{"@type":"EntryPoint","urlTemplate":"https:\/\/lamarina.bj\/?s={search_term_string}"},"query-input":{"@type":"PropertyValueSpecification","valueRequired":true,"valueName":"search_term_string"}}],"inLanguage":"fr-FR"},{"@type":"Person","@id":"https:\/\/lamarina.bj\/#\/schema\/person\/aacfa21f9b2b53872c106c72803ca3fe","name":"La Marina Bj","image":{"@type":"ImageObject","inLanguage":"fr-FR","@id":"https:\/\/secure.gravatar.com\/avatar\/6ef884b7fb1dab6e8672f19e68299568fe069dc761d88506e39bee8464c70e4a?s=96&d=mm&r=g","url":"https:\/\/secure.gravatar.com\/avatar\/6ef884b7fb1dab6e8672f19e68299568fe069dc761d88506e39bee8464c70e4a?s=96&d=mm&r=g","contentUrl":"https:\/\/secure.gravatar.com\/avatar\/6ef884b7fb1dab6e8672f19e68299568fe069dc761d88506e39bee8464c70e4a?s=96&d=mm&r=g","caption":"La Marina Bj"},"url":"https:\/\/lamarina.bj\/index.php\/author\/la-marina-bj\/"}]}},"_links":{"self":[{"href":"https:\/\/lamarina.bj\/index.php\/wp-json\/wp\/v2\/posts\/14918","targetHints":{"allow":["GET"]}}],"collection":[{"href":"https:\/\/lamarina.bj\/index.php\/wp-json\/wp\/v2\/posts"}],"about":[{"href":"https:\/\/lamarina.bj\/index.php\/wp-json\/wp\/v2\/types\/post"}],"author":[{"embeddable":true,"href":"https:\/\/lamarina.bj\/index.php\/wp-json\/wp\/v2\/users\/7"}],"replies":[{"embeddable":true,"href":"https:\/\/lamarina.bj\/index.php\/wp-json\/wp\/v2\/comments?post=14918"}],"version-history":[{"count":2,"href":"https:\/\/lamarina.bj\/index.php\/wp-json\/wp\/v2\/posts\/14918\/revisions"}],"predecessor-version":[{"id":14921,"href":"https:\/\/lamarina.bj\/index.php\/wp-json\/wp\/v2\/posts\/14918\/revisions\/14921"}],"wp:featuredmedia":[{"embeddable":true,"href":"https:\/\/lamarina.bj\/index.php\/wp-json\/wp\/v2\/media\/14919"}],"wp:attachment":[{"href":"https:\/\/lamarina.bj\/index.php\/wp-json\/wp\/v2\/media?parent=14918"}],"wp:term":[{"taxonomy":"category","embeddable":true,"href":"https:\/\/lamarina.bj\/index.php\/wp-json\/wp\/v2\/categories?post=14918"},{"taxonomy":"post_tag","embeddable":true,"href":"https:\/\/lamarina.bj\/index.php\/wp-json\/wp\/v2\/tags?post=14918"}],"curies":[{"name":"wp","href":"https:\/\/api.w.org\/{rel}","templated":true}]}}